{"id":1701,"date":"2012-11-16T22:00:08","date_gmt":"2012-11-16T21:00:08","guid":{"rendered":"http:\/\/www.portaldelolleria.es\/?p=1701"},"modified":"2012-11-19T13:36:28","modified_gmt":"2012-11-19T12:36:28","slug":"mon-doc-vuelve-de-nuevo-el-cine-documental-a-montaverner","status":"publish","type":"post","link":"http:\/\/www.portaldelolleria.es\/?p=1701","title":{"rendered":"MON.DOC  vuelve de nuevo el cine documental a Montaverner"},"content":{"rendered":"<p><a href=\"http:\/\/www.portaldelolleria.es\/wp-content\/uploads\/2012\/11\/logo.jpg\"><img loading=\"lazy\" class=\"aligncenter size-full wp-image-1705\" title=\"logo\" src=\"http:\/\/www.portaldelolleria.es\/wp-content\/uploads\/2012\/11\/logo.jpg\" alt=\"\" width=\"598\" height=\"298\" srcset=\"http:\/\/www.portaldelolleria.es\/wp-content\/uploads\/2012\/11\/logo.jpg 598w, http:\/\/www.portaldelolleria.es\/wp-content\/uploads\/2012\/11\/logo-300x149.jpg 300w\" sizes=\"(max-width: 598px) 100vw, 598px\" \/><\/a><\/p>\n<p>&nbsp;<\/p>\n<p>El Ayuntamiento de Montaverner retoma un proyecto cultural \u00fanico en nuestras comarcas.<\/p>\n<p>El pr\u00f3ximo viernes 23 de noviembre se inaugurar\u00e1 la 4 \u00aa edici\u00f3n de MON-DOC, la Muestra de Cine Documental de Montaverner, que vuelve tras un par\u00e9ntesis de un a\u00f1o. El Ayuntamiento de esta localidad ha retomado la organizaci\u00f3n de este evento cultural y lo ha adaptado a las posibilidades actuales de las arcas municipales.<\/p>\n<p>Con el recorte de ayudas y la delicada situaci\u00f3n econ\u00f3mica de los ayuntamientos, tambi\u00e9n el presupuesto de la Muestra se ha visto reducido considerablemente y por lo tanto han tenido que programar menos sesiones y actividades que en a\u00f1os anteriores, pero el Ayuntamiento ha querido demostrar su apuesta por la cultura manteniendo una Muestra ya establecida y consolidarla como eje vertebrador de la cultura local. Con MON-DOC tambi\u00e9n se trata de dinamizar el sector tur\u00edstico y hostelero local, llevando hasta Montaverner a gente de las comarcas vecinas que durante el fin de semana, y atra\u00eddos por las proyecciones de documentales, visitan el pueblo.<\/p>\n<p>La Muestra estar\u00e1 formada por cinco proyecciones, cuatro de ellas durante el fin de semana y una sesi\u00f3n escolar para los alumnos del CEIP Dr. Esplugues de Montaverner el lunes 26. Adem\u00e1s, se ha programado una actividad con los alumnos del Proyecto Tr\u00e9bol de la Mancomunidad de Municipios de la Vall d&#8217;Albaida, organismo que junto con el IVAC y el SARC de la Diputaci\u00f3n de Valencia, colaboran en la organizaci\u00f3n de MON-DOC.<\/p>\n<p>La programaci\u00f3n consta de un cortometraje, Memorias de un cine de provincias, ganador del Goya al Mejor Cortometraje Documental en el a\u00f1o 2011 y de dos pel\u00edculas, Mar\u00eda y yo y Morente, que tambi\u00e9n fueron nominadas a los premios Goya del a\u00f1o 2011 en la categor\u00eda de Mejor Documental. Tambi\u00e9n se proyectar\u00e1 Estaci\u00f3n de peaje, el testimonio de dos alicantinos supervivientes del campo de concentraci\u00f3n de Mauthausen. Este \u00faltimo documental ser\u00e1 presentado en la Muestra por sus directores, Luis Garc\u00eda y Vicente Pascual. Para la sesi\u00f3n escolar se proyectar\u00e1 el documental sobre deporte inclusivo hecho por la Fundaci\u00f3n Sanitas Como uno m\u00e1s.<\/p>\n<p>Este a\u00f1o se har\u00e1 entrega del Premio del P\u00fablico 2010 a \u00d3skar Tejedor por su documental Cuidadores, estrenado en la Muestra el a\u00f1o 2010. Ser\u00e1 durante la gala inaugural del viernes 23. Adem\u00e1s, el p\u00fablico asistente a las diferentes proyecciones podr\u00e1 valorar cada pel\u00edcula y elegir as\u00ed qu\u00e9 documental lleva el Premio del P\u00fablico 2012.<\/p>\n<p>&nbsp;<\/p>\n<p><a href=\"http:\/\/www.portaldelolleria.es\/wp-content\/uploads\/2012\/11\/mondoc.jpg\"><img loading=\"lazy\" class=\"aligncenter size-full wp-image-1703\" title=\"mondoc\" src=\"http:\/\/www.portaldelolleria.es\/wp-content\/uploads\/2012\/11\/mondoc.jpg\" alt=\"\" width=\"598\" height=\"862\" srcset=\"http:\/\/www.portaldelolleria.es\/wp-content\/uploads\/2012\/11\/mondoc.jpg 598w, http:\/\/www.portaldelolleria.es\/wp-content\/uploads\/2012\/11\/mondoc-208x300.jpg 208w\" sizes=\"(max-width: 598px) 100vw, 598px\" \/><\/a><a href=\"http:\/\/www.portaldelolleria.es\/wp-content\/uploads\/2012\/11\/programacion.jpg\"><img loading=\"lazy\" class=\"aligncenter size-full wp-image-1704\" title=\"programacion\" src=\"http:\/\/www.portaldelolleria.es\/wp-content\/uploads\/2012\/11\/programacion.jpg\" alt=\"\" width=\"598\" height=\"1035\" srcset=\"http:\/\/www.portaldelolleria.es\/wp-content\/uploads\/2012\/11\/programacion.jpg 598w, http:\/\/www.portaldelolleria.es\/wp-content\/uploads\/2012\/11\/programacion-173x300.jpg 173w, http:\/\/www.portaldelolleria.es\/wp-content\/uploads\/2012\/11\/programacion-591x1024.jpg 591w\" sizes=\"(max-width: 598px) 100vw, 598px\" \/><\/a><\/p>\n","protected":false},"excerpt":{"rendered":"<p>&nbsp; El Ayuntamiento de Montaverner retoma un proyecto cultural \u00fanico en nuestras comarcas. El pr\u00f3ximo viernes 23 de noviembre se inaugurar\u00e1 la 4 \u00aa edici\u00f3n de MON-DOC, la Muestra de Cine Documental de Montaverner, que vuelve tras un par\u00e9ntesis de un a\u00f1o. El Ayuntamiento de esta localidad ha retomado la organizaci\u00f3n de este evento cultural [&hellip;]<\/p>\n","protected":false},"author":2,"featured_media":0,"comment_status":"closed","ping_status":"open","sticky":false,"template":"","format":"standard","meta":{"_monsterinsights_skip_tracking":false,"_monsterinsights_sitenote_active":false,"_monsterinsights_sitenote_note":"","_monsterinsights_sitenote_category":0},"categories":[424,12],"tags":[428,297,426,425,427],"_links":{"self":[{"href":"http:\/\/www.portaldelolleria.es\/index.php?rest_route=\/wp\/v2\/posts\/1701"}],"collection":[{"href":"http:\/\/www.portaldelolleria.es\/index.php?rest_route=\/wp\/v2\/posts"}],"about":[{"href":"http:\/\/www.portaldelolleria.es\/index.php?rest_route=\/wp\/v2\/types\/post"}],"author":[{"embeddable":true,"href":"http:\/\/www.portaldelolleria.es\/index.php?rest_route=\/wp\/v2\/users\/2"}],"replies":[{"embeddable":true,"href":"http:\/\/www.portaldelolleria.es\/index.php?rest_route=%2Fwp%2Fv2%2Fcomments&post=1701"}],"version-history":[{"count":3,"href":"http:\/\/www.portaldelolleria.es\/index.php?rest_route=\/wp\/v2\/posts\/1701\/revisions"}],"predecessor-version":[{"id":1707,"href":"http:\/\/www.portaldelolleria.es\/index.php?rest_route=\/wp\/v2\/posts\/1701\/revisions\/1707"}],"wp:attachment":[{"href":"http:\/\/www.portaldelolleria.es\/index.php?rest_route=%2Fwp%2Fv2%2Fmedia&parent=1701"}],"wp:term":[{"taxonomy":"category","embeddable":true,"href":"http:\/\/www.portaldelolleria.es\/index.php?rest_route=%2Fwp%2Fv2%2Fcategories&post=1701"},{"taxonomy":"post_tag","embeddable":true,"href":"http:\/\/www.portaldelolleria.es\/index.php?rest_route=%2Fwp%2Fv2%2Ftags&post=1701"}],"curies":[{"name":"wp","href":"https:\/\/api.w.org\/{rel}","templated":true}]}}