{"id":17202,"date":"2017-05-15T09:23:39","date_gmt":"2017-05-15T07:23:39","guid":{"rendered":"http:\/\/www.portaldelolleria.es\/?p=17202"},"modified":"2017-05-15T09:25:53","modified_gmt":"2017-05-15T07:25:53","slug":"entrega-de-premios-ideat-upv-campus-d%e2%80%99alcoi-agora-emprenedors","status":"publish","type":"post","link":"http:\/\/www.portaldelolleria.es\/?p=17202","title":{"rendered":"Entrega de premios ideaT  UPV Campus d\u2019Alcoi-\u00c0gora Emprenedors"},"content":{"rendered":"<p style=\"text-align: justify;\"><a href=\"http:\/\/www.portaldelolleria.es\/wp-content\/uploads\/2017\/05\/upv_Ganadoras.jpg\"><img loading=\"lazy\" class=\"aligncenter size-full wp-image-17204\" title=\"upv_Ganadoras\" src=\"http:\/\/www.portaldelolleria.es\/wp-content\/uploads\/2017\/05\/upv_Ganadoras.jpg\" alt=\"\" width=\"598\" height=\"379\" srcset=\"http:\/\/www.portaldelolleria.es\/wp-content\/uploads\/2017\/05\/upv_Ganadoras.jpg 598w, http:\/\/www.portaldelolleria.es\/wp-content\/uploads\/2017\/05\/upv_Ganadoras-300x190.jpg 300w\" sizes=\"(max-width: 598px) 100vw, 598px\" \/><\/a><\/p>\n<p style=\"text-align: justify;\"><strong>Entregados los premios ideaT\u00a0 UPV Campus d\u2019Alcoi-\u00c0gora Emprenedors<\/strong><\/p>\n<ul style=\"text-align: justify;\">\n<li><strong>El proyecto COOKIE\u2019T presentado por: Andrea Rodriguez Herreros, Sara Cerd\u00e1 Richart, Irene Garcia Reyes Abad y A\u00edda Paya Torres, pertenecientes al Institut d\u2019Educaci\u00f3 Secund\u00e0ria Cotes Baixes, consiguen el primer Premio en la edici\u00f3n de este a\u00f1o.<\/strong><strong><\/strong><\/li>\n<li><strong>Se han presentado siete proyectos de tres centros educativos diferentes.<\/strong><strong><\/strong><\/li>\n<\/ul>\n<p style=\"text-align: justify;\"><strong>Carlos Guerrero, Secretario T\u00e9cnico y docente del M\u00e1ster en Direcci\u00f3n de Marketing Empresarial de la UPV, imparti\u00f3 la ponencia: \u201cEl vuelo de la mariposa en par\u00e1bola perfecta\u201d.<\/strong><\/p>\n<p style=\"text-align: justify;\">Esta ma\u00f1ana, ha tenido lugar en la Sal\u00f3n de Grados Roberto Garc\u00eda Paya, la entrega de los premios correspondientes a la cuarta edici\u00f3n de <strong>ideaT UPV Campus d\u2019Alcoi \u2013 \u00c0gora Emprenedors<\/strong>, edici\u00f3n que se engloba dentro de las actividades de la Semana de la Ciencia y que cuenta con el respaldo de la C\u00e1tedra Alcoy Ciudad del Conocimiento, el acto ha estado presidido por \u00a0<strong>Don Juan Ignacio Torregrosa L\u00f3pez<\/strong>, Director del Campus d\u2019Alcoi de la UPV,\u00a0 <strong>Don Pablo D\u00edaz Garc\u00eda<\/strong>, por <strong>Don Manuel Gomicia<\/strong>, Concejal de Empresa, Innovaci\u00f3n y Formaci\u00f3n del Excmo. Ayuntamiento de Alcoy y por <strong>Do\u00f1a Ana Mar\u00eda Garc\u00eda<\/strong>, Directora Acad\u00e9mica del Grado de Administraci\u00f3n y Direcci\u00f3n de Empresas del Campus d\u2019Alcoi de la UPV.<\/p>\n<p style=\"text-align: justify;\">Finamente a la edici\u00f3n de este a\u00f1o, se han presentado un total de siete proyectos, \u00a0representando al <strong>Centre Integrat P\u00fablic de Formaci\u00f3 Professional Batoi, el Institut d\u2019Educaci\u00f3 Secund\u00e0ria Cotes Baixes y el Colegio San Roque de Alcoy<\/strong><\/p>\n<p style=\"text-align: justify;\">Antes de visionar los trabajos presentados, Don Carlos Guerrero, Secretario T\u00e9cnico y Docente del M\u00e1ster en Direcci\u00f3n de Marketing y Comunicaci\u00f3n Empresarial de la Universitat Polit\u00e8cnica de Val\u00e8ncia. Consultor y formador especializado en el \u00e1rea del Branding. Blogger en <a href=\"http:\/\/www.guerrerocarlos.es\">www.guerrerocarlos.es<\/a>, disert\u00f3 en \u00a0su ponencia \u201cEl vuelo de la mariposa en par\u00e1bola perfecta\u201d hablando de mitos y leyendas sobre el emprendimiento, as\u00ed como algunas claves y consejos para afrontar de forma emprendedora el futuro profesional. Tener una actitud emprendedora es clave para el \u00e9xito de cualquier profesional que precie su futuro y no quiera acabar siendo sustituido por un software o un robot.<\/p>\n<p style=\"text-align: justify;\"><strong>Rese\u00f1a del concurso<\/strong><\/p>\n<p style=\"text-align: justify;\">El Campus d\u2019Alcoi de la Universitat Polit\u00e8cnica de Val\u00e8ncia y el Excmo. Ayuntamiento de Alcoy,\u00a0 convocaron para el presente curso acad\u00e9mico 2016-2017 el concurso \u201cideaT UPV Campus d\u00b4Alcoi &#8211; \u00c0gora Emprenedors\u201d alumnos de centros educativos que estudien Bachillerato de Ciencias Sociales o Ciclos Formativos de Grado Superior (CFGS)<\/p>\n<p style=\"text-align: justify;\">El concurso tiene por objeto incentivar entre los alumnos el desarrollo de competencias, habilidades, capacidades y aptitudes en materia de emprendimiento. Todos los centros docentes y por tanto, alumnos participantes, contar\u00e1n adem\u00e1s con el soporte t\u00e9cnico y uso del ESPACIO \u00c1GORA del Excmo. Ayuntamiento de Alcoy.<\/p>\n<p style=\"text-align: justify;\"><strong>Criterios de valoraci\u00f3n<\/strong><\/p>\n<p style=\"text-align: justify;\">Presentaci\u00f3n y estructura del proyecto explicativo de la idea de negocio, car\u00e1cter innovador, diferenciaci\u00f3n y originalidad, viabilidad del proyecto, perfil del equipo emprendedor\u00a0 y car\u00e1cter multidisciplinar del mismo y por \u00faltimo, dinamismo del v\u00eddeo de presentaci\u00f3n.<\/p>\n<p style=\"text-align: justify;\"><strong>Clasificaci\u00f3n final<\/strong><\/p>\n<p style=\"text-align: justify;\"><strong>Primer Premio<\/strong>: para el proyecto <strong>COOKIE\u2019T<\/strong> presentado por: <strong>Andrea Rodriguez Herreros, Sara Cerd\u00e1 Richart, Irene Garcia Reyes Abad y A\u00edda Paya Torres, <\/strong>pertenecientes al<strong> Institut d\u2019Educaci\u00f3 Secund\u00e0ria Cotes Baixes.<\/strong><\/p>\n<p style=\"text-align: justify;\"><strong>Segundo Premio<\/strong>: para el proyecto <strong>EL VINILO<\/strong> presentado por: <strong>Jos\u00e9 G\u00f3mez De Ca\u00f1ada y Mar\u00eda Beneyto Mar\u00ed, <\/strong>pertenecientes al<strong> Colegio San Roque de Alcoy.<\/strong><\/p>\n<p style=\"text-align: justify;\"><strong>\u00a0<a href=\"http:\/\/www.portaldelolleria.es\/wp-content\/uploads\/2017\/05\/upv_Foto-familia.jpg\"><img loading=\"lazy\" class=\"aligncenter size-full wp-image-17203\" title=\"upv_Foto familia\" src=\"http:\/\/www.portaldelolleria.es\/wp-content\/uploads\/2017\/05\/upv_Foto-familia.jpg\" alt=\"\" width=\"598\" height=\"243\" srcset=\"http:\/\/www.portaldelolleria.es\/wp-content\/uploads\/2017\/05\/upv_Foto-familia.jpg 598w, http:\/\/www.portaldelolleria.es\/wp-content\/uploads\/2017\/05\/upv_Foto-familia-300x121.jpg 300w\" sizes=\"(max-width: 598px) 100vw, 598px\" \/><\/a><\/strong><\/p>\n","protected":false},"excerpt":{"rendered":"<p>Entregados los premios ideaT\u00a0 UPV Campus d\u2019Alcoi-\u00c0gora Emprenedors El proyecto COOKIE\u2019T presentado por: Andrea Rodriguez Herreros, Sara Cerd\u00e1 Richart, Irene Garcia Reyes Abad y A\u00edda Paya Torres, pertenecientes al Institut d\u2019Educaci\u00f3 Secund\u00e0ria Cotes Baixes, consiguen el primer Premio en la edici\u00f3n de este a\u00f1o. Se han presentado siete proyectos de tres centros educativos diferentes. Carlos [&hellip;]<\/p>\n","protected":false},"author":1,"featured_media":0,"comment_status":"closed","ping_status":"open","sticky":false,"template":"","format":"standard","meta":{"_monsterinsights_skip_tracking":false,"_monsterinsights_sitenote_active":false,"_monsterinsights_sitenote_note":"","_monsterinsights_sitenote_category":0},"categories":[12,1058],"tags":[],"_links":{"self":[{"href":"http:\/\/www.portaldelolleria.es\/index.php?rest_route=\/wp\/v2\/posts\/17202"}],"collection":[{"href":"http:\/\/www.portaldelolleria.es\/index.php?rest_route=\/wp\/v2\/posts"}],"about":[{"href":"http:\/\/www.portaldelolleria.es\/index.php?rest_route=\/wp\/v2\/types\/post"}],"author":[{"embeddable":true,"href":"http:\/\/www.portaldelolleria.es\/index.php?rest_route=\/wp\/v2\/users\/1"}],"replies":[{"embeddable":true,"href":"http:\/\/www.portaldelolleria.es\/index.php?rest_route=%2Fwp%2Fv2%2Fcomments&post=17202"}],"version-history":[{"count":2,"href":"http:\/\/www.portaldelolleria.es\/index.php?rest_route=\/wp\/v2\/posts\/17202\/revisions"}],"predecessor-version":[{"id":17206,"href":"http:\/\/www.portaldelolleria.es\/index.php?rest_route=\/wp\/v2\/posts\/17202\/revisions\/17206"}],"wp:attachment":[{"href":"http:\/\/www.portaldelolleria.es\/index.php?rest_route=%2Fwp%2Fv2%2Fmedia&parent=17202"}],"wp:term":[{"taxonomy":"category","embeddable":true,"href":"http:\/\/www.portaldelolleria.es\/index.php?rest_route=%2Fwp%2Fv2%2Fcategories&post=17202"},{"taxonomy":"post_tag","embeddable":true,"href":"http:\/\/www.portaldelolleria.es\/index.php?rest_route=%2Fwp%2Fv2%2Ftags&post=17202"}],"curies":[{"name":"wp","href":"https:\/\/api.w.org\/{rel}","templated":true}]}}