{"id":1737,"date":"2012-11-21T17:30:33","date_gmt":"2012-11-21T16:30:33","guid":{"rendered":"http:\/\/www.portaldelolleria.es\/?p=1737"},"modified":"2012-11-21T17:30:33","modified_gmt":"2012-11-21T16:30:33","slug":"mon-%e2%80%a2-doc-confirma-los-primeros-invitados-a-la-muestra-2012","status":"publish","type":"post","link":"http:\/\/www.portaldelolleria.es\/?p=1737","title":{"rendered":"MON \u2022 DOC confirma los primeros invitados a la Muestra 2012"},"content":{"rendered":"<div id=\"attachment_1739\" style=\"width: 608px\" class=\"wp-caption aligncenter\"><a href=\"http:\/\/www.portaldelolleria.es\/wp-content\/uploads\/2012\/11\/magareto.jpg\"><img aria-describedby=\"caption-attachment-1739\" loading=\"lazy\" class=\"size-full wp-image-1739\" title=\"magareto\" src=\"http:\/\/www.portaldelolleria.es\/wp-content\/uploads\/2012\/11\/magareto.jpg\" alt=\"\" width=\"598\" height=\"398\" srcset=\"http:\/\/www.portaldelolleria.es\/wp-content\/uploads\/2012\/11\/magareto.jpg 598w, http:\/\/www.portaldelolleria.es\/wp-content\/uploads\/2012\/11\/magareto-300x199.jpg 300w\" sizes=\"(max-width: 598px) 100vw, 598px\" \/><\/a><p id=\"caption-attachment-1739\" class=\"wp-caption-text\">Ram\u00f3n Margareto, premio Goya 2011 al mejor Cortometraje Documental<\/p><\/div>\n<p>Montaverner 20 Noviembre<\/p>\n<h4>Los directores de \u00abMemorias de un cine de provincias\u00bb y \u00abEstaci\u00f3n de peaje\u00bb visitar\u00e1n Montaverner durante el fin de semana.<\/h4>\n<p>Tal como se anuncia en su p\u00e1gina web (http:\/\/montdoc.blogspot.com.es), la organizaci\u00f3n de MON \u2022 DOC ha confirmado la asistencia a la Muestra de <strong>Ram\u00f3n Margareto<\/strong>, director de \u00abMemorias de un cine de provincias \u00ab, y de <strong>Luis Garc\u00eda<\/strong> y<strong> Vicente Pascual<\/strong>, directores ambos de\u00bb Estaci\u00f3n de peaje \u00ab.<br \/>\nEl primero, ganador del Premio Goya en el a\u00f1o 2011 al Mejor Cortometraje Documental, presentar\u00e1 su trabajo el viernes 23 de noviembre, durante la gala de inauguraci\u00f3n de MON \u2022 DOC 2012. Por el contrario, Luis Garc\u00eda y Vicente Pascual, visitar\u00e1n Montaverner para presentar el documental que cierra la programaci\u00f3n del fin de semana; ser\u00e1 el domingo 25 a las 19.00 horas.<br \/>\nLa organizaci\u00f3n se muestra muy satisfecha de poder contar con la presencia de los directores de los documentales que se proyectan, ya que esto permite al p\u00fablico establecer un di\u00e1logo con los creadores de las obras que visionan y acercarse m\u00e1s a\u00fan al mundo de los documentales, cumpliendo as\u00ed el objetivo \u00faltimo de MON \u2022 DOC: acercar al m\u00e1ximo la cultura al p\u00fablico de Montaverner.<br \/>\nDesde la organizaci\u00f3n tambi\u00e9n informan que contin\u00faan trabajando para poder contar con m\u00e1s invitados para las proyecciones del s\u00e1bado 24 de noviembre, \u00abMar\u00eda y yo\u00bb y \u00abMorente\u00bb.<\/p>\n<p>&nbsp;<\/p>\n<p>&nbsp;<\/p>\n<p style=\"text-align: center;\"><a href=\" http:\/\/montdoc.blogspot.com.es\"><img loading=\"lazy\" class=\"aligncenter size-full wp-image-1738\" title=\"mondoc\" src=\"http:\/\/www.portaldelolleria.es\/wp-content\/uploads\/2012\/11\/mondoc1.jpg\" alt=\"\" width=\"598\" height=\"862\" srcset=\"http:\/\/www.portaldelolleria.es\/wp-content\/uploads\/2012\/11\/mondoc1.jpg 598w, http:\/\/www.portaldelolleria.es\/wp-content\/uploads\/2012\/11\/mondoc1-208x300.jpg 208w\" sizes=\"(max-width: 598px) 100vw, 598px\" \/><\/a>m\u00e1s informaci\u00f3n en <a href=\"http:\/\/montdoc.blogspot.com.es\" target=\"_blank\">http:\/\/montdoc.blogspot.com.es<\/a><\/p>\n","protected":false},"excerpt":{"rendered":"<p>Montaverner 20 Noviembre Los directores de \u00abMemorias de un cine de provincias\u00bb y \u00abEstaci\u00f3n de peaje\u00bb visitar\u00e1n Montaverner durante el fin de semana. Tal como se anuncia en su p\u00e1gina web (http:\/\/montdoc.blogspot.com.es), la organizaci\u00f3n de MON \u2022 DOC ha confirmado la asistencia a la Muestra de Ram\u00f3n Margareto, director de \u00abMemorias de un cine de [&hellip;]<\/p>\n","protected":false},"author":2,"featured_media":0,"comment_status":"closed","ping_status":"open","sticky":false,"template":"","format":"standard","meta":{"_monsterinsights_skip_tracking":false,"_monsterinsights_sitenote_active":false,"_monsterinsights_sitenote_note":"","_monsterinsights_sitenote_category":0},"categories":[424,12],"tags":[297,426,425,427,435],"_links":{"self":[{"href":"http:\/\/www.portaldelolleria.es\/index.php?rest_route=\/wp\/v2\/posts\/1737"}],"collection":[{"href":"http:\/\/www.portaldelolleria.es\/index.php?rest_route=\/wp\/v2\/posts"}],"about":[{"href":"http:\/\/www.portaldelolleria.es\/index.php?rest_route=\/wp\/v2\/types\/post"}],"author":[{"embeddable":true,"href":"http:\/\/www.portaldelolleria.es\/index.php?rest_route=\/wp\/v2\/users\/2"}],"replies":[{"embeddable":true,"href":"http:\/\/www.portaldelolleria.es\/index.php?rest_route=%2Fwp%2Fv2%2Fcomments&post=1737"}],"version-history":[{"count":1,"href":"http:\/\/www.portaldelolleria.es\/index.php?rest_route=\/wp\/v2\/posts\/1737\/revisions"}],"predecessor-version":[{"id":1740,"href":"http:\/\/www.portaldelolleria.es\/index.php?rest_route=\/wp\/v2\/posts\/1737\/revisions\/1740"}],"wp:attachment":[{"href":"http:\/\/www.portaldelolleria.es\/index.php?rest_route=%2Fwp%2Fv2%2Fmedia&parent=1737"}],"wp:term":[{"taxonomy":"category","embeddable":true,"href":"http:\/\/www.portaldelolleria.es\/index.php?rest_route=%2Fwp%2Fv2%2Fcategories&post=1737"},{"taxonomy":"post_tag","embeddable":true,"href":"http:\/\/www.portaldelolleria.es\/index.php?rest_route=%2Fwp%2Fv2%2Ftags&post=1737"}],"curies":[{"name":"wp","href":"https:\/\/api.w.org\/{rel}","templated":true}]}}