{"id":17453,"date":"2017-06-01T20:05:57","date_gmt":"2017-06-01T18:05:57","guid":{"rendered":"http:\/\/www.portaldelolleria.es\/?p=17453"},"modified":"2017-06-01T20:05:57","modified_gmt":"2017-06-01T18:05:57","slug":"concurso-fotografico-para-elegir-cartel-mon-doc-2017","status":"publish","type":"post","link":"http:\/\/www.portaldelolleria.es\/?p=17453","title":{"rendered":"Concurso Fotogr\u00e1fico para elegir cartel Mon-Doc 2017"},"content":{"rendered":"<p><a href=\"http:\/\/www.portaldelolleria.es\/wp-content\/uploads\/2017\/06\/mondoc2017.jpg\"><img loading=\"lazy\" class=\"aligncenter size-full wp-image-17454\" title=\"mondoc2017\" src=\"http:\/\/www.portaldelolleria.es\/wp-content\/uploads\/2017\/06\/mondoc2017.jpg\" alt=\"\" width=\"598\" height=\"398\" srcset=\"http:\/\/www.portaldelolleria.es\/wp-content\/uploads\/2017\/06\/mondoc2017.jpg 598w, http:\/\/www.portaldelolleria.es\/wp-content\/uploads\/2017\/06\/mondoc2017-300x199.jpg 300w\" sizes=\"(max-width: 598px) 100vw, 598px\" \/><\/a><\/p>\n<p style=\"text-align: justify;\">CONCURSO FOTOGR\u00c1FICO PARA ELEGIR EL CARTEL DE MON \u00b7 DOC 2017<\/p>\n<p>La Concejal\u00eda de Cultura del Ayuntamiento de Montaverner ha organizado un concurso de fotograf\u00eda,\u00a0 dotado con un premio de 200 \u20ac para elegir la imagen que ilustrar\u00e1 el cartel de la 9\u00aa edici\u00f3n de MON \u00b7 DOC, que este a\u00f1o se celebrar\u00e1 del 22 de septiembre al 1 de octubre.<\/p>\n<p>Los participantes podr\u00e1n enviar las fotograf\u00edas a concurso hasta el d\u00eda 25 de junio al correo electr\u00f3nico de la muestra <a href=\"mailto:mondoc@montaverner.com\">mondoc@montaverner.com<\/a>.<br \/>\n<a href=\"http:\/\/www.montaverner.es\/sites\/default\/files\/files\/docu_2017\/bases_mondoc_2017.pdf\" target=\"_blank\">Las bases de participaci\u00f3n<\/a> est\u00e1n disponibles tanto en la p\u00e1gina web de MON \u00b7 DOC como la del propio Ayuntamiento de Montaverner.<\/p>\n<p>Un nuevo paso adelante de MON \u00b7 DOC 2017, el cual cerr\u00f3 las inscripciones el pasado mes de mayo con m\u00e1s de 170 trabajos inscritos, entre largos y cortos, y ahora mismo se encuentra en pleno proceso de visionado y selecci\u00f3n de los documentales que finalmente se proyectar\u00e1n en cada una de las categor\u00edas, seg\u00fan informan desde la Concejal\u00eda de Cultura.<\/p>\n<p style=\"text-align: justify;\">_____________________________<\/p>\n<p style=\"text-align: justify;\" align=\"center\"><span style=\"color: #800000;\"><strong>ES CONVOCA UN CONCURS FOTOGR\u00c0FIC PER A TRIAR EL CARTELL DE MON\u00b7DOC 2017<\/strong><\/span><\/p>\n<p style=\"text-align: justify;\"><span style=\"color: #800000;\">La Regidoria de Cultura de l\u2019Ajuntament de Montaverner ha organitzat un concurs de fotografies dotat amb un premi de 200\u20ac per a triar la imatge que il\u00b7lustrar\u00e0 el cartell de la 9a edici\u00f3 de MON\u00b7DOC, que enguany es celebrar\u00e0 del 22 de setembre a l\u20191 d\u2019octubre.<\/span><\/p>\n<p style=\"text-align: justify;\"><span style=\"color: #800000;\">Els participants podran enviar les fotografies a concurs fins el dia 25 de juny al correu electr\u00f2nic de la mostra<\/span> <a href=\"mailto:mondoc@montaverner.com\">mondoc@montaverner.com<\/a>.<\/p>\n<p style=\"text-align: justify;\"><span style=\"color: #800000;\">Les bases de participaci\u00f3 estan disponibles tant a la p\u00e0gina web de MON\u00b7DOC com a la del propi Ajuntament de Montaverner.<\/span><\/p>\n<p style=\"text-align: justify;\"><span style=\"color: #800000;\">Un nou pas endavant de MON\u00b7DOC 2017, el qual va tancar les inscripcions el passat mes de maig amb m\u00e9s de 170 treballs inscrits, entre llargs i curts, i ara mateix es troba en ple proc\u00e9s de visionat i selecci\u00f3 dels documentals que finalment es projectaran en cadascuna de les categories, segons informen des de la Regidoria de Cultura.<\/span><\/p>\n","protected":false},"excerpt":{"rendered":"<p>CONCURSO FOTOGR\u00c1FICO PARA ELEGIR EL CARTEL DE MON \u00b7 DOC 2017 La Concejal\u00eda de Cultura del Ayuntamiento de Montaverner ha organizado un concurso de fotograf\u00eda,\u00a0 dotado con un premio de 200 \u20ac para elegir la imagen que ilustrar\u00e1 el cartel de la 9\u00aa edici\u00f3n de MON \u00b7 DOC, que este a\u00f1o se celebrar\u00e1 del 22 [&hellip;]<\/p>\n","protected":false},"author":1,"featured_media":0,"comment_status":"closed","ping_status":"open","sticky":false,"template":"","format":"standard","meta":{"_monsterinsights_skip_tracking":false,"_monsterinsights_sitenote_active":false,"_monsterinsights_sitenote_note":"","_monsterinsights_sitenote_category":0},"categories":[789,12],"tags":[],"_links":{"self":[{"href":"http:\/\/www.portaldelolleria.es\/index.php?rest_route=\/wp\/v2\/posts\/17453"}],"collection":[{"href":"http:\/\/www.portaldelolleria.es\/index.php?rest_route=\/wp\/v2\/posts"}],"about":[{"href":"http:\/\/www.portaldelolleria.es\/index.php?rest_route=\/wp\/v2\/types\/post"}],"author":[{"embeddable":true,"href":"http:\/\/www.portaldelolleria.es\/index.php?rest_route=\/wp\/v2\/users\/1"}],"replies":[{"embeddable":true,"href":"http:\/\/www.portaldelolleria.es\/index.php?rest_route=%2Fwp%2Fv2%2Fcomments&post=17453"}],"version-history":[{"count":1,"href":"http:\/\/www.portaldelolleria.es\/index.php?rest_route=\/wp\/v2\/posts\/17453\/revisions"}],"predecessor-version":[{"id":17455,"href":"http:\/\/www.portaldelolleria.es\/index.php?rest_route=\/wp\/v2\/posts\/17453\/revisions\/17455"}],"wp:attachment":[{"href":"http:\/\/www.portaldelolleria.es\/index.php?rest_route=%2Fwp%2Fv2%2Fmedia&parent=17453"}],"wp:term":[{"taxonomy":"category","embeddable":true,"href":"http:\/\/www.portaldelolleria.es\/index.php?rest_route=%2Fwp%2Fv2%2Fcategories&post=17453"},{"taxonomy":"post_tag","embeddable":true,"href":"http:\/\/www.portaldelolleria.es\/index.php?rest_route=%2Fwp%2Fv2%2Ftags&post=17453"}],"curies":[{"name":"wp","href":"https:\/\/api.w.org\/{rel}","templated":true}]}}