{"id":17493,"date":"2017-06-07T17:44:38","date_gmt":"2017-06-07T15:44:38","guid":{"rendered":"http:\/\/www.portaldelolleria.es\/?p=17493"},"modified":"2017-06-14T09:53:34","modified_gmt":"2017-06-14T07:53:34","slug":"upv-campus-alcoi-el-proyecto-tomaqueta-de-isabel-la-catolica-ganador-del-i-concurso-ideat-kids","status":"publish","type":"post","link":"http:\/\/www.portaldelolleria.es\/?p=17493","title":{"rendered":"UPV Campus Alcoi: el proyecto \u00abtomaqueta\u00bb de Isabel La Cat\u00f3lica, ganador del  I Concurso IdeaT-kids"},"content":{"rendered":"<p><a href=\"http:\/\/www.portaldelolleria.es\/wp-content\/uploads\/2017\/06\/upv_ideatdkits1.jpg\"><img loading=\"lazy\" class=\"aligncenter size-full wp-image-17495\" title=\"upv_ideatdkits1\" src=\"http:\/\/www.portaldelolleria.es\/wp-content\/uploads\/2017\/06\/upv_ideatdkits1.jpg\" alt=\"\" width=\"598\" height=\"421\" srcset=\"http:\/\/www.portaldelolleria.es\/wp-content\/uploads\/2017\/06\/upv_ideatdkits1.jpg 598w, http:\/\/www.portaldelolleria.es\/wp-content\/uploads\/2017\/06\/upv_ideatdkits1-300x211.jpg 300w\" sizes=\"(max-width: 598px) 100vw, 598px\" \/><\/a><\/p>\n<p><em><span style=\"color: #888888;\">UPV Campus de Alcoi, 7 de junio de 2017<\/span><\/em><\/p>\n<p><strong>El proyecto \u201cTomaqueta.es\u201d del CEIP Isabel la Cat\u00f2lica de L\u2019Olleria resultado ganador de la primera edici\u00f3n de este concurso sobre emprendimiento.<\/strong><\/p>\n<p><strong><br \/>\n<\/strong><\/p>\n<p>Durante toda la ma\u00f1ana de hoy m\u00e1s 350 alumnos de 5\u00ba y 6\u00ba de Educaci\u00f3n Primaria, se han dado cita en el Pabell\u00f3n de Deportes del Edificio \u201cGeorgina Blanes\u201d de este Campus de Alcoy de la Universitat Polit\u00e8cnica de Val\u00e8ncia para presentar sus trabajos en esta primera edici\u00f3n del Concurso ideaT \u2013 Kits, organizado por el Grado en Administraci\u00f3n y Direcci\u00f3n de Empresas (ADE) que se imparte en este campus e Ideas del Campus de Alcoy de la UPV.<\/p>\n<p>&nbsp;<\/p>\n<p><strong>El Concurso<\/strong><\/p>\n<p>Este concurso tiene por objeto incentivar el desarrollo de competencias, habilidades, capacidades y aptitudes en materia de emprendimiento entre los alumnos de primaria, as\u00ed como favorecer el desarrollo de habilidades sociales y comunicativas y est\u00e1 destinado a los alumnos de centros educativos que estudien 5\u00ba o 6\u00ba curso de Educaci\u00f3n Primaria.<\/p>\n<p>En una primera fase, que comenz\u00f3 el 1 de febrero, se realizaron las correspondientes inscripciones, para a partir de marzo, poder\u00a0 realizar un <em>lapbooks<\/em> por parte de los alumnos con las propuestas de negocio, con grupos de 4 integrantes, como m\u00e1ximo, cada centro educativo seleccion\u00f3 3 proyectos y esta ma\u00f1ana los han defendido delante del jurado, que se ha valorado principalmente, la presentaci\u00f3n y estructura del proyecto explicativo de la idea de negocio, su car\u00e1cter innovador, diferenciador y original, su viabilidad y finalmente la capacidad comunicativa y de trabajo en equipo, de cada grupo.<\/p>\n<p>&nbsp;<\/p>\n<p><strong>Alta participaci\u00f3n<\/strong><\/p>\n<p>La idea de acoplar el formato del concurso que se viene realizando\u00a0 durante algunos a\u00f1os en campus <strong><em>\u201cPeque\u00f1os Grandes Emprendedores<\/em><\/strong>\u201d, ha resultado todo un acierto a juzgar por la alta participaci\u00f3n, m\u00e1s de 350 alumnos de ocho centros educativos de Alcoy, L\u2019Olleria y Mutxamel<\/p>\n<p>Colegio Sagrada Familia Esclavas de Alcoy<\/p>\n<p>CEIP El Salvador de Mutxamel<\/p>\n<p>CEIP l\u2019Horta Major de Alcoy<\/p>\n<p>Colegio La Salle de Alcoy<\/p>\n<p>Colegio Salesianos San Vicente Ferrer de Alcoy<\/p>\n<p>Colegio Jos\u00e9 Arnauda de Alcoy<\/p>\n<p>CEIP Isabel La Cat\u00f2lica de l&#8217;Olleria<\/p>\n<p>CEIP Manuel Sanchis Guarner de l\u2019Olleria<\/p>\n<p>&nbsp;<\/p>\n<p><strong>Proyectos premiados<\/strong><\/p>\n<p><strong>1r PREMIO: Tomaqueta.es del CEIP Isabel La Cat\u00f2lica de L\u2019Olleria<\/strong><\/p>\n<p>2\u00ba PREMIO: Cool 4 del colegio Jos\u00e9 Arnauda de Alcoy<\/p>\n<p>3r PREMIO: Tecno Food del colegio La Salle de Alcoy<\/p>\n<p>En el acto de entrega de premios,\u00a0 han participado tanto los 3 proyectos finalistas de cada centro educativo, los participantes y compa\u00f1eros de clase, maestros,\u00a0 padres y madres de \u00e9stos.<\/p>\n<p>El concurso ha contado, en esta primera edici\u00f3n con la colaboraci\u00f3n de INJUSA, Terra Natura y Playmobil<\/p>\n<p>La entrega de Premios, ha contado con la presencia del <strong>Juan Ignacio Torregrosa<\/strong>, director del Campus de Alcoy de la Universitat Polit\u00e8cnica de Val\u00e8ncia, <strong>Mar\u00eda M\u00e1rquez<\/strong>, directora de Ideas de la UPV, <strong>Ana Mar\u00eda<\/strong> <strong>Garc\u00eda<\/strong>, directora\u00a0 acad\u00e9mica del Grado en Administraci\u00f3n y Direcci\u00f3n de Empresas impartido en este campus, as\u00ed como autoridades de los ayuntamientos de Alcoy, Mutxamel \u00a0y con representantes de las empresas patrocinadoras.<\/p>\n<p><a href=\"http:\/\/www.portaldelolleria.es\/wp-content\/uploads\/2017\/06\/upv_ideatdkits2.jpg\"><img loading=\"lazy\" class=\"aligncenter size-full wp-image-17494\" title=\"upv_ideatdkits2\" src=\"http:\/\/www.portaldelolleria.es\/wp-content\/uploads\/2017\/06\/upv_ideatdkits2.jpg\" alt=\"\" width=\"598\" height=\"399\" srcset=\"http:\/\/www.portaldelolleria.es\/wp-content\/uploads\/2017\/06\/upv_ideatdkits2.jpg 598w, http:\/\/www.portaldelolleria.es\/wp-content\/uploads\/2017\/06\/upv_ideatdkits2-300x200.jpg 300w\" sizes=\"(max-width: 598px) 100vw, 598px\" \/><\/a><\/p>\n<p><strong><br \/>\n<\/strong><br \/>\n<iframe loading=\"lazy\" src=\"https:\/\/www.youtube.com\/embed\/C-Ymk0-d4Qw\" frameborder=\"0\" width=\"598\" height=\"336\"><\/iframe><\/p>\n","protected":false},"excerpt":{"rendered":"<p>UPV Campus de Alcoi, 7 de junio de 2017 El proyecto \u201cTomaqueta.es\u201d del CEIP Isabel la Cat\u00f2lica de L\u2019Olleria resultado ganador de la primera edici\u00f3n de este concurso sobre emprendimiento. Durante toda la ma\u00f1ana de hoy m\u00e1s 350 alumnos de 5\u00ba y 6\u00ba de Educaci\u00f3n Primaria, se han dado cita en el Pabell\u00f3n de Deportes [&hellip;]<\/p>\n","protected":false},"author":1,"featured_media":0,"comment_status":"closed","ping_status":"open","sticky":false,"template":"","format":"standard","meta":{"_monsterinsights_skip_tracking":false,"_monsterinsights_sitenote_active":false,"_monsterinsights_sitenote_note":"","_monsterinsights_sitenote_category":0},"categories":[12,1058],"tags":[],"_links":{"self":[{"href":"http:\/\/www.portaldelolleria.es\/index.php?rest_route=\/wp\/v2\/posts\/17493"}],"collection":[{"href":"http:\/\/www.portaldelolleria.es\/index.php?rest_route=\/wp\/v2\/posts"}],"about":[{"href":"http:\/\/www.portaldelolleria.es\/index.php?rest_route=\/wp\/v2\/types\/post"}],"author":[{"embeddable":true,"href":"http:\/\/www.portaldelolleria.es\/index.php?rest_route=\/wp\/v2\/users\/1"}],"replies":[{"embeddable":true,"href":"http:\/\/www.portaldelolleria.es\/index.php?rest_route=%2Fwp%2Fv2%2Fcomments&post=17493"}],"version-history":[{"count":5,"href":"http:\/\/www.portaldelolleria.es\/index.php?rest_route=\/wp\/v2\/posts\/17493\/revisions"}],"predecessor-version":[{"id":17593,"href":"http:\/\/www.portaldelolleria.es\/index.php?rest_route=\/wp\/v2\/posts\/17493\/revisions\/17593"}],"wp:attachment":[{"href":"http:\/\/www.portaldelolleria.es\/index.php?rest_route=%2Fwp%2Fv2%2Fmedia&parent=17493"}],"wp:term":[{"taxonomy":"category","embeddable":true,"href":"http:\/\/www.portaldelolleria.es\/index.php?rest_route=%2Fwp%2Fv2%2Fcategories&post=17493"},{"taxonomy":"post_tag","embeddable":true,"href":"http:\/\/www.portaldelolleria.es\/index.php?rest_route=%2Fwp%2Fv2%2Ftags&post=17493"}],"curies":[{"name":"wp","href":"https:\/\/api.w.org\/{rel}","templated":true}]}}