{"id":1757,"date":"2012-11-23T22:24:08","date_gmt":"2012-11-23T21:24:08","guid":{"rendered":"http:\/\/www.portaldelolleria.es\/?p=1757"},"modified":"2012-11-23T22:24:08","modified_gmt":"2012-11-23T21:24:08","slug":"la-sem-sta-cecilia-y-aem-la-nova-festejan-a-su-patrona-este-fin-de-semana","status":"publish","type":"post","link":"http:\/\/www.portaldelolleria.es\/?p=1757","title":{"rendered":"La SEM Sta. Cec\u00edlia y AEM La Nova festejan a su patrona este fin de semana"},"content":{"rendered":"<p><a href=\"http:\/\/www.portaldelolleria.es\/wp-content\/uploads\/2012\/11\/santacecilia2.jpg\"><img loading=\"lazy\" class=\"aligncenter size-full wp-image-1759\" title=\"santacecilia2\" src=\"http:\/\/www.portaldelolleria.es\/wp-content\/uploads\/2012\/11\/santacecilia2.jpg\" alt=\"\" width=\"598\" height=\"398\" srcset=\"http:\/\/www.portaldelolleria.es\/wp-content\/uploads\/2012\/11\/santacecilia2.jpg 598w, http:\/\/www.portaldelolleria.es\/wp-content\/uploads\/2012\/11\/santacecilia2-300x199.jpg 300w\" sizes=\"(max-width: 598px) 100vw, 598px\" \/><\/a><\/p>\n<p>La SEM Sta. Cec\u00edlia y la AEM La Nova festejan a su patrona, Sta. Cecilia, \u00a0este s\u00e1bado con la celebraci\u00f3n de diversos actos. La primera celebrar\u00e1 un concierto a las 19:30 horas en el Teatro Goya mientras que la segunda, iniciar\u00e1 las actividades a las 17:30 horas con un pasacalle en el que se recoger\u00e1n a los nuevos integrantes de la Banda de M\u00fasica.<\/p>\n<p>Despu\u00e9s a las 19:30 horas habr\u00e1 misa con la participaci\u00f3n del coro de la Agrupaci\u00f3n al finalizar la misa habr\u00e1 pasacalle hacia el parque Beat Pare Ferreres. Por la noche, sobre las 22:15 horas cena en el local de la Agrupaci\u00f3n y concurso de disfraces. La jornada festiva acabar\u00e1 para la Nova con serenatas a los nuevos integrantes de la banda de m\u00fasica hacia las doce de la noche.<\/p>\n<p>La nova retomar\u00e1 los actos festivos el pr\u00f3ximo s\u00e1bado 1 de diciembre con un concierto de m\u00fasica de bandas sonoras de pel\u00edcula en el teatro Goya a las ocho de la tarde, despu\u00e9s a las 22:15 horas cena de gala.<\/p>\n","protected":false},"excerpt":{"rendered":"<p>La SEM Sta. Cec\u00edlia y la AEM La Nova festejan a su patrona, Sta. Cecilia, \u00a0este s\u00e1bado con la celebraci\u00f3n de diversos actos. La primera celebrar\u00e1 un concierto a las 19:30 horas en el Teatro Goya mientras que la segunda, iniciar\u00e1 las actividades a las 17:30 horas con un pasacalle en el que se recoger\u00e1n [&hellip;]<\/p>\n","protected":false},"author":2,"featured_media":0,"comment_status":"closed","ping_status":"open","sticky":false,"template":"","format":"standard","meta":{"_monsterinsights_skip_tracking":false,"_monsterinsights_sitenote_active":false,"_monsterinsights_sitenote_note":"","_monsterinsights_sitenote_category":0},"categories":[16,12],"tags":[445,20,444],"_links":{"self":[{"href":"http:\/\/www.portaldelolleria.es\/index.php?rest_route=\/wp\/v2\/posts\/1757"}],"collection":[{"href":"http:\/\/www.portaldelolleria.es\/index.php?rest_route=\/wp\/v2\/posts"}],"about":[{"href":"http:\/\/www.portaldelolleria.es\/index.php?rest_route=\/wp\/v2\/types\/post"}],"author":[{"embeddable":true,"href":"http:\/\/www.portaldelolleria.es\/index.php?rest_route=\/wp\/v2\/users\/2"}],"replies":[{"embeddable":true,"href":"http:\/\/www.portaldelolleria.es\/index.php?rest_route=%2Fwp%2Fv2%2Fcomments&post=1757"}],"version-history":[{"count":1,"href":"http:\/\/www.portaldelolleria.es\/index.php?rest_route=\/wp\/v2\/posts\/1757\/revisions"}],"predecessor-version":[{"id":1760,"href":"http:\/\/www.portaldelolleria.es\/index.php?rest_route=\/wp\/v2\/posts\/1757\/revisions\/1760"}],"wp:attachment":[{"href":"http:\/\/www.portaldelolleria.es\/index.php?rest_route=%2Fwp%2Fv2%2Fmedia&parent=1757"}],"wp:term":[{"taxonomy":"category","embeddable":true,"href":"http:\/\/www.portaldelolleria.es\/index.php?rest_route=%2Fwp%2Fv2%2Fcategories&post=1757"},{"taxonomy":"post_tag","embeddable":true,"href":"http:\/\/www.portaldelolleria.es\/index.php?rest_route=%2Fwp%2Fv2%2Ftags&post=1757"}],"curies":[{"name":"wp","href":"https:\/\/api.w.org\/{rel}","templated":true}]}}