{"id":1764,"date":"2012-11-27T11:31:23","date_gmt":"2012-11-27T10:31:23","guid":{"rendered":"http:\/\/www.portaldelolleria.es\/?p=1764"},"modified":"2012-11-27T11:33:16","modified_gmt":"2012-11-27T10:33:16","slug":"la-concejalia-de-seguridad-ciudadana-ha-impulsado-las-charlas-a-alumnos-de-12-a-17-anos","status":"publish","type":"post","link":"http:\/\/www.portaldelolleria.es\/?p=1764","title":{"rendered":"La Concejal\u00eda de Seguridad Ciudadana promueve charlas a alumnos de 12 a 17 a\u00f1os"},"content":{"rendered":"<p><a href=\"http:\/\/www.portaldelolleria.es\/wp-content\/uploads\/2012\/11\/seguridadvial.jpg\"><img loading=\"lazy\" class=\"aligncenter size-full wp-image-1765\" title=\"seguridadvial\" src=\"http:\/\/www.portaldelolleria.es\/wp-content\/uploads\/2012\/11\/seguridadvial.jpg\" alt=\"\" width=\"598\" height=\"398\" srcset=\"http:\/\/www.portaldelolleria.es\/wp-content\/uploads\/2012\/11\/seguridadvial.jpg 598w, http:\/\/www.portaldelolleria.es\/wp-content\/uploads\/2012\/11\/seguridadvial-300x199.jpg 300w\" sizes=\"(max-width: 598px) 100vw, 598px\" \/><\/a><\/p>\n<p>&nbsp;<\/p>\n<div id=\"story-antetitulo\">L&#8217;OLLERIA La Concejal\u00eda de Seguridad Ciudadana ha impulsado las charlas a alumnos de 12 a 17 a\u00f1os<\/div>\n<h4><strong><a href=\"http:\/\/www.lasprovincias.es\/v\/20121127\/ribera-costera\/polica-local-imparte-clases-20121127.html\" target=\"_self\">La Polic\u00eda Local imparte clases sobre educaci\u00f3n vial a 543 estudiantes<\/a><\/strong><\/h4>\n<div>Sandra Parrilla.(Las Provincias) . Con el objetivo de dar la informaci\u00f3n necesaria para prevenir accidentes la Concejal\u00eda de Seguridad Ciudadana de l&#8217;Olleria, a trav\u00e9s de la secci\u00f3n de Educaci\u00f3n Vial de la Polic\u00eda Local, ha impartido durante quince d\u00edas clases sobre este tipo de educaci\u00f3n en el instituto de Secundaria Vermellar.<\/div>\n<div>En total han sido 543 alumnos los que se han beneficiado de estas lecciones impartidas por personal cualificado de la Polic\u00eda Local. \u00abNo s\u00f3lo se trata de evitar al m\u00e1ximo posible los accidentes, sino de saber c\u00f3mo se debe actuar en caso de padecerlos o verlos\u00bb, asegura Jos\u00e9 Alfredo Mart\u00ednez, jefe de este cuerpo.<\/div>\n<div>Entre las materias que se han abordado se encuentran las normas de circulaci\u00f3n, se\u00f1ales de tr\u00e1fico, tipos de v\u00edas o el uso del cintur\u00f3n. \u00abEs importante instruir en educaci\u00f3n vial a trav\u00e9s de los centros educativos y desde peque\u00f1os\u00bb, explica Jos\u00e9 Vidal, alcalde de l&#8217;Olleria. En este caso, la Polic\u00eda ha trasladado sus conocimientos a los alumnos de entre 12 y 17 a\u00f1os y a principios de enero lo har\u00e1n con los m\u00e1s peque\u00f1os, abarcando desde educaci\u00f3n Infantil hasta Primaria.<\/div>\n<div>Hay que resaltar el valor de este tipo de clases \u00abque se imparten adem\u00e1s de una manera directa y sencilla para que los alumnos puedan adquirir f\u00e1cilmente los conocimientos y la correcta forma de actuar no s\u00f3lo como peat\u00f3n, sino tambi\u00e9n como conductor de bicicleta o ciclomotor\u00bb, a\u00f1ade Vidal.<\/div>\n<div>Aure Candel, el oficial coordinador de las charlas, se\u00f1ala que en este ciclo se da \u00abinformaci\u00f3n com\u00fan a todos los cursos\u00bb, pero tambi\u00e9n hay temas espec\u00edficos por tramos de edades. \u00abPor ejemplo, se comienza con una clase sobre se\u00f1ales de tr\u00e1fico y normas de circulaci\u00f3n con bicicleta, posteriormente se introduce el ciclomotor, luego se pasa a los requisitos para obtener el permiso de circulaci\u00f3n, tambi\u00e9n se habla sobre el uso del casco y sobre la incidencia del alcohol en la circulaci\u00f3n\u00bb, detalla Candel.<\/div>\n<p>Las lecciones sobre educaci\u00f3n vial tambi\u00e9n se han complementado con clases pr\u00e1cticas y con sesiones din\u00e1micas con la utilizaci\u00f3n de presentaciones en &#8216;Power Point&#8217;, v\u00eddeos e incluso actividades interactivas<\/p>\n","protected":false},"excerpt":{"rendered":"<p>&nbsp; L&#8217;OLLERIA La Concejal\u00eda de Seguridad Ciudadana ha impulsado las charlas a alumnos de 12 a 17 a\u00f1os La Polic\u00eda Local imparte clases sobre educaci\u00f3n vial a 543 estudiantes Sandra Parrilla.(Las Provincias) . Con el objetivo de dar la informaci\u00f3n necesaria para prevenir accidentes la Concejal\u00eda de Seguridad Ciudadana de l&#8217;Olleria, a trav\u00e9s de la [&hellip;]<\/p>\n","protected":false},"author":2,"featured_media":0,"comment_status":"closed","ping_status":"open","sticky":false,"template":"","format":"standard","meta":{"_monsterinsights_skip_tracking":false,"_monsterinsights_sitenote_active":false,"_monsterinsights_sitenote_note":"","_monsterinsights_sitenote_category":0},"categories":[10,12],"tags":[20,402,446,447,448],"_links":{"self":[{"href":"http:\/\/www.portaldelolleria.es\/index.php?rest_route=\/wp\/v2\/posts\/1764"}],"collection":[{"href":"http:\/\/www.portaldelolleria.es\/index.php?rest_route=\/wp\/v2\/posts"}],"about":[{"href":"http:\/\/www.portaldelolleria.es\/index.php?rest_route=\/wp\/v2\/types\/post"}],"author":[{"embeddable":true,"href":"http:\/\/www.portaldelolleria.es\/index.php?rest_route=\/wp\/v2\/users\/2"}],"replies":[{"embeddable":true,"href":"http:\/\/www.portaldelolleria.es\/index.php?rest_route=%2Fwp%2Fv2%2Fcomments&post=1764"}],"version-history":[{"count":2,"href":"http:\/\/www.portaldelolleria.es\/index.php?rest_route=\/wp\/v2\/posts\/1764\/revisions"}],"predecessor-version":[{"id":1768,"href":"http:\/\/www.portaldelolleria.es\/index.php?rest_route=\/wp\/v2\/posts\/1764\/revisions\/1768"}],"wp:attachment":[{"href":"http:\/\/www.portaldelolleria.es\/index.php?rest_route=%2Fwp%2Fv2%2Fmedia&parent=1764"}],"wp:term":[{"taxonomy":"category","embeddable":true,"href":"http:\/\/www.portaldelolleria.es\/index.php?rest_route=%2Fwp%2Fv2%2Fcategories&post=1764"},{"taxonomy":"post_tag","embeddable":true,"href":"http:\/\/www.portaldelolleria.es\/index.php?rest_route=%2Fwp%2Fv2%2Ftags&post=1764"}],"curies":[{"name":"wp","href":"https:\/\/api.w.org\/{rel}","templated":true}]}}