{"id":1769,"date":"2012-11-28T19:32:11","date_gmt":"2012-11-28T18:32:11","guid":{"rendered":"http:\/\/www.portaldelolleria.es\/?p=1769"},"modified":"2012-11-29T12:29:47","modified_gmt":"2012-11-29T11:29:47","slug":"la-fundacion-nazaret-de-alicante-recoge-en-l%e2%80%99olleria-el-premio-sant-jordi","status":"publish","type":"post","link":"http:\/\/www.portaldelolleria.es\/?p=1769","title":{"rendered":"La Fundaci\u00f3n Nazaret de Alicante recoge en L\u2019Olleria el premio Sant Jordi"},"content":{"rendered":"<p><a href=\"http:\/\/www.portaldelolleria.es\/wp-content\/uploads\/2012\/11\/sanjordi.jpg\"><img loading=\"lazy\" class=\"aligncenter size-full wp-image-1770\" title=\"sanjordi\" src=\"http:\/\/www.portaldelolleria.es\/wp-content\/uploads\/2012\/11\/sanjordi.jpg\" alt=\"\" width=\"598\" height=\"398\" srcset=\"http:\/\/www.portaldelolleria.es\/wp-content\/uploads\/2012\/11\/sanjordi.jpg 598w, http:\/\/www.portaldelolleria.es\/wp-content\/uploads\/2012\/11\/sanjordi-300x199.jpg 300w\" sizes=\"(max-width: 598px) 100vw, 598px\" \/><\/a><\/p>\n<p>El teatro Cervantes de L\u2019Olleria acog\u00eda el pasado s\u00e1bado la XIII entrega de los premios Sant Jordi de la Fundaci\u00f3n Scout Sant Jordi. Una edici\u00f3n que tal y como destac\u00f3 su presidente Antonio Losada \u201cestrena galard\u00f3n ya que se ha renovado con un dise\u00f1o del artista Manuel Mart\u00edn\u201d.<\/p>\n<p>Por su parte, el alcalde, Jos\u00e9 Vidal destac\u00f3 \u201cla importante labor que desempe\u00f1an los scouts para promover la infancia y la juventud valencianas\u201d y felicit\u00f3 \u201cal <em>Agrugament Escolta Sant Jordi de L\u2019Olleria<\/em> por su esfuerzo y trabajo para que este d\u00eda tan destacado para ellos y para nuestro municipio, \u00a0sea todo un \u00e9xito y que sirve de antesala a la celebraci\u00f3n de su 50 aniversario en el 2014-2015\u201d.<\/p>\n<p>Los miembros del <em>Agrupament Escolta Sant Jordi de L\u2019Olleria<\/em> manifestaban su alegr\u00eda \u201cpor haber podido acoger \u00a0\u00a0la entrega de estos premios y agradecemos a la Fundaci\u00f3n Sant Jordi el haberse desplazado hasta nuestro municipio para celebrar esta edici\u00f3n as\u00ed como agradecer la asistencia de todos los scouts y autoridades civiles y religiosas que nos han querido acompa\u00f1ar en este d\u00eda que hemos iniciado con una visita a la Casa Santonja\u201d.<\/p>\n<p>En cuanto\u00a0 a la entrega de premios, primero se entregaron los <strong>Objetivos<\/strong> que son unos premios de fotograf\u00eda para fomentar la creatividad art\u00edstica relacionada con el escultismo, en dos modalidades la de fotograf\u00eda creativa y de reportaje. Aqu\u00ed los ganadores fueron Loles Soro, Mar\u00eda Teresa Sanz, Vicent Carbonell, M\u00aa del Carmen Ferrer\u00a0 del AE Alezeya de \u00a0Massamagrell, y Azhara M\u00e9ndez de la <em>AE Sant Joan<\/em> de Massamagrell y Carlos Sena de la <em>AE d\u2019 Argila<\/em> d\u2019Alaqu\u00e0s.<\/p>\n<p>Despu\u00e9s el acto continu\u00f3 con la entrega del Premio <strong>Emili Be\u00fct <\/strong>que reconoce iniciativas de Scouts como campamentos, proyectos educativos, servicios, actividades medioambientales etc que promueven la evoluci\u00f3n personal y social de los ni\u00f1os y j\u00f3venes de los agrupamientos scouts.\u00a0 Aqu\u00ed los premiados fueron el <em>Agrupament Escolta la Safor<\/em> de Gand\u00eda, el <em>Aitana<\/em> y el <em>Gilwell <\/em>de Alicante.<\/p>\n<p>Por \u00faltimo, llegaba el momento m\u00e1s destacado de la noche con la entrega del Premio <strong>Sant Jordi<\/strong> aqu\u00ed, el presidente subray\u00f3 la gran labor de la Fundaci\u00f3n premiada, la Fundaci\u00f3n Nazaret de Alicante, recog\u00eda el premio su Director General, Miguel \u00c1ngel Segura. El premio Sant Jordi, que cumple este a\u00f1o trece a\u00f1os, va destinado a reconocer el trabajo realizado a favor de la infancia y la juventud valencianas por parte de personas concretas o instituciones p\u00fablicas.<\/p>\n<p><a href=\"http:\/\/www.portaldelolleria.es\/wp-content\/uploads\/2012\/11\/sanjordi2.jpg\"><img loading=\"lazy\" class=\"aligncenter size-full wp-image-1776\" title=\"sanjordi2\" src=\"http:\/\/www.portaldelolleria.es\/wp-content\/uploads\/2012\/11\/sanjordi2.jpg\" alt=\"\" width=\"598\" height=\"398\" srcset=\"http:\/\/www.portaldelolleria.es\/wp-content\/uploads\/2012\/11\/sanjordi2.jpg 598w, http:\/\/www.portaldelolleria.es\/wp-content\/uploads\/2012\/11\/sanjordi2-300x199.jpg 300w\" sizes=\"(max-width: 598px) 100vw, 598px\" \/><\/a><\/p>\n","protected":false},"excerpt":{"rendered":"<p>El teatro Cervantes de L\u2019Olleria acog\u00eda el pasado s\u00e1bado la XIII entrega de los premios Sant Jordi de la Fundaci\u00f3n Scout Sant Jordi. Una edici\u00f3n que tal y como destac\u00f3 su presidente Antonio Losada \u201cestrena galard\u00f3n ya que se ha renovado con un dise\u00f1o del artista Manuel Mart\u00edn\u201d. Por su parte, el alcalde, Jos\u00e9 Vidal [&hellip;]<\/p>\n","protected":false},"author":2,"featured_media":0,"comment_status":"closed","ping_status":"open","sticky":false,"template":"","format":"standard","meta":{"_monsterinsights_skip_tracking":false,"_monsterinsights_sitenote_active":false,"_monsterinsights_sitenote_note":"","_monsterinsights_sitenote_category":0},"categories":[3,12],"tags":[29,20,449,450,451],"_links":{"self":[{"href":"http:\/\/www.portaldelolleria.es\/index.php?rest_route=\/wp\/v2\/posts\/1769"}],"collection":[{"href":"http:\/\/www.portaldelolleria.es\/index.php?rest_route=\/wp\/v2\/posts"}],"about":[{"href":"http:\/\/www.portaldelolleria.es\/index.php?rest_route=\/wp\/v2\/types\/post"}],"author":[{"embeddable":true,"href":"http:\/\/www.portaldelolleria.es\/index.php?rest_route=\/wp\/v2\/users\/2"}],"replies":[{"embeddable":true,"href":"http:\/\/www.portaldelolleria.es\/index.php?rest_route=%2Fwp%2Fv2%2Fcomments&post=1769"}],"version-history":[{"count":2,"href":"http:\/\/www.portaldelolleria.es\/index.php?rest_route=\/wp\/v2\/posts\/1769\/revisions"}],"predecessor-version":[{"id":1777,"href":"http:\/\/www.portaldelolleria.es\/index.php?rest_route=\/wp\/v2\/posts\/1769\/revisions\/1777"}],"wp:attachment":[{"href":"http:\/\/www.portaldelolleria.es\/index.php?rest_route=%2Fwp%2Fv2%2Fmedia&parent=1769"}],"wp:term":[{"taxonomy":"category","embeddable":true,"href":"http:\/\/www.portaldelolleria.es\/index.php?rest_route=%2Fwp%2Fv2%2Fcategories&post=1769"},{"taxonomy":"post_tag","embeddable":true,"href":"http:\/\/www.portaldelolleria.es\/index.php?rest_route=%2Fwp%2Fv2%2Ftags&post=1769"}],"curies":[{"name":"wp","href":"https:\/\/api.w.org\/{rel}","templated":true}]}}