{"id":1772,"date":"2012-11-26T19:35:52","date_gmt":"2012-11-26T18:35:52","guid":{"rendered":"http:\/\/www.portaldelolleria.es\/?p=1772"},"modified":"2012-11-28T19:40:06","modified_gmt":"2012-11-28T18:40:06","slug":"estacion-de-peaje-premio-del-publico-de-mon-doc","status":"publish","type":"post","link":"http:\/\/www.portaldelolleria.es\/?p=1772","title":{"rendered":"\u00abEstaci\u00f3n de Peaje\u00bb, premio del p\u00fablico de MON-DOC"},"content":{"rendered":"<p><a href=\"http:\/\/www.portaldelolleria.es\/wp-content\/uploads\/2012\/11\/peaje.jpg\"><img loading=\"lazy\" class=\"aligncenter size-full wp-image-1773\" title=\"peaje\" src=\"http:\/\/www.portaldelolleria.es\/wp-content\/uploads\/2012\/11\/peaje.jpg\" alt=\"\" width=\"598\" height=\"398\" srcset=\"http:\/\/www.portaldelolleria.es\/wp-content\/uploads\/2012\/11\/peaje.jpg 598w, http:\/\/www.portaldelolleria.es\/wp-content\/uploads\/2012\/11\/peaje-300x199.jpg 300w\" sizes=\"(max-width: 598px) 100vw, 598px\" \/><\/a><\/p>\n<p align=\"center\"><strong>El documental sobre dos supervivientes de Mauthausen elegido por los espectadores de la Mostra como el mejor de la edici\u00f3n de 2012.<\/strong><\/p>\n<p align=\"center\"><strong>\u00a0<\/strong><\/p>\n<p>El pasado domingo 25 de noviembre los directores Luis Garcia y Vicente Pascual presentaban en Montaverner <em>\u201cEstaci\u00f3n de peaje\u201d,<\/em> documental que cerraba la 4\u00aa edici\u00f3n de la Mostra de Cine Documental de Montaverner.<\/p>\n<p>Tras el recuento de las votaciones que los espectadores han ido realizando despu\u00e9s de cada proyecci\u00f3n, la organizaci\u00f3n ha hecho p\u00fablico que el documental m\u00e1s votado, y mejor valorado por el p\u00fablico, de cuantos se han proyectado durante la edici\u00f3n de este a\u00f1o ha sido <em>\u201cEstaci\u00f3n de peaje\u201d.<\/em><\/p>\n<p>El documental cuenta como fue el calvario que sufrieron dos alicantinos, Francisco Aura y Antonio Ballesta, prisioneros durante cuatro a\u00f1os en el campo de concentraci\u00f3n nazi de Mauthausen. Con el testimonio de los dos protagonistas e im\u00e1genes grabadas en lo que hoy se ha convertido en un memorial a las v\u00edctimas de la barbarie nazi, estos dos cineastas alicantinos consiguen cautivar al espectador y transmitir el mensaje de paz y respeto por la vida y por las personas que estos dos supervivientes siguen proclamando hoy en d\u00eda, con 94 y 102 a\u00f1os respectivamente.<\/p>\n<p>Este Premio del P\u00fablico de MON\u00b7DOC 2012 se entregar\u00e1 a los ganadores en la pr\u00f3xima edici\u00f3n de la Mostra de Cine Documental de Montaverner.<\/p>\n<p>La organizaci\u00f3n de la Mostra valora muy positivamente la acogida que esta edici\u00f3n, marcada por la reducci\u00f3n en el n\u00famero de pel\u00edculas programadas, ha tenido entre el p\u00fablico asistente, el cual ha mostrado a los organizadores su apoyo a que se siga adelante con este proyecto.<\/p>\n<p>&nbsp;<\/p>\n","protected":false},"excerpt":{"rendered":"<p>El documental sobre dos supervivientes de Mauthausen elegido por los espectadores de la Mostra como el mejor de la edici\u00f3n de 2012. \u00a0 El pasado domingo 25 de noviembre los directores Luis Garcia y Vicente Pascual presentaban en Montaverner \u201cEstaci\u00f3n de peaje\u201d, documental que cerraba la 4\u00aa edici\u00f3n de la Mostra de Cine Documental de [&hellip;]<\/p>\n","protected":false},"author":2,"featured_media":0,"comment_status":"closed","ping_status":"open","sticky":false,"template":"","format":"standard","meta":{"_monsterinsights_skip_tracking":false,"_monsterinsights_sitenote_active":false,"_monsterinsights_sitenote_note":"","_monsterinsights_sitenote_category":0},"categories":[424,12],"tags":[297,425,427,452],"_links":{"self":[{"href":"http:\/\/www.portaldelolleria.es\/index.php?rest_route=\/wp\/v2\/posts\/1772"}],"collection":[{"href":"http:\/\/www.portaldelolleria.es\/index.php?rest_route=\/wp\/v2\/posts"}],"about":[{"href":"http:\/\/www.portaldelolleria.es\/index.php?rest_route=\/wp\/v2\/types\/post"}],"author":[{"embeddable":true,"href":"http:\/\/www.portaldelolleria.es\/index.php?rest_route=\/wp\/v2\/users\/2"}],"replies":[{"embeddable":true,"href":"http:\/\/www.portaldelolleria.es\/index.php?rest_route=%2Fwp%2Fv2%2Fcomments&post=1772"}],"version-history":[{"count":1,"href":"http:\/\/www.portaldelolleria.es\/index.php?rest_route=\/wp\/v2\/posts\/1772\/revisions"}],"predecessor-version":[{"id":1774,"href":"http:\/\/www.portaldelolleria.es\/index.php?rest_route=\/wp\/v2\/posts\/1772\/revisions\/1774"}],"wp:attachment":[{"href":"http:\/\/www.portaldelolleria.es\/index.php?rest_route=%2Fwp%2Fv2%2Fmedia&parent=1772"}],"wp:term":[{"taxonomy":"category","embeddable":true,"href":"http:\/\/www.portaldelolleria.es\/index.php?rest_route=%2Fwp%2Fv2%2Fcategories&post=1772"},{"taxonomy":"post_tag","embeddable":true,"href":"http:\/\/www.portaldelolleria.es\/index.php?rest_route=%2Fwp%2Fv2%2Ftags&post=1772"}],"curies":[{"name":"wp","href":"https:\/\/api.w.org\/{rel}","templated":true}]}}