{"id":17953,"date":"2017-07-10T21:04:01","date_gmt":"2017-07-10T19:04:01","guid":{"rendered":"http:\/\/www.portaldelolleria.es\/?p=17953"},"modified":"2017-07-10T21:17:03","modified_gmt":"2017-07-10T19:17:03","slug":"entra-en-funcionamiento-la-nueva-rotonda-de-guadassequies","status":"publish","type":"post","link":"http:\/\/www.portaldelolleria.es\/?p=17953","title":{"rendered":"Entra en funcionamiento la nueva rotonda de Guadass\u00e9quies."},"content":{"rendered":"<p><a href=\"http:\/\/www.portaldelolleria.es\/wp-content\/uploads\/2017\/07\/guadasequies1.jpg\"><img loading=\"lazy\" class=\"aligncenter size-full wp-image-17954\" title=\"guadasequies1\" src=\"http:\/\/www.portaldelolleria.es\/wp-content\/uploads\/2017\/07\/guadasequies1.jpg\" alt=\"\" width=\"598\" height=\"399\" srcset=\"http:\/\/www.portaldelolleria.es\/wp-content\/uploads\/2017\/07\/guadasequies1.jpg 598w, http:\/\/www.portaldelolleria.es\/wp-content\/uploads\/2017\/07\/guadasequies1-300x200.jpg 300w\" sizes=\"(max-width: 598px) 100vw, 598px\" \/><\/a><em><span style=\"color: #888888;\">Delegaci\u00f3n del Gobierno de Valencia, 10 de julio de 2017<\/span><\/em><\/p>\n<ul>\n<li><span style=\"color: #003366;\">El Ministerio de Fomento ha invertido 512.000 euros en la mejora de acceso a Guadass\u00e9quies<\/span><\/li>\n<li><span style=\"color: #003366;\">La nueva glorieta contribuir\u00e1 a mejorar la seguridad vial en este punto de la red y a moderar la velocidad del tr\u00e1fico<\/span><\/li>\n<li><span style=\"color: #003366;\">El esfuerzo inversor de Fomento en la provincia de Valencia en carreteras es de 68,6 millones de euros , un 5,7% m\u00e1s \u00a0con respecto a la inversi\u00f3n prevista el a\u00f1o pasado<\/span><\/li>\n<\/ul>\n<p style=\"text-align: justify;\">El delegado del Gobierno en la Comunitat Valenciana, Juan Carlos Moragues, ha asistido hoy a la puesta en servicio de la nueva glorieta de Guadass\u00e9quies, situada en el principal acceso a esta poblaci\u00f3n desde la carretera CV-620, antigua N-340 que fue cedida por el Ministerio de Fomento\u00a0 a la Generalitat.<\/p>\n<p style=\"text-align: justify;\">\u201cEl acto de hoy es un claro ejemplo de que este Gobierno est\u00e1 comprometido con la Comunitat Valenciana. Lo demostramos con hechos y obras como las de hoy que, aunque pueden parecer peque\u00f1as, mejoran mucho la calidad de vida de los ciudadanos\u201d, ha afirmado Moragues durante el acto al que han asistido, la alcaldesa de Guadass\u00e9quies, Carmen Vidal, el alcalde d\u2019Alfarras\u00ed, Federico Vidal, el alcalde de Sempere, D. Miguel Juan Vidal, el\u00a0\u00a0\u00a0 Jefe de la Demarcaci\u00f3n de Carreteras, Ismael Ferrer y el Director General de Obras P\u00fablicas, Transporte y Movilidad, D. Carlos Domingo Soler<\/p>\n<p style=\"text-align: justify;\">En este punto, el delegado ha recordado que con esta glorieta no solo se va mejorar la circulaci\u00f3n sino tambi\u00e9n la seguridad vial.<\/p>\n<p style=\"text-align: justify;\"><span style=\"text-decoration: underline;\">Caracter\u00edsticas t\u00e9cnicas<\/span><\/p>\n<p style=\"text-align: justify;\">La glorieta tiene un radio interior de 20 m, 2 carriles de 4 metros de anchura y arcenes de 0,5 m. Las obras tambi\u00e9n han contemplado las conexiones con el vial municipal, los accesos a las propiedades colindantes y la propia CV-620, donde en su lado Sur se ha realizado una modificaci\u00f3n del trazado previo en planta.<\/p>\n<p style=\"text-align: justify;\">La glorieta sustituye a la intersecci\u00f3n previamente existente, que daba acceso a la poblaci\u00f3n de Guadass\u00e9quies y que no contaba con carriles centrales de espera para los giros a la izquierda ni con carriles de cambio de velocidad para los giros de la derecha, adem\u00e1s de estar situada en una curva con escasa visibilidad y pendiente pronunciada.<\/p>\n<p style=\"text-align: justify;\">La nueva glorieta contribuir\u00e1 a mejorar la seguridad vial en este punto de la red, al moderar la velocidad del tr\u00e1fico y facilitar los giros a la izquierda. Adem\u00e1s de ello, se ha mejorado el trazado de la CV-620 en su entrada por el Sur a la nueva glorieta.<\/p>\n<p style=\"text-align: justify;\">Esta actuaci\u00f3n afecta a los t\u00e9rminos municipales de Guadass\u00e9quies y Alfarras\u00ed. Los terrenos necesarios para la ejecuci\u00f3n de las obras han sido cedidos por el Ayuntamiento de Guadass\u00e9quies.<\/p>\n<p style=\"text-align: justify;\"><span style=\"text-decoration: underline;\">Esfuerzo inversor de Fomento en la provincia de Valencia<\/span><\/p>\n<p style=\"text-align: justify;\">El delegado de Gobierno ha subrayado el esfuerzo inversor que va a hacer en 2017 el Gobierno de Espa\u00f1a en las carreteras de la Comunidad Valenciana. La inversi\u00f3n prevista para 2017 en la Comunidad Valenciana cuenta con una dotaci\u00f3n presupuestaria de 120,8 millones de euros, un 21,1% por encima de la media nacional, lo que traducido a dinero supone que a nuestra comunidad lleguen 21 millones de euros de inversi\u00f3n por encima de la media nacional por comunidad aut\u00f3noma.<\/p>\n<p style=\"text-align: justify;\">Por lo que se refiere a la provincia de Valencia, los Presupuestos Generales del Estado destinan 68,6 millones de euros para inversiones en carreteras y obras como esta en la que nos encontramos hoy. Es un dato importante porque supone un incremento del 5,7% con respecto a la inversi\u00f3n prevista el a\u00f1o pasado.<\/p>\n<p style=\"text-align: justify;\"><a href=\"http:\/\/www.portaldelolleria.es\/wp-content\/uploads\/2017\/07\/thumb.jpg\"><img loading=\"lazy\" class=\"aligncenter size-full wp-image-17957\" title=\"thumb\" src=\"http:\/\/www.portaldelolleria.es\/wp-content\/uploads\/2017\/07\/thumb.jpg\" alt=\"\" width=\"599\" height=\"328\" srcset=\"http:\/\/www.portaldelolleria.es\/wp-content\/uploads\/2017\/07\/thumb.jpg 690w, http:\/\/www.portaldelolleria.es\/wp-content\/uploads\/2017\/07\/thumb-300x164.jpg 300w\" sizes=\"(max-width: 599px) 100vw, 599px\" \/><\/a><\/p>\n<hr \/>\n<p style=\"text-align: justify;\">\n<section>\n<div><a title=\"Este enlace se abrir\u00e1 en una nueva ventana.\" href=\"http:\/\/www.seat.mpr.gob.es\/dam\/es\/portal\/delegaciones_gobierno\/delegaciones\/comunidad_valenciana\/actualidad\/notas_de_prensa\/notas\/2017\/07\/2017-07-05\/guadassequies.mp3.mp3\" target=\"_blank\">Declaraciones delegado (MP3 &#8211; 1,1 MB)<\/a><\/div>\n<\/section>\n<p>&nbsp;<\/p>\n<p>&nbsp;<\/p>\n<p>&nbsp;<\/p>\n<p>&nbsp;<\/p>\n<p>&nbsp;<\/p>\n<p>&nbsp;<\/p>\n<p>&nbsp;<\/p>\n","protected":false},"excerpt":{"rendered":"<p>Delegaci\u00f3n del Gobierno de Valencia, 10 de julio de 2017 El Ministerio de Fomento ha invertido 512.000 euros en la mejora de acceso a Guadass\u00e9quies La nueva glorieta contribuir\u00e1 a mejorar la seguridad vial en este punto de la red y a moderar la velocidad del tr\u00e1fico El esfuerzo inversor de Fomento en la provincia [&hellip;]<\/p>\n","protected":false},"author":1,"featured_media":0,"comment_status":"closed","ping_status":"open","sticky":false,"template":"","format":"standard","meta":{"_monsterinsights_skip_tracking":false,"_monsterinsights_sitenote_active":false,"_monsterinsights_sitenote_note":"","_monsterinsights_sitenote_category":0},"categories":[424,12],"tags":[],"_links":{"self":[{"href":"http:\/\/www.portaldelolleria.es\/index.php?rest_route=\/wp\/v2\/posts\/17953"}],"collection":[{"href":"http:\/\/www.portaldelolleria.es\/index.php?rest_route=\/wp\/v2\/posts"}],"about":[{"href":"http:\/\/www.portaldelolleria.es\/index.php?rest_route=\/wp\/v2\/types\/post"}],"author":[{"embeddable":true,"href":"http:\/\/www.portaldelolleria.es\/index.php?rest_route=\/wp\/v2\/users\/1"}],"replies":[{"embeddable":true,"href":"http:\/\/www.portaldelolleria.es\/index.php?rest_route=%2Fwp%2Fv2%2Fcomments&post=17953"}],"version-history":[{"count":6,"href":"http:\/\/www.portaldelolleria.es\/index.php?rest_route=\/wp\/v2\/posts\/17953\/revisions"}],"predecessor-version":[{"id":17956,"href":"http:\/\/www.portaldelolleria.es\/index.php?rest_route=\/wp\/v2\/posts\/17953\/revisions\/17956"}],"wp:attachment":[{"href":"http:\/\/www.portaldelolleria.es\/index.php?rest_route=%2Fwp%2Fv2%2Fmedia&parent=17953"}],"wp:term":[{"taxonomy":"category","embeddable":true,"href":"http:\/\/www.portaldelolleria.es\/index.php?rest_route=%2Fwp%2Fv2%2Fcategories&post=17953"},{"taxonomy":"post_tag","embeddable":true,"href":"http:\/\/www.portaldelolleria.es\/index.php?rest_route=%2Fwp%2Fv2%2Ftags&post=17953"}],"curies":[{"name":"wp","href":"https:\/\/api.w.org\/{rel}","templated":true}]}}