{"id":1812,"date":"2012-12-07T10:41:45","date_gmt":"2012-12-07T09:41:45","guid":{"rendered":"http:\/\/www.portaldelolleria.es\/?p=1812"},"modified":"2012-12-07T10:41:45","modified_gmt":"2012-12-07T09:41:45","slug":"andreu-valor-en-concierto","status":"publish","type":"post","link":"http:\/\/www.portaldelolleria.es\/?p=1812","title":{"rendered":"Andreu Valor en concierto"},"content":{"rendered":"<p><a href=\"http:\/\/www.portaldelolleria.es\/wp-content\/uploads\/2012\/12\/andreuvalor.jpg\"><img loading=\"lazy\" class=\"aligncenter size-full wp-image-1813\" title=\"andreuvalor\" src=\"http:\/\/www.portaldelolleria.es\/wp-content\/uploads\/2012\/12\/andreuvalor.jpg\" alt=\"\" width=\"598\" height=\"398\" srcset=\"http:\/\/www.portaldelolleria.es\/wp-content\/uploads\/2012\/12\/andreuvalor.jpg 598w, http:\/\/www.portaldelolleria.es\/wp-content\/uploads\/2012\/12\/andreuvalor-300x199.jpg 300w\" sizes=\"(max-width: 598px) 100vw, 598px\" \/><\/a><\/p>\n<p>&nbsp;<\/p>\n<p>Andreu Valor en concierto.<\/p>\n<p>Presentar\u00e1 su nuevo disco \u00bb A la sombra de la oscuridad\u00bb<\/p>\n<p>Participar\u00e1 un \u00abCor de joves veus\u00bb de l&#8217;Olleria.<\/p>\n<p>Cine Goya, 8 de diciembre a las 20:00 horas<\/p>\n<p>Venta de entradas\u00a0 en Centro Informaci\u00f3n Juvenil,\u00a0 Cafeteria Ca Tarsi, por internet en www.andreuvalor.com,\u00a0 y en taquilla una hora antes del concierto<\/p>\n<p>&nbsp;<\/p>\n<p>Andreu Valor y Insa, nace en Cocentaina (El Comtat) el 04\/06\/1978.<br \/>\nSu vinculaci\u00f3n a la m\u00fasica ha sido constante. Siempre recuerda parte de su infancia con un instrumento.<br \/>\nEn el a\u00f1o 2000 crea junto a otros compa\u00f1eros su primer grupo de m\u00fasica y con el que llevar\u00e1 a cabo su iniciaci\u00f3n a lo largo de ocho a\u00f1os.<\/p>\n<p>Es en el 2008 cuando decide caminar en solitario tras la disoluci\u00f3n del grupo y donde empieza a exponer sus temas propios compuestos ya con una tem\u00e1tica social importante y como a\u00fan perdura, con la intenci\u00f3n de cambiar su peque\u00f1o mundo al que es capaz de llegar.<\/p>\n<p>En 2010 y de las manos de la discogr\u00e1fica M\u00e9sdeMil edita su primer trabajo discogr\u00e1fico \u00abEN NUESTRAS MANOS\u00bb, un trabajo que le ayuda a visitar gran parte del territorio de habla catalana para presentarlo y donde forj\u00e1ndose como m\u00fasico y como persona.<\/p>\n<p>Tras el buen resultado del primer trabajo discogr\u00e1fico, el autor enfrenta con fuerza e ilusi\u00f3n su segundo trabajo discogr\u00e1fico en solitario \u00abA LA SOMBRA de la oscuridad\u00bb. Han sido m\u00e1s de cien conciertos en dos a\u00f1os recorriendo escenarios y esta intensidad ha provocado una maduraci\u00f3n de interpretaci\u00f3n y composici\u00f3n. Esta ha sido la base del nuevo proyecto, la intenci\u00f3n de agrupar la esencia obtenida en este viaje para favorecer nuevas letras y m\u00fasica, siendo capaz de aportar el posible progreso conseguido. Una cosa no var\u00eda con respecto a la particularidad de hacer canciones, var\u00eda la forma de dirigirse, de expresarse y el entendimiento musical, pero las tem\u00e1ticas seguir\u00e1n siendo fieles a la necesidad de aportar positivismo y cambios en una sociedad, a veces, desorientada y sobre todo a abrir los ojos al oyente para centrarnos en saber convivir y colaborar con aquel m\u00e1s necesidad, m\u00e1s maltratado, m\u00e1s d\u00e9bil &#8230;<br \/>\nEn una situaci\u00f3n como la actual, el momento puede parecerse oscuro, como el t\u00edtulo del nuevo disco, pero si te fijas en el detalle, la oscuridad no puede tener sombra sin luz, por peque\u00f1a que sea. Esta es la intenci\u00f3n del nuevo trabajo, palabras y palabras, melod\u00edas y compases, que puedan posibilitar la mejora necesaria para el colectivo, por todos! Respeto y sentimientos. Que la memoria no se olvide!<\/p>\n","protected":false},"excerpt":{"rendered":"<p>&nbsp; Andreu Valor en concierto. Presentar\u00e1 su nuevo disco \u00bb A la sombra de la oscuridad\u00bb Participar\u00e1 un \u00abCor de joves veus\u00bb de l&#8217;Olleria. Cine Goya, 8 de diciembre a las 20:00 horas Venta de entradas\u00a0 en Centro Informaci\u00f3n Juvenil,\u00a0 Cafeteria Ca Tarsi, por internet en www.andreuvalor.com,\u00a0 y en taquilla una hora antes del concierto [&hellip;]<\/p>\n","protected":false},"author":2,"featured_media":0,"comment_status":"closed","ping_status":"open","sticky":false,"template":"","format":"standard","meta":{"_monsterinsights_skip_tracking":false,"_monsterinsights_sitenote_active":false,"_monsterinsights_sitenote_note":"","_monsterinsights_sitenote_category":0},"categories":[15,12],"tags":[460,226,20,461],"_links":{"self":[{"href":"http:\/\/www.portaldelolleria.es\/index.php?rest_route=\/wp\/v2\/posts\/1812"}],"collection":[{"href":"http:\/\/www.portaldelolleria.es\/index.php?rest_route=\/wp\/v2\/posts"}],"about":[{"href":"http:\/\/www.portaldelolleria.es\/index.php?rest_route=\/wp\/v2\/types\/post"}],"author":[{"embeddable":true,"href":"http:\/\/www.portaldelolleria.es\/index.php?rest_route=\/wp\/v2\/users\/2"}],"replies":[{"embeddable":true,"href":"http:\/\/www.portaldelolleria.es\/index.php?rest_route=%2Fwp%2Fv2%2Fcomments&post=1812"}],"version-history":[{"count":1,"href":"http:\/\/www.portaldelolleria.es\/index.php?rest_route=\/wp\/v2\/posts\/1812\/revisions"}],"predecessor-version":[{"id":1814,"href":"http:\/\/www.portaldelolleria.es\/index.php?rest_route=\/wp\/v2\/posts\/1812\/revisions\/1814"}],"wp:attachment":[{"href":"http:\/\/www.portaldelolleria.es\/index.php?rest_route=%2Fwp%2Fv2%2Fmedia&parent=1812"}],"wp:term":[{"taxonomy":"category","embeddable":true,"href":"http:\/\/www.portaldelolleria.es\/index.php?rest_route=%2Fwp%2Fv2%2Fcategories&post=1812"},{"taxonomy":"post_tag","embeddable":true,"href":"http:\/\/www.portaldelolleria.es\/index.php?rest_route=%2Fwp%2Fv2%2Ftags&post=1812"}],"curies":[{"name":"wp","href":"https:\/\/api.w.org\/{rel}","templated":true}]}}