{"id":18236,"date":"2017-09-22T12:45:09","date_gmt":"2017-09-22T10:45:09","guid":{"rendered":"http:\/\/www.portaldelolleria.es\/?p=18236"},"modified":"2017-09-22T12:45:09","modified_gmt":"2017-09-22T10:45:09","slug":"mon-doc-el-cine-documental-vuelve-a-montaverner","status":"publish","type":"post","link":"http:\/\/www.portaldelolleria.es\/?p=18236","title":{"rendered":"MON-DOC: El cine documental vuelve a Montaverner"},"content":{"rendered":"<p><a href=\"http:\/\/www.portaldelolleria.es\/wp-content\/uploads\/2017\/09\/mondoc1.jpg\"><img loading=\"lazy\" class=\"aligncenter size-full wp-image-18238\" title=\"mondoc1\" src=\"http:\/\/www.portaldelolleria.es\/wp-content\/uploads\/2017\/09\/mondoc1.jpg\" alt=\"\" width=\"598\" height=\"398\" srcset=\"http:\/\/www.portaldelolleria.es\/wp-content\/uploads\/2017\/09\/mondoc1.jpg 598w, http:\/\/www.portaldelolleria.es\/wp-content\/uploads\/2017\/09\/mondoc1-300x199.jpg 300w\" sizes=\"(max-width: 598px) 100vw, 598px\" \/><\/a><\/p>\n<p>&nbsp;<\/p>\n<p style=\"text-align: justify;\">EL CINE DOCUMENTAL VUELVE A MONTAVERNER<\/p>\n<p>Esta tarde el Auditorio Luis Peir\u00f3 de Montaverner acoger\u00e1 la gala inaugural de la 9\u00aa edici\u00f3n de la Muestra Internacional de Cine Documental, MON \u00b7 DOC. Un acto que contar\u00e1 con la presencia del Diputado de Cultura de la Diputaci\u00f3n de Valencia, Xavier Rius, as\u00ed como autoridades y asociaciones culturales, tanto locales como comarcales, y que ser\u00e1 conducido por la periodista y escritora Iolanda Ibarra.<\/p>\n<p>Durante la gala se proyectar\u00e1 fuera de concurso el documental &#8216;The Resurrection Club&#8217;, un relato en primera persona de cuatro inocentes condenados a muerte y su lucha para acabar con la pena capital en Estados Unidos. La cinta, dirigida por \u00c1lvaro Corcuera y Guillermo Abril, estuvo nominada al Premio Goya a mejor corto documental.<\/p>\n<p>Ma\u00f1ana comienzan las proyecciones de los 15 documentales finalistas a los Premios MON \u00b7 DOC, 6 largos y 9 cortos, adem\u00e1s de dos proyecciones especiales fuera de concurso: la presentaci\u00f3n del documental &#8216;Hijos del Silencio&#8217;, producido por la Diputaci\u00f3n de Valencia y que ser\u00e1 presentado por la diputada de Memoria Hist\u00f3rica Rosa P\u00e9rez, y el estreno nacional de &#8216;Joe&#8217; s Violin &#8216;, nominado al Oscar a Mejor Corto Documental en la \u00faltima edici\u00f3n de estos premios. La programaci\u00f3n completa se puede consultar en http:\/\/montdoc.blogspot.com.es.<\/p>\n<p>Hasta el s\u00e1bado 30 de septiembre, y con entrada libre a todas las proyecciones, se podr\u00e1 disfrutar del mejor cine documental en MON \u00b7 DOC. Montaverner abra as\u00ed un a\u00f1o m\u00e1s una ventana al mundo.<\/p>\n<p>_________________________________<\/p>\n<p style=\"text-align: justify;\" align=\"center\"><span style=\"color: #800000;\"><strong>EL CINE DOCUMENTAL TORNA A MONTAVERNER<\/strong><\/span><\/p>\n<p style=\"text-align: justify;\"><span style=\"color: #800000;\">Esta vesprada l\u2019Auditori Luis Peir\u00f3 de Montaverner acollir\u00e0 la gala inaugural de la 9a edici\u00f3 de la Mostra Internacional de Cinema Documental, MON\u00b7DOC. Un acte que comptar\u00e0 amb la pres\u00e8ncia del Diputat de Cultura de la Diputaci\u00f3 de Val\u00e8ncia, Xavier Rius, aix\u00ed com autoritats i associacions culturals, tant locals com comarcals, i que ser\u00e0 condu\u00eft per la periodista i escriptora Iolanda Ibarra.<\/span><\/p>\n<p style=\"text-align: justify;\"><span style=\"color: #800000;\">Durant la gala es projectar\u00e0 fora de concurs el documental \u2018The Resurrection Club\u2019, un relat en primera persona de quatre innocents condemnats a mort i la seua lluita per acabar amb la pena capital als Estats Units. La cinta, dirigida per \u00c1lvaro Corcuera i Guillermo Abril, va estar nominada al Premi Goya a millor curt documental.<\/span><\/p>\n<p style=\"text-align: justify;\"><span style=\"color: #800000;\">Dem\u00e0 comencen les projeccions dels 15 documentals finalistes als Premis MON\u00b7DOC, 6 llargs i 9 curts, a m\u00e9s de dos projeccions especials fora de concurs: la presentaci\u00f3 del documental \u2018Fills del Silenci\u2019, produ\u00eft per la Diputaci\u00f3 de Val\u00e8ncia i que ser\u00e0 presentat per la diputada de Mem\u00f2ria Hist\u00f2rica Rosa P\u00e9rez, i l\u2019estrena nacional de \u2018Joe\u2019s Violin\u2019, nominat a l\u2019\u00d2scar a Millor Curt Documental en l\u2019\u00faltima edici\u00f3 d\u2019estos premis. La programaci\u00f3 completa es pot consultar a http:\/\/montdoc.blogspot.com.es.<\/span><\/p>\n<p style=\"text-align: justify;\"><span style=\"color: #800000;\">Fins dissabte 30 de setembre, i amb entrada lliure a totes les projeccions, es podr\u00e0 gaudir del millor cine documental a MON\u00b7DOC. Montaverner obri aix\u00ed un any m\u00e9s una finestra al m\u00f3n.<\/span><\/p>\n<p style=\"text-align: justify;\"><a href=\"http:\/\/www.portaldelolleria.es\/wp-content\/uploads\/2017\/09\/mondocpro.jpg\"><img loading=\"lazy\" class=\"aligncenter size-full wp-image-18237\" title=\"mondocpro\" src=\"http:\/\/www.portaldelolleria.es\/wp-content\/uploads\/2017\/09\/mondocpro.jpg\" alt=\"\" width=\"501\" height=\"2832\" srcset=\"http:\/\/www.portaldelolleria.es\/wp-content\/uploads\/2017\/09\/mondocpro.jpg 501w, http:\/\/www.portaldelolleria.es\/wp-content\/uploads\/2017\/09\/mondocpro-53x300.jpg 53w, http:\/\/www.portaldelolleria.es\/wp-content\/uploads\/2017\/09\/mondocpro-181x1024.jpg 181w\" sizes=\"(max-width: 501px) 100vw, 501px\" \/><\/a><\/p>\n","protected":false},"excerpt":{"rendered":"<p>&nbsp; EL CINE DOCUMENTAL VUELVE A MONTAVERNER Esta tarde el Auditorio Luis Peir\u00f3 de Montaverner acoger\u00e1 la gala inaugural de la 9\u00aa edici\u00f3n de la Muestra Internacional de Cine Documental, MON \u00b7 DOC. Un acto que contar\u00e1 con la presencia del Diputado de Cultura de la Diputaci\u00f3n de Valencia, Xavier Rius, as\u00ed como autoridades y [&hellip;]<\/p>\n","protected":false},"author":1,"featured_media":0,"comment_status":"closed","ping_status":"open","sticky":false,"template":"","format":"standard","meta":{"_monsterinsights_skip_tracking":false,"_monsterinsights_sitenote_active":false,"_monsterinsights_sitenote_note":"","_monsterinsights_sitenote_category":0},"categories":[16,789,12],"tags":[],"_links":{"self":[{"href":"http:\/\/www.portaldelolleria.es\/index.php?rest_route=\/wp\/v2\/posts\/18236"}],"collection":[{"href":"http:\/\/www.portaldelolleria.es\/index.php?rest_route=\/wp\/v2\/posts"}],"about":[{"href":"http:\/\/www.portaldelolleria.es\/index.php?rest_route=\/wp\/v2\/types\/post"}],"author":[{"embeddable":true,"href":"http:\/\/www.portaldelolleria.es\/index.php?rest_route=\/wp\/v2\/users\/1"}],"replies":[{"embeddable":true,"href":"http:\/\/www.portaldelolleria.es\/index.php?rest_route=%2Fwp%2Fv2%2Fcomments&post=18236"}],"version-history":[{"count":1,"href":"http:\/\/www.portaldelolleria.es\/index.php?rest_route=\/wp\/v2\/posts\/18236\/revisions"}],"predecessor-version":[{"id":18239,"href":"http:\/\/www.portaldelolleria.es\/index.php?rest_route=\/wp\/v2\/posts\/18236\/revisions\/18239"}],"wp:attachment":[{"href":"http:\/\/www.portaldelolleria.es\/index.php?rest_route=%2Fwp%2Fv2%2Fmedia&parent=18236"}],"wp:term":[{"taxonomy":"category","embeddable":true,"href":"http:\/\/www.portaldelolleria.es\/index.php?rest_route=%2Fwp%2Fv2%2Fcategories&post=18236"},{"taxonomy":"post_tag","embeddable":true,"href":"http:\/\/www.portaldelolleria.es\/index.php?rest_route=%2Fwp%2Fv2%2Ftags&post=18236"}],"curies":[{"name":"wp","href":"https:\/\/api.w.org\/{rel}","templated":true}]}}