{"id":18240,"date":"2017-09-22T12:54:08","date_gmt":"2017-09-22T10:54:08","guid":{"rendered":"http:\/\/www.portaldelolleria.es\/?p=18240"},"modified":"2017-09-22T12:54:08","modified_gmt":"2017-09-22T10:54:08","slug":"acto-de-apertura-del-curso-2017-18-de-la-universidad-senior-de-alcoi","status":"publish","type":"post","link":"http:\/\/www.portaldelolleria.es\/?p=18240","title":{"rendered":"Acto de Apertura del curso 2017-18 de la Universidad Senior de Alcoi"},"content":{"rendered":"<p style=\"text-align: justify;\">\u00a0<a href=\"http:\/\/www.portaldelolleria.es\/wp-content\/uploads\/2017\/09\/upv1.jpg\"><img loading=\"lazy\" class=\"aligncenter size-full wp-image-18241\" title=\"upv1\" src=\"http:\/\/www.portaldelolleria.es\/wp-content\/uploads\/2017\/09\/upv1.jpg\" alt=\"\" width=\"598\" height=\"398\" srcset=\"http:\/\/www.portaldelolleria.es\/wp-content\/uploads\/2017\/09\/upv1.jpg 598w, http:\/\/www.portaldelolleria.es\/wp-content\/uploads\/2017\/09\/upv1-300x199.jpg 300w\" sizes=\"(max-width: 598px) 100vw, 598px\" \/><\/a><\/p>\n<p style=\"text-align: justify;\">\n<strong>Acto de Apertura del curso 2017-18 de la Universidad Senior de Alcoy<\/strong><\/p>\n<p style=\"text-align: justify;\"><strong><\/strong><br \/>\nEl acto ha estado presidido por Juan Ignacio Torregrosa, director del campus, acompa\u00f1ado por la regidora Aroa Mira y la subdirectora responsable de la Senior Rosa Vercher.<\/p>\n<p style=\"text-align: justify;\">La lecci\u00f3n inaugural: \u201cRelato breve de una cierta intimidad\u201d, corri\u00f3 a cargo del profesor Juan Francisco Pic\u00f3.<br \/>\nLas clases comenzar\u00e1n el pr\u00f3ximo 25 de septiembre para los dos grupos que suman alrededor de 200 alumnos.<\/p>\n<p style=\"text-align: justify;\">Esta tarde ha tenido lugar en el Sal\u00f3n de Grados Roberto Garc\u00eda Pay\u00e1 del Campus d\u2019Alcoi de la Universitat Polit\u00e8cnica de Val\u00e8ncia (UPV), el tradicional Acto de Apertura de la Universidad Senior.<\/p>\n<p style=\"text-align: justify;\">El acto ha estado presidido por <strong>Juan Ignacio Torregrosa<\/strong>, director del Campus de Alcoi de la UPV, por \u00a0<strong>Aroa<\/strong> <strong>Mira,<\/strong> regidora de Pol\u00edticas Sociales e Igualdad del Ayuntamiento de Alcoy, \u00a0por \u00a0<strong>Camilo Albero, <\/strong>Presidente de<strong> <\/strong>la Asociaci\u00f3n Senior en Alcoy \u00a0y por <strong>Rosa Vercher<\/strong> subdirectora de Cultura y Coordinadora\u00a0 de la Universidad Senior.<\/p>\n<p style=\"text-align: justify;\">Comenz\u00f3 con la bienvenida por parte de la subdirectora, que tras una breve presentaci\u00f3n de los actividades realizadas en el pasado curso, cedi\u00f3 la palabra a los miembros de la mesa presidencial, finalmente el director del campus, Juan Ignacio Torregrosa cerr\u00f3 el turno de palabas. A continuaci\u00f3n,\u00a0 <strong>Juan Francisco Pic\u00f3<\/strong> fue el encargado de la lecci\u00f3n inaugural.<\/p>\n<p style=\"text-align: justify;\"><strong>La Lecci\u00f3n Inaugural \u201c<em>\u201cRelato breve de una cierta intimidad\u201d<\/em><\/strong><\/p>\n<p style=\"text-align: justify;\">\u201dA veces un delicado acto \u00edntimo o una brusca confesi\u00f3n de algo completamente evidente y conocido producen reacciones insospechadas en el mundo.<\/p>\n<p style=\"text-align: justify;\">Hist\u00f3ricamente algunos actos de estas caracter\u00edsticas han conducido al desarrollo de actividades econ\u00f3micas cuyo resultado ha sido engrosar el elenco de elementos que definen una civilizaci\u00f3n. Tambi\u00e9n, tales actos acaban siendo de rabiosa actualidad para el dise\u00f1o industrial, para el urbanismo e incluso para el desarrollo de las actividades tur\u00edsticas. Este relato pondr\u00e1 de manifiesto con brevedad los efectos de una cierta intimidad.\u201d<\/p>\n<p style=\"text-align: justify;\"><strong>Breve rese\u00f1a del ponente<\/strong><\/p>\n<p style=\"text-align: justify;\">Juan Francisco Pic\u00f3 Silvestre, Arquitecto Superior por la UPV (1984), Doctor Arquitecto por la UPV (2013). Profesor Asociado del Departamento de Composici\u00f3n Arquitect\u00f3nica adscrito al Campus d&#8217;Alcoi de la UPV desde 2006,\u00a0 en el Grado de Ingenier\u00eda en Dise\u00f1o Industrial y Desarrollo de Productos en la Materia de Fundamentos del Dise\u00f1o en la asignatura \u00abEst\u00e9tica e Historia del Dise\u00f1o\u00bb y en la asignatura optativa \u00abArte y Ciencia: una historia compartida\u00bb.<\/p>\n<p style=\"text-align: justify;\">Tambi\u00e9n ha ejercido durante los \u00faltimos cursos como\u00a0 Profesor coordinador del Taller Milano-workshop y del Programa Retos del campus. En la actualidad,\u00a0 compagina sus labores acad\u00e9micas formando parte de la direcci\u00f3n del centro, siendo responsable del \u00c1rea del Entorno y de las Sedes Universitarias.<\/p>\n<p style=\"text-align: justify;\">\n<p style=\"text-align: justify;\"><strong>La oferta para este curso<\/strong><\/p>\n<p style=\"text-align: justify;\">Los 200 alumnos matriculados en el Campus de Alcoy tendr\u00e1n la posibilidad de escoger entre la doble oferta, dos cursos globales que se desarrollar\u00e1n del 25 de septiembre al 30 de mayo en id\u00e9ntico horario los lunes y mi\u00e9rcoles, de 17 a 19:30 horas.<\/p>\n<p style=\"text-align: justify;\">El primero de ellos contiene 12 asignaturas: Cine Negro II, La publicidad de ayer y de hoy, Una nueva visi\u00f3n de la econom\u00eda, La comunicaci\u00f3n en la sociedad del siglo XXI, Nuevas miradas a la belleza, No tomar\u00e1s el nombre de la ciencia en vano, Etiquetado de los alimentos, 100 composiciones para una historia de la m\u00fasica, Astronom\u00eda, Nuestros autores, Educaci\u00f3n visual y Nuestras tierras.<\/p>\n<p style=\"text-align: justify;\">El segundo, por su parte, consta de las siguientes: Aprender a mirar una obra de arte, Cine comedia cl\u00e1sica americana, La publicidad: un breve repaso a trav\u00e9s de la historia, Lengua y cultura china, Literatura universal, \u00bfEn qu\u00e9 mundo vivimos?, Uso y abuso de los medicamentos, Construyendo nuestra historia, Glops de ciencia, Arqueolog\u00eda de la comarca de L&#8217;Alcoi\u00e0 y El Comptat, Sobre la hermosura en la ciencia y la tecnolog\u00eda y 100 composiciones para una historia de la m\u00fasica.<\/p>\n<p style=\"text-align: justify;\">El Acto de Apertura, finaliz\u00f3 con la interpretaci\u00f3n de \u201cGaudeamus Igitur\u201d interpretado por\u00a0 el Coro de la Universidad Senior del Campus de Alcoy, dirigido por Jordi Sempere Azor\u00edn.<\/p>\n<p>&nbsp;<\/p>\n","protected":false},"excerpt":{"rendered":"<p>\u00a0 Acto de Apertura del curso 2017-18 de la Universidad Senior de Alcoy El acto ha estado presidido por Juan Ignacio Torregrosa, director del campus, acompa\u00f1ado por la regidora Aroa Mira y la subdirectora responsable de la Senior Rosa Vercher. La lecci\u00f3n inaugural: \u201cRelato breve de una cierta intimidad\u201d, corri\u00f3 a cargo del profesor Juan [&hellip;]<\/p>\n","protected":false},"author":1,"featured_media":0,"comment_status":"closed","ping_status":"open","sticky":false,"template":"","format":"standard","meta":{"_monsterinsights_skip_tracking":false,"_monsterinsights_sitenote_active":false,"_monsterinsights_sitenote_note":"","_monsterinsights_sitenote_category":0},"categories":[12,1058],"tags":[],"_links":{"self":[{"href":"http:\/\/www.portaldelolleria.es\/index.php?rest_route=\/wp\/v2\/posts\/18240"}],"collection":[{"href":"http:\/\/www.portaldelolleria.es\/index.php?rest_route=\/wp\/v2\/posts"}],"about":[{"href":"http:\/\/www.portaldelolleria.es\/index.php?rest_route=\/wp\/v2\/types\/post"}],"author":[{"embeddable":true,"href":"http:\/\/www.portaldelolleria.es\/index.php?rest_route=\/wp\/v2\/users\/1"}],"replies":[{"embeddable":true,"href":"http:\/\/www.portaldelolleria.es\/index.php?rest_route=%2Fwp%2Fv2%2Fcomments&post=18240"}],"version-history":[{"count":1,"href":"http:\/\/www.portaldelolleria.es\/index.php?rest_route=\/wp\/v2\/posts\/18240\/revisions"}],"predecessor-version":[{"id":18242,"href":"http:\/\/www.portaldelolleria.es\/index.php?rest_route=\/wp\/v2\/posts\/18240\/revisions\/18242"}],"wp:attachment":[{"href":"http:\/\/www.portaldelolleria.es\/index.php?rest_route=%2Fwp%2Fv2%2Fmedia&parent=18240"}],"wp:term":[{"taxonomy":"category","embeddable":true,"href":"http:\/\/www.portaldelolleria.es\/index.php?rest_route=%2Fwp%2Fv2%2Fcategories&post=18240"},{"taxonomy":"post_tag","embeddable":true,"href":"http:\/\/www.portaldelolleria.es\/index.php?rest_route=%2Fwp%2Fv2%2Ftags&post=18240"}],"curies":[{"name":"wp","href":"https:\/\/api.w.org\/{rel}","templated":true}]}}