{"id":18247,"date":"2017-09-22T13:26:28","date_gmt":"2017-09-22T11:26:28","guid":{"rendered":"http:\/\/www.portaldelolleria.es\/?p=18247"},"modified":"2017-09-22T13:26:28","modified_gmt":"2017-09-22T11:26:28","slug":"piccola-lirica-en-concierto","status":"publish","type":"post","link":"http:\/\/www.portaldelolleria.es\/?p=18247","title":{"rendered":"Piccola L\u00edrica en concierto"},"content":{"rendered":"<p><a href=\"http:\/\/www.portaldelolleria.es\/wp-content\/uploads\/2017\/09\/piccola.jpg\"><img loading=\"lazy\" class=\"aligncenter size-full wp-image-18249\" title=\"piccola\" src=\"http:\/\/www.portaldelolleria.es\/wp-content\/uploads\/2017\/09\/piccola.jpg\" alt=\"\" width=\"598\" height=\"398\" srcset=\"http:\/\/www.portaldelolleria.es\/wp-content\/uploads\/2017\/09\/piccola.jpg 598w, http:\/\/www.portaldelolleria.es\/wp-content\/uploads\/2017\/09\/piccola-300x199.jpg 300w\" sizes=\"(max-width: 598px) 100vw, 598px\" \/><\/a><\/p>\n<p>&nbsp;<\/p>\n<p><strong>S\u00e1bado 23 de septiembre, Teatro Goya 20 h\u00a0 Piccola Serenata<\/strong><\/p>\n<p>El grupo Piccola Serenata, presenta\u00a0 \u201cLa Piccola L\u00edrica\u201d, con el tenor Rafa Sanz.\u00a0\u00a0 Boleros, tangos, rancheras y piezas l\u00edricas acompa\u00f1ado por instrumentos ac\u00fasticos. Piccola Serenata son Antonio Espa\u00f1a \u00abtrompa\u00bb, voz y guitarra, Ricardo Oliver, guitarra, Juan Carlos Martinez, laud y Juanjo Blanco, voz y requinto. Repertorio con piezas de todos los tiempos dentro de su g\u00e9nero que son la especialidad de este grupo, y que sin duda deleitar\u00e1 a los aficionados a \u00e9ste g\u00e9nero.<\/p>\n<p>.<\/p>\n<p><iframe loading=\"lazy\" src=\"https:\/\/www.youtube.com\/embed\/Gf-qGPxOOsg?rel=0\" frameborder=\"0\" width=\"560\" height=\"315\"><\/iframe><\/p>\n<p>&nbsp;<\/p>\n<p><a href=\"http:\/\/www.portaldelolleria.es\/wp-content\/uploads\/2017\/09\/piccola2.jpg\"><img loading=\"lazy\" class=\"aligncenter size-full wp-image-18248\" title=\"piccola2\" src=\"http:\/\/www.portaldelolleria.es\/wp-content\/uploads\/2017\/09\/piccola2.jpg\" alt=\"\" width=\"598\" height=\"845\" srcset=\"http:\/\/www.portaldelolleria.es\/wp-content\/uploads\/2017\/09\/piccola2.jpg 598w, http:\/\/www.portaldelolleria.es\/wp-content\/uploads\/2017\/09\/piccola2-212x300.jpg 212w\" sizes=\"(max-width: 598px) 100vw, 598px\" \/><\/a><\/p>\n","protected":false},"excerpt":{"rendered":"<p>&nbsp; S\u00e1bado 23 de septiembre, Teatro Goya 20 h\u00a0 Piccola Serenata El grupo Piccola Serenata, presenta\u00a0 \u201cLa Piccola L\u00edrica\u201d, con el tenor Rafa Sanz.\u00a0\u00a0 Boleros, tangos, rancheras y piezas l\u00edricas acompa\u00f1ado por instrumentos ac\u00fasticos. Piccola Serenata son Antonio Espa\u00f1a \u00abtrompa\u00bb, voz y guitarra, Ricardo Oliver, guitarra, Juan Carlos Martinez, laud y Juanjo Blanco, voz y [&hellip;]<\/p>\n","protected":false},"author":1,"featured_media":0,"comment_status":"closed","ping_status":"open","sticky":false,"template":"","format":"standard","meta":{"_monsterinsights_skip_tracking":false,"_monsterinsights_sitenote_active":false,"_monsterinsights_sitenote_note":"","_monsterinsights_sitenote_category":0},"categories":[15,12],"tags":[],"_links":{"self":[{"href":"http:\/\/www.portaldelolleria.es\/index.php?rest_route=\/wp\/v2\/posts\/18247"}],"collection":[{"href":"http:\/\/www.portaldelolleria.es\/index.php?rest_route=\/wp\/v2\/posts"}],"about":[{"href":"http:\/\/www.portaldelolleria.es\/index.php?rest_route=\/wp\/v2\/types\/post"}],"author":[{"embeddable":true,"href":"http:\/\/www.portaldelolleria.es\/index.php?rest_route=\/wp\/v2\/users\/1"}],"replies":[{"embeddable":true,"href":"http:\/\/www.portaldelolleria.es\/index.php?rest_route=%2Fwp%2Fv2%2Fcomments&post=18247"}],"version-history":[{"count":1,"href":"http:\/\/www.portaldelolleria.es\/index.php?rest_route=\/wp\/v2\/posts\/18247\/revisions"}],"predecessor-version":[{"id":18250,"href":"http:\/\/www.portaldelolleria.es\/index.php?rest_route=\/wp\/v2\/posts\/18247\/revisions\/18250"}],"wp:attachment":[{"href":"http:\/\/www.portaldelolleria.es\/index.php?rest_route=%2Fwp%2Fv2%2Fmedia&parent=18247"}],"wp:term":[{"taxonomy":"category","embeddable":true,"href":"http:\/\/www.portaldelolleria.es\/index.php?rest_route=%2Fwp%2Fv2%2Fcategories&post=18247"},{"taxonomy":"post_tag","embeddable":true,"href":"http:\/\/www.portaldelolleria.es\/index.php?rest_route=%2Fwp%2Fv2%2Ftags&post=18247"}],"curies":[{"name":"wp","href":"https:\/\/api.w.org\/{rel}","templated":true}]}}