{"id":18268,"date":"2017-09-27T10:02:34","date_gmt":"2017-09-27T08:02:34","guid":{"rendered":"http:\/\/www.portaldelolleria.es\/?p=18268"},"modified":"2017-09-27T10:02:34","modified_gmt":"2017-09-27T08:02:34","slug":"mon-doc-retoma-las-proyecciones-con-la-presentacion-de-fills-del-silenci","status":"publish","type":"post","link":"http:\/\/www.portaldelolleria.es\/?p=18268","title":{"rendered":"MON-DOC retoma las proyecciones con la presentaci\u00f3n de \u00abFills del silenci\u00bb"},"content":{"rendered":"<p><a href=\"http:\/\/www.portaldelolleria.es\/wp-content\/uploads\/2017\/09\/mondoc4.jpg\"><img loading=\"lazy\" class=\"aligncenter size-full wp-image-18270\" title=\"mondoc4\" src=\"http:\/\/www.portaldelolleria.es\/wp-content\/uploads\/2017\/09\/mondoc4.jpg\" alt=\"\" width=\"598\" height=\"393\" srcset=\"http:\/\/www.portaldelolleria.es\/wp-content\/uploads\/2017\/09\/mondoc4.jpg 598w, http:\/\/www.portaldelolleria.es\/wp-content\/uploads\/2017\/09\/mondoc4-300x197.jpg 300w\" sizes=\"(max-width: 598px) 100vw, 598px\" \/><\/a><\/p>\n<p style=\"text-align: justify;\">27\/09\/2017<\/p>\n<p style=\"text-align: justify;\">Tras el primer fin de semana MON \u00b7 DOC 2017 alza de nuevo el tel\u00f3n esta tarde a las 19.00h para presentar, fuera de concurso, el documental &#8216;Hijos del silencio&#8217;, producido por la Diputaci\u00f3n de Valencia y que ser\u00e1 presentado por la Diputada de Memoria Hist\u00f3rica Rosa P\u00e9rez.<\/p>\n<p>En el acto, que ser\u00e1 conducido por la periodista Yolanda Ibarra, y en que tambi\u00e9n intervendr\u00e1 el alcalde de Montaverner Juli Juan, se presentar\u00e1 este trabajo sobre el vac\u00edo en la memoria que poseen los j\u00f3venes sobre la represi\u00f3n franquista. Un vac\u00edo y un silencio que empezaron con los hijos de aquellos que sufrieron las represalias, quienes por miedo a nuevos sufrimientos y castigos para la familia callaron y ocultaron todo lo que hab\u00eda pasado.<\/p>\n<p>El balance que hace la Concejal\u00eda de Cultura de Montaverner es muy satisfactorio, ya que de momento el p\u00fablico ha respondido muy bien en todas las sesiones del s\u00e1bado y domingo, mostr\u00e1ndose participativo tanto en las votaciones para el Premio del P\u00fablico como en las sesiones en que han estado presentes los directores para presentar sus trabajos.<\/p>\n<p>A partir de ma\u00f1ana jueves volver\u00e1n las proyecciones de los finalistas del Premio MON \u00b7 DOC. A las 18.00h se proyectar\u00e1 &#8216;Smile&#8217; y a las 19.30h ser\u00e1 el turno de &#8216;espias en la arena. Objetivo Espa\u00f1a &#8216;, que ser\u00e1 presentado por su productor, Xavier Crespo.<\/p>\n<p style=\"text-align: justify;\">______________________________<\/p>\n<p style=\"text-align: justify;\"><span style=\"color: #800000;\">Despr\u00e9s del primer cap de setmana MON\u00b7DOC 2017 al\u00e7a de nou el tel\u00f3 esta vesprada a les 19.00h per a presentar, fora de concurs, el documental \u2018Fills del silenci\u2019, produ\u00eft per la Diputaci\u00f3 de Val\u00e8ncia i que ser\u00e0 presentat per la Diputada de Mem\u00f2ria Hist\u00f2rica Rosa P\u00e9rez.<\/span><\/p>\n<p style=\"text-align: justify;\"><span style=\"color: #800000;\">En l\u2019acte, que ser\u00e0 conduit per la periodista Iolanda Ibarra, i en que tamb\u00e9 intervindr\u00e0 l\u2019alcalde de Montaverner Juli Juan, es presentar\u00e0 aquest treball sobre el buit en la mem\u00f2ria que posseeixen els joves sobre la repressi\u00f3 franquista. Un buit i un silenci que comen\u00e7aren amb els fills d\u2019aquells que sofriren les repres\u00e0lies, els qui per por a nous sofriments i c\u00e0stigs per a la fam\u00edlia callaren i amagaren tot el que havia passat.<\/span><\/p>\n<p style=\"text-align: justify;\"><span style=\"color: #800000;\">El balan\u00e7 que fa la Regidoria de Cultura de Montaverner \u00e9s molt satisfactori, ja que de moment el p\u00fablic ha respost molt b\u00e9 en totes les sessions de dissabte i diumenge, mostrant-se participatiu tant en les votacions per al Premi del P\u00fablic com en les sessions en que han estat presents els directors per presentar els seus treballs.<\/span><\/p>\n<p style=\"text-align: justify;\"><span style=\"color: #800000;\">A partir de dem\u00e0 dijous tornaran les projeccions dels finalistes del Premi MON\u00b7DOC. A les 18.00h es projectar\u00e0 \u2018Smile\u2019 i a les 19.30h ser\u00e0 el torn de \u2018Esp\u00edas en la arena. Objetivo Espa\u00f1a\u2019, que ser\u00e0 presentat pel seu productor, Xavier Crespo.<\/span><\/p>\n<p style=\"text-align: justify;\"><a href=\"http:\/\/www.portaldelolleria.es\/wp-content\/uploads\/2017\/09\/mondoc3.jpg\"><img loading=\"lazy\" class=\"aligncenter size-full wp-image-18269\" title=\"mondoc3\" src=\"http:\/\/www.portaldelolleria.es\/wp-content\/uploads\/2017\/09\/mondoc3.jpg\" alt=\"\" width=\"598\" height=\"841\" srcset=\"http:\/\/www.portaldelolleria.es\/wp-content\/uploads\/2017\/09\/mondoc3.jpg 598w, http:\/\/www.portaldelolleria.es\/wp-content\/uploads\/2017\/09\/mondoc3-213x300.jpg 213w\" sizes=\"(max-width: 598px) 100vw, 598px\" \/><\/a><\/p>\n","protected":false},"excerpt":{"rendered":"<p>27\/09\/2017 Tras el primer fin de semana MON \u00b7 DOC 2017 alza de nuevo el tel\u00f3n esta tarde a las 19.00h para presentar, fuera de concurso, el documental &#8216;Hijos del silencio&#8217;, producido por la Diputaci\u00f3n de Valencia y que ser\u00e1 presentado por la Diputada de Memoria Hist\u00f3rica Rosa P\u00e9rez. En el acto, que ser\u00e1 conducido [&hellip;]<\/p>\n","protected":false},"author":1,"featured_media":0,"comment_status":"closed","ping_status":"open","sticky":false,"template":"","format":"standard","meta":{"_monsterinsights_skip_tracking":false,"_monsterinsights_sitenote_active":false,"_monsterinsights_sitenote_note":"","_monsterinsights_sitenote_category":0},"categories":[16,789,12],"tags":[],"_links":{"self":[{"href":"http:\/\/www.portaldelolleria.es\/index.php?rest_route=\/wp\/v2\/posts\/18268"}],"collection":[{"href":"http:\/\/www.portaldelolleria.es\/index.php?rest_route=\/wp\/v2\/posts"}],"about":[{"href":"http:\/\/www.portaldelolleria.es\/index.php?rest_route=\/wp\/v2\/types\/post"}],"author":[{"embeddable":true,"href":"http:\/\/www.portaldelolleria.es\/index.php?rest_route=\/wp\/v2\/users\/1"}],"replies":[{"embeddable":true,"href":"http:\/\/www.portaldelolleria.es\/index.php?rest_route=%2Fwp%2Fv2%2Fcomments&post=18268"}],"version-history":[{"count":2,"href":"http:\/\/www.portaldelolleria.es\/index.php?rest_route=\/wp\/v2\/posts\/18268\/revisions"}],"predecessor-version":[{"id":18272,"href":"http:\/\/www.portaldelolleria.es\/index.php?rest_route=\/wp\/v2\/posts\/18268\/revisions\/18272"}],"wp:attachment":[{"href":"http:\/\/www.portaldelolleria.es\/index.php?rest_route=%2Fwp%2Fv2%2Fmedia&parent=18268"}],"wp:term":[{"taxonomy":"category","embeddable":true,"href":"http:\/\/www.portaldelolleria.es\/index.php?rest_route=%2Fwp%2Fv2%2Fcategories&post=18268"},{"taxonomy":"post_tag","embeddable":true,"href":"http:\/\/www.portaldelolleria.es\/index.php?rest_route=%2Fwp%2Fv2%2Ftags&post=18268"}],"curies":[{"name":"wp","href":"https:\/\/api.w.org\/{rel}","templated":true}]}}