{"id":18276,"date":"2017-09-29T10:43:44","date_gmt":"2017-09-29T08:43:44","guid":{"rendered":"http:\/\/www.portaldelolleria.es\/?p=18276"},"modified":"2017-09-29T10:43:56","modified_gmt":"2017-09-29T08:43:56","slug":"ultimos-cortometrajes-finalistas","status":"publish","type":"post","link":"http:\/\/www.portaldelolleria.es\/?p=18276","title":{"rendered":"\u00daltimos cortometrajes finalistas"},"content":{"rendered":"<p><a href=\"http:\/\/www.portaldelolleria.es\/wp-content\/uploads\/2017\/09\/mondoc11.jpg\"><img loading=\"lazy\" class=\"aligncenter size-full wp-image-18277\" title=\"mondoc1\" src=\"http:\/\/www.portaldelolleria.es\/wp-content\/uploads\/2017\/09\/mondoc11.jpg\" alt=\"\" width=\"598\" height=\"398\" srcset=\"http:\/\/www.portaldelolleria.es\/wp-content\/uploads\/2017\/09\/mondoc11.jpg 598w, http:\/\/www.portaldelolleria.es\/wp-content\/uploads\/2017\/09\/mondoc11-300x199.jpg 300w\" sizes=\"(max-width: 598px) 100vw, 598px\" \/><\/a><\/p>\n<p style=\"text-align: justify;\">Esta tarde a partir de las 18.00h se proyectar\u00e1n los \u00faltimos documentales a concurso dentro de la programaci\u00f3n de MON \u00b7 DOC 2017. En concreto ser\u00e1n 7 los cortos que se podr\u00e1n ver en el Auditorio Luis Peir\u00f3 de Montaverner.<br \/>\nEl primero ser\u00e1 &#8217;56&#8217;, dirigido por Marco Huertas y que narra la lucha de 3 ni\u00f1os para conseguir el 56 kg de arroz que necesitan para poder pagarse la escuela en Madagascar. El trabajo ser\u00e1 presentado por su director. El seguir\u00e1 &#8216;Tiempo de \u00c9coute&#8217;, un documental dirigido por Pol Penas y que nos presenta el g\u00e9nero como condicionante de la salud e invita a la reflexi\u00f3n sobre los efectos de los roles de g\u00e9nero en el acceso a los servicios m\u00e9dicos.<br \/>\n&#8216;Goyun&#8217;, de Javier G\u00f3mez Bello, se proyectar\u00e1 a partir de las 19.30h. Un trabajo que demuestra que se puede viajar con muy poco y recibir mucho a cambio. Al terminar este ser\u00e1 el turno para &#8216;Tukk&#8217;eb Teere Ba (El viaje del libro)&#8217;, una historia que demuestra que el sentimiento fraternal no conoce fronteras geogr\u00e1ficas ni sociales. Un documental dirigir por Dani Mill\u00e1n. Con &#8216;Mu\u00f1ecas Bravas&#8217;, de Maximiliano Gonz\u00e1lez y Julieta Cherep, viajaremos a M\u00e9xico DF para conocer el \u00fanico hogar del mundo para prostitutas de la tercera edad que no tienen donde ir. Cerrar\u00e1 este segundo bloque el multipremiado &#8216;The fourth kingdom&#8217;, de los directores valencianos Ad\u00e1n Aliaga y Alex Lora. Una visi\u00f3n del sue\u00f1o americano a trav\u00e9s de un centro de reciclaje de pl\u00e1stico y reinserci\u00f3n de inmigrantes y desamparados.<br \/>\nLa \u00faltima proyecci\u00f3n ser\u00e1 la de Eleuterio S\u00e1nchez contra el Lute &#8216;, a las 21.00h y con la presencia de Carlos Moro Lapierre, director del documental. A trav\u00e9s del fugitivo m\u00e1s famoso de Espa\u00f1a y de su vida se hace un repaso de la historia m\u00e1s reciente de nuestro pa\u00eds. Un trabajo que este misma semana en ganado el Primer Premio en el Festival Internacional de Cine de Panam\u00e1.<br \/>\nCon estos documentales concluyen las proyecciones de los 15 documentales participantes en el Premio MON \u00b7 DOC. Ma\u00f1ana s\u00e1bado a partir de las 20.00h se har\u00e1 la entrega de los premios y se proyectar\u00e1, por primera vez en nuestro pa\u00eds, Joe&#8217;s Violin &#8216;, nominado en la pasada edici\u00f3n de los Oscar a mejor corto documental.<\/p>\n<p>_________________________________<\/p>\n<p style=\"text-align: justify;\"><span style=\"color: #800000;\">Esta vesprada a partir de les 18.00h es projectaran els \u00faltims documentals a concurs dins la programaci\u00f3 de MON\u00b7DOC 2017. En concret seran 7 els curts que es podran vore a l\u2019Auditori Luis Peir\u00f3 de Montaverner.<\/span><\/p>\n<p style=\"text-align: justify;\"><span style=\"color: #800000;\">El primer ser\u00e0 \u201856\u2019, dirigit per Marco Huertas i que narra la lluita de 3 nens per aconseguir el 56 kg d\u2019arr\u00f2s que necessiten per a poder pagar-se l\u2019escola a Madagascar. El treball ser\u00e0 presentat pel seu director. El seguir\u00e0 \u2018Temps d\u2019\u00c9coute\u2019, un documental dirigit per Pol Penas i que ens presenta el g\u00e8nere com a condicionant de la salut i convida a la reflexi\u00f3 sobre els efectes dels rols de g\u00e8nere en l\u2019acc\u00e9s als serveis m\u00e8dics.<\/span><\/p>\n<p style=\"text-align: justify;\"><span style=\"color: #800000;\">\u2018Goyun\u2019, de Javier G\u00f3mez Bello, es projectar\u00e0 a partir de les 19.30h. Un treball que demostra que es pot viatjar amb molt poc i rebre molt a canvi. En acabar aquest ser\u00e0 el torn per a \u2018Tukk\u2019eb Teere Ba (El viaje del libro)\u2019, una hist\u00f2ria que demostra que el sentiment fraternal no coneix fronteres geogr\u00e0fiques ni socials. Un documental dirigir per Dani Mill\u00e1n. Amb \u2018Mu\u00f1ecas Bravas\u2019, de Maximiliano Gonz\u00e1lez i Julieta Cherep, viatjarem a M\u00e8xic DF per con\u00e9ixer l\u2019\u00fanica llar del m\u00f3n per a prostitutes de la tercera edat que no tenen on anar. Tancar\u00e0 aquest segon bloc el multipremiat \u2018The fourth kingdom\u2019, dels directors valencians Ad\u00e1n Aliaga i \u00c0lex Lora. Una visi\u00f3 del somni americ\u00e0 a trav\u00e9s d\u2019un centre de reciclatge de pl\u00e0stic i reinserci\u00f3 d\u2019immigrants i desemparats.<\/span><\/p>\n<p style=\"text-align: justify;\"><span style=\"color: #800000;\">L\u2019\u00faltima projecci\u00f3 ser\u00e0 la de \u2018Eleuterio S\u00e1nchez contra el Lute\u2019, a les 21.00h i amb la pres\u00e8ncia de Carlos Moro Lapierre, director del documental. A trav\u00e9s del fugitiu m\u00e9s fam\u00f3s d\u2019Espanya i de la seua vida es fa un rep\u00e0s de la hist\u00f2ria m\u00e9s recent del nostre pa\u00eds. Un treball que aquest mateixa setmana a guanyat el Primer Premi al Festival Internacional de Cinema de Panam\u00e0.<\/span><\/p>\n<p style=\"text-align: justify;\"><span style=\"color: #800000;\">Amb aquestos documentals conclouen les projeccions dels 15 documentals participants al Premi MON\u00b7DOC. Dem\u00e0 dissabte a partir de les 20.00h es far\u00e0 l\u2019entrega dels premis i es projectar\u00e0, per primera vegada al nostre pa\u00eds, \u2018Joe\u2019s Violin\u2019, nominat en la passada edici\u00f3 dels Oscar a millor curt documental.<\/span><\/p>\n","protected":false},"excerpt":{"rendered":"<p>Esta tarde a partir de las 18.00h se proyectar\u00e1n los \u00faltimos documentales a concurso dentro de la programaci\u00f3n de MON \u00b7 DOC 2017. En concreto ser\u00e1n 7 los cortos que se podr\u00e1n ver en el Auditorio Luis Peir\u00f3 de Montaverner. El primero ser\u00e1 &#8217;56&#8217;, dirigido por Marco Huertas y que narra la lucha de 3 [&hellip;]<\/p>\n","protected":false},"author":1,"featured_media":0,"comment_status":"closed","ping_status":"open","sticky":false,"template":"","format":"standard","meta":{"_monsterinsights_skip_tracking":false,"_monsterinsights_sitenote_active":false,"_monsterinsights_sitenote_note":"","_monsterinsights_sitenote_category":0},"categories":[789,12],"tags":[],"_links":{"self":[{"href":"http:\/\/www.portaldelolleria.es\/index.php?rest_route=\/wp\/v2\/posts\/18276"}],"collection":[{"href":"http:\/\/www.portaldelolleria.es\/index.php?rest_route=\/wp\/v2\/posts"}],"about":[{"href":"http:\/\/www.portaldelolleria.es\/index.php?rest_route=\/wp\/v2\/types\/post"}],"author":[{"embeddable":true,"href":"http:\/\/www.portaldelolleria.es\/index.php?rest_route=\/wp\/v2\/users\/1"}],"replies":[{"embeddable":true,"href":"http:\/\/www.portaldelolleria.es\/index.php?rest_route=%2Fwp%2Fv2%2Fcomments&post=18276"}],"version-history":[{"count":2,"href":"http:\/\/www.portaldelolleria.es\/index.php?rest_route=\/wp\/v2\/posts\/18276\/revisions"}],"predecessor-version":[{"id":18279,"href":"http:\/\/www.portaldelolleria.es\/index.php?rest_route=\/wp\/v2\/posts\/18276\/revisions\/18279"}],"wp:attachment":[{"href":"http:\/\/www.portaldelolleria.es\/index.php?rest_route=%2Fwp%2Fv2%2Fmedia&parent=18276"}],"wp:term":[{"taxonomy":"category","embeddable":true,"href":"http:\/\/www.portaldelolleria.es\/index.php?rest_route=%2Fwp%2Fv2%2Fcategories&post=18276"},{"taxonomy":"post_tag","embeddable":true,"href":"http:\/\/www.portaldelolleria.es\/index.php?rest_route=%2Fwp%2Fv2%2Ftags&post=18276"}],"curies":[{"name":"wp","href":"https:\/\/api.w.org\/{rel}","templated":true}]}}