{"id":18296,"date":"2017-09-30T10:00:32","date_gmt":"2017-09-30T08:00:32","guid":{"rendered":"http:\/\/www.portaldelolleria.es\/?p=18296"},"modified":"2017-09-29T19:35:22","modified_gmt":"2017-09-29T17:35:22","slug":"mon-doc-baja-el-telon-tras-una-semana-del-mejor-cine-documental","status":"publish","type":"post","link":"http:\/\/www.portaldelolleria.es\/?p=18296","title":{"rendered":"MON-DOC baja el tel\u00f3n tras una semana del mejor cine documental"},"content":{"rendered":"<p><a href=\"http:\/\/www.portaldelolleria.es\/wp-content\/uploads\/2017\/09\/JoesViolin_Bob_Richman_5.jpg\"><img loading=\"lazy\" class=\"aligncenter size-full wp-image-18297\" title=\"JoesViolin_Bob_Richman_5\" src=\"http:\/\/www.portaldelolleria.es\/wp-content\/uploads\/2017\/09\/JoesViolin_Bob_Richman_5.jpg\" alt=\"\" width=\"598\" height=\"388\" srcset=\"http:\/\/www.portaldelolleria.es\/wp-content\/uploads\/2017\/09\/JoesViolin_Bob_Richman_5.jpg 598w, http:\/\/www.portaldelolleria.es\/wp-content\/uploads\/2017\/09\/JoesViolin_Bob_Richman_5-300x194.jpg 300w\" sizes=\"(max-width: 598px) 100vw, 598px\" \/><\/a><\/p>\n<p>&nbsp;<\/p>\n<p style=\"text-align: justify;\"><strong>MON \u00b7 DOC BAJA EL TEL\u00d3N TRAS UNA SEMANA DEL MEJOR CINE DOCUMENTAL<\/strong><\/p>\n<p style=\"text-align: justify;\">La 9\u00aa edici\u00f3n de la Muestra Internacional de Cine Documental llega a su fin con la gala clausura que se celebrar\u00e1 esta tarde a partir de las 20.00h en el Auditorio Luis Peir\u00f3 de Montaverner.<br \/>\nDespu\u00e9s de siete d\u00edas de proyecciones MON \u00b7 DOC cerrar\u00e1 hoy una exitosa edici\u00f3n, tanto por la calidad de los documentales que se han podido ver como por la respuesta del p\u00fablico, con un acto que ser\u00e1 conducido por la periodista Yolanda Ibarra y en el que se entregar\u00e1n los Premios MON \u00b7 DOC al Mejor Largo, al Mejor Corto y el Premio del P\u00fablico de esta edici\u00f3n. Durante la gala tambi\u00e9n se har\u00e1 el estreno a nivel nacional del cortometraje documental &#8216;JOE&#8217;S VIOLIN&#8217;, nominado en la \u00faltima edici\u00f3n de los Oscar.<br \/>\nCon esta 9\u00aa edici\u00f3n MON \u00b7 DOC se confirma con un referente dentro del mundo del cine documental, convirti\u00e9ndose en una cita ineludible para los amantes de este g\u00e9nero, que a\u00f1o tras a\u00f1o visitan esta peque\u00f1a localidad de la Vall d&#8217;Albaida desde poblaciones y comarcas vecinas. MON \u00b7 DOC reafirma tambi\u00e9n la apuesta del Ayuntamiento de Montaverner por la cultura en el sentido m\u00e1s amplio de la palabra, una cultura comprometida y de calidad.<br \/>\nEsta tarde se cerrar\u00e1 hasta el pr\u00f3ximo a\u00f1o la ventanilla que cada a\u00f1o se abre al mundo en Montaverner.<\/p>\n<p style=\"text-align: justify;\">________________________________<\/p>\n<p style=\"text-align: justify;\"><span style=\"color: #800000;\"><strong>MON\u00b7DOC ABAIXA EL TEL\u00d3 DESPR\u00c9S D\u2019UNA SETMANA DEL MILLOR CINE DOCUMENTAL<\/strong><\/span><\/p>\n<p style=\"text-align: justify;\"><span style=\"color: #800000;\">La 9a edici\u00f3 de la Mostra Internacional de Cinema Documental arriba a la fi amb la gala cloenda que es celebrar\u00e0 esta vesprada a partir de les 20.00h a l\u2019Auditori Luis Peir\u00f3 de Montaverner.<\/span><\/p>\n<p style=\"text-align: justify;\"><span style=\"color: #800000;\">Despr\u00e9s de set dies de projeccions MON\u00b7DOC tancar\u00e0 hui una exitosa edici\u00f3, tant per la qualitat dels documentals que s\u2019han pogut vore com per la resposta del p\u00fablic, amb un acte que ser\u00e0 conduit per la periodista Iolanda Ibarra i en el qual es lliuraran els Premis MON\u00b7DOC al Millor Llarg, al Millor Curt i el Premi del P\u00fablic d\u2019aquesta edici\u00f3. Durant la gala tamb\u00e9 es far\u00e0 l\u2019estrena a nivell nacional del curtmetratge documental \u2018JOE\u2019S VIOLIN\u2019, nominat en l\u2019\u00faltima edici\u00f3 dels \u00d2scar.<\/span><\/p>\n<p style=\"text-align: justify;\"><span style=\"color: #800000;\">Amb aquesta 9a edici\u00f3 MON\u00b7DOC es confirma con un referent dins del m\u00f3n del cine documental, esdevenint una cita ineludible per als amants d\u2019aquest g\u00e8nere, que any rere any visiten aquesta xicoteta localitat de la Vall d\u2019Albaida des de poblacions i comarques ve\u00efnes. MON\u00b7DOC referma tamb\u00e9 l\u2019aposta de l\u2019Ajuntament de Montaverner per la cultura en el sentit m\u00e9s ampli de la paraula, una cultura compromesa i de qualitat.<\/span><\/p>\n<p style=\"text-align: justify;\"><span style=\"color: #800000;\">Esta vesprada es tancar\u00e0 fins l\u2019any vinent la finestreta que cada any s\u2019obri al m\u00f3n en Montaverner.<\/span><\/p>\n","protected":false},"excerpt":{"rendered":"<p>&nbsp; MON \u00b7 DOC BAJA EL TEL\u00d3N TRAS UNA SEMANA DEL MEJOR CINE DOCUMENTAL La 9\u00aa edici\u00f3n de la Muestra Internacional de Cine Documental llega a su fin con la gala clausura que se celebrar\u00e1 esta tarde a partir de las 20.00h en el Auditorio Luis Peir\u00f3 de Montaverner. Despu\u00e9s de siete d\u00edas de proyecciones [&hellip;]<\/p>\n","protected":false},"author":1,"featured_media":0,"comment_status":"closed","ping_status":"open","sticky":false,"template":"","format":"standard","meta":{"_monsterinsights_skip_tracking":false,"_monsterinsights_sitenote_active":false,"_monsterinsights_sitenote_note":"","_monsterinsights_sitenote_category":0},"categories":[16,789,12],"tags":[],"_links":{"self":[{"href":"http:\/\/www.portaldelolleria.es\/index.php?rest_route=\/wp\/v2\/posts\/18296"}],"collection":[{"href":"http:\/\/www.portaldelolleria.es\/index.php?rest_route=\/wp\/v2\/posts"}],"about":[{"href":"http:\/\/www.portaldelolleria.es\/index.php?rest_route=\/wp\/v2\/types\/post"}],"author":[{"embeddable":true,"href":"http:\/\/www.portaldelolleria.es\/index.php?rest_route=\/wp\/v2\/users\/1"}],"replies":[{"embeddable":true,"href":"http:\/\/www.portaldelolleria.es\/index.php?rest_route=%2Fwp%2Fv2%2Fcomments&post=18296"}],"version-history":[{"count":3,"href":"http:\/\/www.portaldelolleria.es\/index.php?rest_route=\/wp\/v2\/posts\/18296\/revisions"}],"predecessor-version":[{"id":18300,"href":"http:\/\/www.portaldelolleria.es\/index.php?rest_route=\/wp\/v2\/posts\/18296\/revisions\/18300"}],"wp:attachment":[{"href":"http:\/\/www.portaldelolleria.es\/index.php?rest_route=%2Fwp%2Fv2%2Fmedia&parent=18296"}],"wp:term":[{"taxonomy":"category","embeddable":true,"href":"http:\/\/www.portaldelolleria.es\/index.php?rest_route=%2Fwp%2Fv2%2Fcategories&post=18296"},{"taxonomy":"post_tag","embeddable":true,"href":"http:\/\/www.portaldelolleria.es\/index.php?rest_route=%2Fwp%2Fv2%2Ftags&post=18296"}],"curies":[{"name":"wp","href":"https:\/\/api.w.org\/{rel}","templated":true}]}}