{"id":18342,"date":"2017-10-04T11:20:00","date_gmt":"2017-10-04T09:20:00","guid":{"rendered":"http:\/\/www.portaldelolleria.es\/?p=18342"},"modified":"2017-10-04T11:36:40","modified_gmt":"2017-10-04T09:36:40","slug":"acto-de-clausura-de-la-9%c2%aa-edicion-de-mon-doc","status":"publish","type":"post","link":"http:\/\/www.portaldelolleria.es\/?p=18342","title":{"rendered":"Acto de clausura de la 9\u00aa edici\u00f3n de MON-DOC"},"content":{"rendered":"<p style=\"text-align: justify;\"><a href=\"http:\/\/www.portaldelolleria.es\/wp-content\/uploads\/2017\/10\/mondocfinal.jpg\"><img loading=\"lazy\" class=\"aligncenter size-full wp-image-18343\" title=\"mondocfinal\" src=\"http:\/\/www.portaldelolleria.es\/wp-content\/uploads\/2017\/10\/mondocfinal.jpg\" alt=\"\" width=\"598\" height=\"384\" srcset=\"http:\/\/www.portaldelolleria.es\/wp-content\/uploads\/2017\/10\/mondocfinal.jpg 598w, http:\/\/www.portaldelolleria.es\/wp-content\/uploads\/2017\/10\/mondocfinal-300x192.jpg 300w\" sizes=\"(max-width: 598px) 100vw, 598px\" \/><\/a><\/p>\n<p style=\"text-align: justify;\">El pasado s\u00e1bado 30 de septiembre, en el Auditorio Luis Peir\u00f3 de Montaverner se celebr\u00f3 la gala de clausura con que finalizaba una nueva edici\u00f3n de la Muestra Internacional de Cine Documental, MON \u00b7 DOC. El acto, que fue presentado por Iolanda Ibarra, cont\u00f3 con la presencia de Jorge Rodr\u00edguez, Presidente de la Diputaci\u00f3n de Valencia, y Vicente Gomar, Presidente de la Mancomunidad de Municipios de la Vall d&#8217;Albaida, entre otros alcaldes y autoridades comarcales. Adem\u00e1s estuvieron presentes varios miembros de los dos jurados de los Premios MON \u00b7 DOC as\u00ed como algunos de los directores finalistas de estos premios.<br \/>\nEn la gala se dieron a conocer los tres documentales premiados en esta edici\u00f3n de 2017. &#8216;El hombre que embotellan el sol&#8217; de \u00d3scar Bern\u00e1cer, fue elegido Mejor Largo Documental, &#8216;The fourth kingdom&#8217;, de Ad\u00e1n Aliaga y Alex Lora, Mejor Corto Documental, y &#8216;Peset. Un hombre bueno &#8216;, de Matilde Alcaraz y Santiago Hern\u00e1ndez, recibi\u00f3 el Premio del P\u00fablico.<br \/>\nJorge Rodr\u00edguez hizo entrega del premio al mejor corto, que fue recogido por Ad\u00e1n Aliaga, codirector, y Isa Feliu, productora del mismo. El alcalde de Montaverner Juli Juan entreg\u00f3 el Premio del P\u00fablico a los directores de &#8216;Peset. Un hombre bueno &#8216;, mientras que Vicente Gomar dio a conocer el ganador del mejor largo, el cual no pudo recoger nadie aunque el director premiado envi\u00f3 un v\u00eddeo de agradecimiento.<br \/>\nTras la entrega de los galardones, los tres obra del artista albaidense Rafa Amor\u00f3s, se proyect\u00f3 el corto &#8216;Joe&#8217; s Violin &#8216;, en el que fue su estreno en Espa\u00f1a. Con esta proyecci\u00f3n Montaverner cerraba una semana dedicada al mejor cine documental, con un balance de 18 proyecciones y cerca de un millar de asistentes, adem\u00e1s de las diversas sesiones escolares y proyecciones para institutos que se han llevado a cabo.<br \/>\nDesde la organizaci\u00f3n aseguran estar preparando ya la pr\u00f3xima edici\u00f3n, que ser\u00e1 especial ya que MON \u00b7 DOC cumplir\u00e1 10 a\u00f1os. Como remarcaron todos los invitados que intervinieron durante la clausura celebrar 10 ediciones de un festival dedicado a un g\u00e9nero como el documental es un hito que merece una conmemoraci\u00f3n especial. El a\u00f1o que viene Montaverner volver\u00e1 a llevar al coraz\u00f3n del Valle de Albaida el mejor cine documental.<\/p>\n<p>________________________________<\/p>\n<p style=\"text-align: justify;\">El passat dissabte 30 de setembre, a l\u2019Auditori Luis Peir\u00f3 de Montaverner es va celebrar la gala de cloenda amb que finalitzava una nova edici\u00f3 de la Mostra Internacional de Cinema Documental, MON\u00b7DOC. L\u2019acte, que va ser presentat per Iolanda Ibarra, va comptar amb la pres\u00e8ncia de Jorge Rodr\u00edguez, President de la Diputaci\u00f3 de Val\u00e8ncia, i Vicent Gomar, President de la Mancomunitat de Municipis de la Vall d\u2019Albaida, entre d\u2019altres alcaldes i autoritats comarcals. A m\u00e9s hi van ser presents diversos membres dels dos jurats dels Premis MON\u00b7DOC aix\u00ed com alguns dels directors finalistes d\u2019estos premis.<\/p>\n<p style=\"text-align: justify;\">A la gala es van donar a con\u00e9ixer els tres documentals premiats en aquesta edici\u00f3 de 2017. \u2018El hombre que embotell\u00f3 el sol\u2019 d\u2019\u00d3scar Bern\u00e0cer, va ser escollit Millor Llarg Documental, \u2018The fourth kingdom\u2019, d\u2019Ad\u00e1n Aliaga i \u00c0lex Lora, Millor Curt Documental, i \u2018Peset. Un home bo\u2019, de Matilde Alcaraz i Santiago Hern\u00e1ndez, va rebre el Premi del P\u00fablic.<\/p>\n<p style=\"text-align: justify;\">Jorge Rodr\u00edguez va fer entrega del premi al millor curt, que va ser recollit per Ad\u00e1n Aliaga, codirector, i Isa Feliu, productora del mateix. L\u2019alcalde de Montaverner Juli Juan va entregar el Premi del P\u00fablic als directors de \u2018Peset. Un home bo\u2019, mentre que Vicent Gomar va donar a con\u00e9ixer el guanyador del millor llarg, el qual no va poder recollir ning\u00fa encara que el director premiat va enviar un v\u00eddeo d\u2019agra\u00efment.<\/p>\n<p style=\"text-align: justify;\">Despr\u00e9s de l\u2019entrega dels guardons, tots tres obra de l\u2019artista albaid\u00ed Rafa Amor\u00f3s, es va projectar el curt \u2018Joe\u2019s Violin\u2019, en el que va ser la seua estrena a Espanya. Amb aquesta projecci\u00f3 Montaverner tancava una setmana dedicada al millor cine documental, amb un balan\u00e7 de 18 projeccions i vora un miler d\u2019assistents, a m\u00e9s de les diverses sessions escolars i projeccions per a instituts que s\u2019han portat a terme.<\/p>\n<p style=\"text-align: justify;\">Des de l\u2019organitzaci\u00f3 asseguren estar preparant ja la pr\u00f2xima edici\u00f3, la qual ser\u00e0 especial ja que MON\u00b7DOC complir\u00e0 10 anys. Com van remarcar tots els convidats que van intervindre durant la cloenda celebrar 10 edicions d\u2019un festival dedicat a un g\u00e8nere com el documental \u00e9s una fita que mereix una commemoraci\u00f3 especial. L\u2019any vinent Montaverner tornar\u00e0 a portar al cor de la Vall d\u2019Albaida el millor cine documental.<\/p>\n<p>&nbsp;<\/p>\n","protected":false},"excerpt":{"rendered":"<p>El pasado s\u00e1bado 30 de septiembre, en el Auditorio Luis Peir\u00f3 de Montaverner se celebr\u00f3 la gala de clausura con que finalizaba una nueva edici\u00f3n de la Muestra Internacional de Cine Documental, MON \u00b7 DOC. El acto, que fue presentado por Iolanda Ibarra, cont\u00f3 con la presencia de Jorge Rodr\u00edguez, Presidente de la Diputaci\u00f3n de [&hellip;]<\/p>\n","protected":false},"author":1,"featured_media":0,"comment_status":"closed","ping_status":"open","sticky":false,"template":"","format":"standard","meta":{"_monsterinsights_skip_tracking":false,"_monsterinsights_sitenote_active":false,"_monsterinsights_sitenote_note":"","_monsterinsights_sitenote_category":0},"categories":[16,789,12],"tags":[],"_links":{"self":[{"href":"http:\/\/www.portaldelolleria.es\/index.php?rest_route=\/wp\/v2\/posts\/18342"}],"collection":[{"href":"http:\/\/www.portaldelolleria.es\/index.php?rest_route=\/wp\/v2\/posts"}],"about":[{"href":"http:\/\/www.portaldelolleria.es\/index.php?rest_route=\/wp\/v2\/types\/post"}],"author":[{"embeddable":true,"href":"http:\/\/www.portaldelolleria.es\/index.php?rest_route=\/wp\/v2\/users\/1"}],"replies":[{"embeddable":true,"href":"http:\/\/www.portaldelolleria.es\/index.php?rest_route=%2Fwp%2Fv2%2Fcomments&post=18342"}],"version-history":[{"count":2,"href":"http:\/\/www.portaldelolleria.es\/index.php?rest_route=\/wp\/v2\/posts\/18342\/revisions"}],"predecessor-version":[{"id":18345,"href":"http:\/\/www.portaldelolleria.es\/index.php?rest_route=\/wp\/v2\/posts\/18342\/revisions\/18345"}],"wp:attachment":[{"href":"http:\/\/www.portaldelolleria.es\/index.php?rest_route=%2Fwp%2Fv2%2Fmedia&parent=18342"}],"wp:term":[{"taxonomy":"category","embeddable":true,"href":"http:\/\/www.portaldelolleria.es\/index.php?rest_route=%2Fwp%2Fv2%2Fcategories&post=18342"},{"taxonomy":"post_tag","embeddable":true,"href":"http:\/\/www.portaldelolleria.es\/index.php?rest_route=%2Fwp%2Fv2%2Ftags&post=18342"}],"curies":[{"name":"wp","href":"https:\/\/api.w.org\/{rel}","templated":true}]}}