{"id":18357,"date":"2017-10-05T11:27:06","date_gmt":"2017-10-05T09:27:06","guid":{"rendered":"http:\/\/www.portaldelolleria.es\/?p=18357"},"modified":"2017-10-05T11:27:06","modified_gmt":"2017-10-05T09:27:06","slug":"teatro-goya-eva-gomez-cancons-de-dona-i-terra","status":"publish","type":"post","link":"http:\/\/www.portaldelolleria.es\/?p=18357","title":{"rendered":"Teatro Goya: Eva G\u00f3mez. \u00abcan\u00e7ons de dona i terra\u00bb"},"content":{"rendered":"<p><a href=\"http:\/\/www.portaldelolleria.es\/wp-content\/uploads\/2017\/10\/eva_gomez.jpg\"><img loading=\"lazy\" class=\"aligncenter size-full wp-image-18358\" title=\"eva_gomez\" src=\"http:\/\/www.portaldelolleria.es\/wp-content\/uploads\/2017\/10\/eva_gomez.jpg\" alt=\"\" width=\"598\" height=\"398\" srcset=\"http:\/\/www.portaldelolleria.es\/wp-content\/uploads\/2017\/10\/eva_gomez.jpg 598w, http:\/\/www.portaldelolleria.es\/wp-content\/uploads\/2017\/10\/eva_gomez-300x199.jpg 300w\" sizes=\"(max-width: 598px) 100vw, 598px\" \/><\/a><\/p>\n<p><strong>\u00a0Eva G\u00f3mez. \u00abcan\u00e7ons de dona i terra\u00bb.\u00a0 Teatro Goya 7 de Octubre\u00a0 19:30 h<\/strong><\/p>\n<p>Eva G\u00f3mez\/Laura Mi\u00f1arro<\/p>\n<p>Para nosotras la m\u00fasica, nuestra m\u00fasica, es pasi\u00f3n y profesi\u00f3n. Particularmente, todos los trabajos discogr\u00e1ficos que firmo como cantautora son autoproducidos en mi propio estudio y autoeditados con financiaci\u00f3n propia; una financiaci\u00f3n modesta, artesanal y art\u00edstica.<\/p>\n<p>La \u00abGiret\u00bb <strong>CAN\u00c7ONS DE DONA I TERRA<\/strong> es el fruto del esfuerzo de algunos a\u00f1os. Es la muestra en directo de las canciones m\u00e1s importantes de los trabajos ENTRE LA TIERRA Y EL CIELO (2013) y CANCIONES DE MUJER (2016).<\/p>\n<p style=\"text-align: justify;\">El concierto es un espect\u00e1culo din\u00e1mico, multisonoro y con mensaje &#8230; concienciador, amigable y tambi\u00e9n divertido; por qu\u00e9 no? Donde el p\u00fablico interact\u00faa de manera espont\u00e1nea yendo desde la canci\u00f3n de autor, dando un paso para la rumba hasta el folk, siempre desde una vertiente muy personal y de un entendimiento musical inclasificable. La variedad de instrumentos que utilizamos nos ayuda a contar y cantar, a adentrarse seleccionados cada una de las historias que queremos transmitir. Reivindicamos los derechos de la MUJER y el amor a la TIERRA.<\/p>\n<p style=\"text-align: justify;\">Eva G\u00f3mez: voz, guitarra, bouzouki, rabab<br \/>\nLaura Mi\u00f1arro: zanfona, viol\u00edn, rabab, percusiones<\/p>\n<p style=\"text-align: justify;\">_____________________<\/p>\n<div style=\"text-align: justify;\"><span style=\"color: #800000;\">Per a nosaltres la m\u00fasica, nostra m\u00fasica, \u00e9s passi\u00f3 i professi\u00f3. Particularment, tots els treballs discogr\u00e0fics que signe com a cantautora s\u00f3n autoprodu\u00efts en el meu propi estudi i autoeditats amb financiaci\u00f3 pr\u00f2pia; una financiaci\u00f3 modesta, artesanal i art\u00edstica.<\/span><\/div>\n<div style=\"text-align: justify;\"><span style=\"color: #800000;\">La \u00abgireta\u00bb <strong>CAN\u00c7ONS DE DONA I TERRA<\/strong> \u00e9s el fruit de l&#8217;esfor\u00e7 d&#8217;alguns anys. \u00c9s la mostra en directe de les can\u00e7ons m\u00e9s importants dels treballs ENTRE LA TERRA I EL CEL (2013) i CAN\u00c7ONS DE DONA (2016).<\/span><\/div>\n<div style=\"text-align: justify;\"><span style=\"color: #800000;\">El concert \u00e9s un espectacle din\u00e0mic, multisonor i amb missatge&#8230; Concienciador, amigable i tamb\u00e9 divertit; per qu\u00e8 no? On el p\u00fablic interactua de manera espont\u00e0nia anant des de la can\u00e7\u00f3 d&#8217;autor, fent un pas per la rumba fins el folk, sempre des d&#8217;una vessant molt personal i d&#8217;un enteniment musical inclassificable. La varietat d&#8217;instruments que utilitzem ens ajuda a contar i cantar, a endisar-nos en cadascuna de les hist\u00f2ries que volem transmetre. Reivindiquem els drets de la DONA i l&#8217;amor a la TERRA.\u00a0<\/span><\/div>\n<div style=\"text-align: justify;\"><span style=\"color: #800000;\"><em><strong>Eva G\u00f3mez<\/strong>: veu, guitarra, bouzouki, rabab<\/em><\/span><\/div>\n<div style=\"text-align: justify;\"><span style=\"color: #800000;\"><em><strong>Laura Mi\u00f1arro<\/strong>: viola de roda, viol\u00ed, rabab, percussions<\/em><\/span><\/div>\n<p><iframe loading=\"lazy\" src=\"https:\/\/www.youtube.com\/embed\/DgwrPlACfR8?rel=0\" frameborder=\"0\" width=\"560\" height=\"315\"><\/iframe><\/p>\n","protected":false},"excerpt":{"rendered":"<p>\u00a0Eva G\u00f3mez. \u00abcan\u00e7ons de dona i terra\u00bb.\u00a0 Teatro Goya 7 de Octubre\u00a0 19:30 h Eva G\u00f3mez\/Laura Mi\u00f1arro Para nosotras la m\u00fasica, nuestra m\u00fasica, es pasi\u00f3n y profesi\u00f3n. Particularmente, todos los trabajos discogr\u00e1ficos que firmo como cantautora son autoproducidos en mi propio estudio y autoeditados con financiaci\u00f3n propia; una financiaci\u00f3n modesta, artesanal y art\u00edstica. La \u00abGiret\u00bb [&hellip;]<\/p>\n","protected":false},"author":1,"featured_media":0,"comment_status":"closed","ping_status":"open","sticky":false,"template":"","format":"standard","meta":{"_monsterinsights_skip_tracking":false,"_monsterinsights_sitenote_active":false,"_monsterinsights_sitenote_note":"","_monsterinsights_sitenote_category":0},"categories":[15,12],"tags":[],"_links":{"self":[{"href":"http:\/\/www.portaldelolleria.es\/index.php?rest_route=\/wp\/v2\/posts\/18357"}],"collection":[{"href":"http:\/\/www.portaldelolleria.es\/index.php?rest_route=\/wp\/v2\/posts"}],"about":[{"href":"http:\/\/www.portaldelolleria.es\/index.php?rest_route=\/wp\/v2\/types\/post"}],"author":[{"embeddable":true,"href":"http:\/\/www.portaldelolleria.es\/index.php?rest_route=\/wp\/v2\/users\/1"}],"replies":[{"embeddable":true,"href":"http:\/\/www.portaldelolleria.es\/index.php?rest_route=%2Fwp%2Fv2%2Fcomments&post=18357"}],"version-history":[{"count":1,"href":"http:\/\/www.portaldelolleria.es\/index.php?rest_route=\/wp\/v2\/posts\/18357\/revisions"}],"predecessor-version":[{"id":18359,"href":"http:\/\/www.portaldelolleria.es\/index.php?rest_route=\/wp\/v2\/posts\/18357\/revisions\/18359"}],"wp:attachment":[{"href":"http:\/\/www.portaldelolleria.es\/index.php?rest_route=%2Fwp%2Fv2%2Fmedia&parent=18357"}],"wp:term":[{"taxonomy":"category","embeddable":true,"href":"http:\/\/www.portaldelolleria.es\/index.php?rest_route=%2Fwp%2Fv2%2Fcategories&post=18357"},{"taxonomy":"post_tag","embeddable":true,"href":"http:\/\/www.portaldelolleria.es\/index.php?rest_route=%2Fwp%2Fv2%2Ftags&post=18357"}],"curies":[{"name":"wp","href":"https:\/\/api.w.org\/{rel}","templated":true}]}}