{"id":18381,"date":"2017-10-07T20:27:09","date_gmt":"2017-10-07T18:27:09","guid":{"rendered":"http:\/\/www.portaldelolleria.es\/?p=18381"},"modified":"2017-10-07T20:27:09","modified_gmt":"2017-10-07T18:27:09","slug":"aielo-de-malferit-y-montaverner-celebran-el-9-de-octubre-con-diferentes-actos","status":"publish","type":"post","link":"http:\/\/www.portaldelolleria.es\/?p=18381","title":{"rendered":"Aielo de Malferit y Montaverner celebran el 9 de octubre con diferentes actos."},"content":{"rendered":"<p style=\"text-align: justify;\"><a href=\"http:\/\/www.portaldelolleria.es\/wp-content\/uploads\/2017\/10\/9o.jpg\"><img loading=\"lazy\" class=\"aligncenter size-full wp-image-18385\" title=\"9o\" src=\"http:\/\/www.portaldelolleria.es\/wp-content\/uploads\/2017\/10\/9o.jpg\" alt=\"\" width=\"598\" height=\"398\" srcset=\"http:\/\/www.portaldelolleria.es\/wp-content\/uploads\/2017\/10\/9o.jpg 598w, http:\/\/www.portaldelolleria.es\/wp-content\/uploads\/2017\/10\/9o-300x199.jpg 300w\" sizes=\"(max-width: 598px) 100vw, 598px\" \/><\/a><\/p>\n<p style=\"text-align: justify;\">Com moltes localitats de la Comunitat Valenciana, Aielo de Malferit i Montaverner celebren el dia de la Comunitat amb una s\u00e8rie d&#8217;actes culturals.<\/p>\n<p><span style=\"color: #800000;\"><strong>Aielo de Malferit:<\/strong><\/span><\/p>\n<p>09:30 h Cercavila popular pels carrers de la localitat<\/p>\n<p>10:00 h Dinar popular al \u00abPasseig de l&#8217;Eixample\u00bb<\/p>\n<p>11:15 h Danses populars al c\u00e0rrec de la Solana (Grup de Danses d&#8217;Aielo) al \u00abPasseig de l&#8217;Eixample\u00bb<\/p>\n<p>12: oo h Partida de \u00abraspall\u00bb al Trinquet d&#8217;Aielo participaran jugadors professionals i de l&#8217;Escola Municipal de Raspall.<\/p>\n<p style=\"text-align: justify;\"><span style=\"color: #800000;\"><strong>Montaverner<\/strong><\/span><\/p>\n<p style=\"text-align: justify;\">La Regidoria de Festes de l\u2019Ajuntament de Montaverner ha preparat dos dies d\u2019activitats per a commemorar la festivitat del 9 d\u2019Octubre. Les celebracions comen\u00e7aran diumenge 8 a les 18.00h amb la projecci\u00f3 a l\u2019Auditori Luis Peir\u00f3 del documental \u2018VerdCel. Trajecte: la dist\u00e0ncia no \u00e9s frontera\u2019, un treball sobre el nostre context musical i cultural a trav\u00e9s de la traject\u00f2ria del grup alcoi\u00e0. A continuaci\u00f3 hi haur\u00e0 un recital de VerdCel presentant el seu disc \u2018De plantes, talaies i cims (i una aroma)\u2019.<\/p>\n<p style=\"text-align: justify;\">Dilluns 9 d\u2019Octubre a partir de les 10.00h del mat\u00ed tindr\u00e0 lloc una cercavila amb acompanyament de tabals i dol\u00e7aines que finalitzar\u00e0 al Parc Jaume I on, davant el monument commemoratiu de la fundaci\u00f3 de Montaverner, es far\u00e0 un acte institucional amb l\u2019ofrena d\u2019una corona de llorer i una dans\u00e0 a c\u00e0rrec del grup de danses local. Al mateix parc s\u2019instal\u00b7laran durant tot el mat\u00ed jocs infantils per als m\u00e9s menuts.<\/p>\n<p style=\"text-align: justify;\"><a href=\"http:\/\/www.portaldelolleria.es\/wp-content\/uploads\/2017\/10\/portada.jpg\"><img loading=\"lazy\" class=\"aligncenter size-full wp-image-18383\" title=\"portada\" src=\"http:\/\/www.portaldelolleria.es\/wp-content\/uploads\/2017\/10\/portada.jpg\" alt=\"\" width=\"598\" height=\"555\" srcset=\"http:\/\/www.portaldelolleria.es\/wp-content\/uploads\/2017\/10\/portada.jpg 598w, http:\/\/www.portaldelolleria.es\/wp-content\/uploads\/2017\/10\/portada-300x278.jpg 300w\" sizes=\"(max-width: 598px) 100vw, 598px\" \/><\/a><\/p>\n<p style=\"text-align: justify;\"><a href=\"http:\/\/www.portaldelolleria.es\/wp-content\/uploads\/2017\/10\/VERDCEL.jpg\"><img loading=\"lazy\" class=\"aligncenter size-full wp-image-18384\" title=\"VERDCEL\" src=\"http:\/\/www.portaldelolleria.es\/wp-content\/uploads\/2017\/10\/VERDCEL.jpg\" alt=\"\" width=\"598\" height=\"836\" srcset=\"http:\/\/www.portaldelolleria.es\/wp-content\/uploads\/2017\/10\/VERDCEL.jpg 598w, http:\/\/www.portaldelolleria.es\/wp-content\/uploads\/2017\/10\/VERDCEL-214x300.jpg 214w\" sizes=\"(max-width: 598px) 100vw, 598px\" \/><\/a><\/p>\n<p style=\"text-align: justify;\"><a href=\"http:\/\/www.portaldelolleria.es\/wp-content\/uploads\/2017\/10\/aielo.jpg\"><img loading=\"lazy\" class=\"aligncenter size-full wp-image-18382\" title=\"aielo\" src=\"http:\/\/www.portaldelolleria.es\/wp-content\/uploads\/2017\/10\/aielo.jpg\" alt=\"\" width=\"598\" height=\"847\" srcset=\"http:\/\/www.portaldelolleria.es\/wp-content\/uploads\/2017\/10\/aielo.jpg 598w, http:\/\/www.portaldelolleria.es\/wp-content\/uploads\/2017\/10\/aielo-211x300.jpg 211w\" sizes=\"(max-width: 598px) 100vw, 598px\" \/><\/a><\/p>\n<p style=\"text-align: justify;\">La Regidoria de Festes de l\u2019Ajuntament de Montaverner ha preparat dos dies d\u2019activitats per a commemorar la festivitat del 9 d\u2019Octubre. Les celebracions comen\u00e7aran diumenge 8 a les 18.00h amb la projecci\u00f3 a l\u2019Auditori Luis Peir\u00f3 del documental \u2018VerdCel. Trajecte: la dist\u00e0ncia no \u00e9s frontera\u2019, un treball sobre el nostre context musical i cultural a trav\u00e9s de la traject\u00f2ria del grup alcoi\u00e0. A continuaci\u00f3 hi haur\u00e0 un recital de VerdCel presentant el seu disc \u2018De plantes, talaies i cims (i una aroma)\u2019.<\/p>\n<p style=\"text-align: justify;\">Dilluns 9 d\u2019Octubre a partir de les 10.00h del mat\u00ed tindr\u00e0 lloc una cercavila amb acompanyament de tabals i dol\u00e7aines que finalitzar\u00e0 al Parc Jaume I on, davant el monument commemoratiu de la fundaci\u00f3 de Montaverner, es far\u00e0 un acte institucional amb l\u2019ofrena d\u2019una corona de llorer i una dans\u00e0 a c\u00e0rrec del grup de danses local. Al mateix parc s\u2019instal\u00b7laran durant tot el mat\u00ed jocs infantils per als m\u00e9s menuts.<\/p>\n","protected":false},"excerpt":{"rendered":"<p>Com moltes localitats de la Comunitat Valenciana, Aielo de Malferit i Montaverner celebren el dia de la Comunitat amb una s\u00e8rie d&#8217;actes culturals. Aielo de Malferit: 09:30 h Cercavila popular pels carrers de la localitat 10:00 h Dinar popular al \u00abPasseig de l&#8217;Eixample\u00bb 11:15 h Danses populars al c\u00e0rrec de la Solana (Grup de Danses [&hellip;]<\/p>\n","protected":false},"author":1,"featured_media":0,"comment_status":"closed","ping_status":"open","sticky":false,"template":"","format":"standard","meta":{"_monsterinsights_skip_tracking":false,"_monsterinsights_sitenote_active":false,"_monsterinsights_sitenote_note":"","_monsterinsights_sitenote_category":0},"categories":[16,789,12],"tags":[],"_links":{"self":[{"href":"http:\/\/www.portaldelolleria.es\/index.php?rest_route=\/wp\/v2\/posts\/18381"}],"collection":[{"href":"http:\/\/www.portaldelolleria.es\/index.php?rest_route=\/wp\/v2\/posts"}],"about":[{"href":"http:\/\/www.portaldelolleria.es\/index.php?rest_route=\/wp\/v2\/types\/post"}],"author":[{"embeddable":true,"href":"http:\/\/www.portaldelolleria.es\/index.php?rest_route=\/wp\/v2\/users\/1"}],"replies":[{"embeddable":true,"href":"http:\/\/www.portaldelolleria.es\/index.php?rest_route=%2Fwp%2Fv2%2Fcomments&post=18381"}],"version-history":[{"count":2,"href":"http:\/\/www.portaldelolleria.es\/index.php?rest_route=\/wp\/v2\/posts\/18381\/revisions"}],"predecessor-version":[{"id":18387,"href":"http:\/\/www.portaldelolleria.es\/index.php?rest_route=\/wp\/v2\/posts\/18381\/revisions\/18387"}],"wp:attachment":[{"href":"http:\/\/www.portaldelolleria.es\/index.php?rest_route=%2Fwp%2Fv2%2Fmedia&parent=18381"}],"wp:term":[{"taxonomy":"category","embeddable":true,"href":"http:\/\/www.portaldelolleria.es\/index.php?rest_route=%2Fwp%2Fv2%2Fcategories&post=18381"},{"taxonomy":"post_tag","embeddable":true,"href":"http:\/\/www.portaldelolleria.es\/index.php?rest_route=%2Fwp%2Fv2%2Ftags&post=18381"}],"curies":[{"name":"wp","href":"https:\/\/api.w.org\/{rel}","templated":true}]}}