{"id":1847,"date":"2012-12-11T19:50:59","date_gmt":"2012-12-11T18:50:59","guid":{"rendered":"http:\/\/www.portaldelolleria.es\/?p=1847"},"modified":"2012-12-11T19:50:59","modified_gmt":"2012-12-11T18:50:59","slug":"abierto-hasta-el-14-de-diciembre-el-plazo-de-matricula-para-la-escoleta-de-navidad","status":"publish","type":"post","link":"http:\/\/www.portaldelolleria.es\/?p=1847","title":{"rendered":"Abierto hasta el 14 de diciembre el plazo de matr\u00edcula para la Escoleta de Navidad"},"content":{"rendered":"<p><a href=\"http:\/\/www.portaldelolleria.es\/wp-content\/uploads\/2012\/12\/escoleta.jpg\"><img loading=\"lazy\" class=\"aligncenter size-full wp-image-1848\" title=\"escoleta\" src=\"http:\/\/www.portaldelolleria.es\/wp-content\/uploads\/2012\/12\/escoleta.jpg\" alt=\"\" width=\"598\" height=\"398\" srcset=\"http:\/\/www.portaldelolleria.es\/wp-content\/uploads\/2012\/12\/escoleta.jpg 598w, http:\/\/www.portaldelolleria.es\/wp-content\/uploads\/2012\/12\/escoleta-300x199.jpg 300w\" sizes=\"(max-width: 598px) 100vw, 598px\" \/><\/a><\/p>\n<p>&nbsp;<\/p>\n<p>Un a\u00f1o m\u00e1s el Ayuntamiento de L\u2019Olleria a trav\u00e9s de\u00a0 su concejal\u00eda de Educaci\u00f3n ha organizado la <em>Escoleta de Navidad<\/em>, un servicio que est\u00e1, tal y como ha comentado la concejala del \u00e1rea, Gema Borr\u00e1s \u201csubvencionado en parte por el consistorio, una peque\u00f1a ayuda a las familias que en las vacaciones escolares de Navidad tienen m\u00e1s dificultad para conciliar la vida laboral y\u00a0 familiar\u201d. En este sentido, podr\u00e1n participar todos los ni\u00f1os y ni\u00f1as de L\u2019Olleria que estudien Educaci\u00f3n Infantil o Primaria\u201d.<\/p>\n<p>Igualmente, Borr\u00e1s ha explicado que \u201cla matr\u00edcula est\u00e1 abierta hasta el jueves 14 de diciembre pudiendo los interesados dirigirse al Centro Social, en horario de 8 a 15 horas\u201d.<\/p>\n<p>En cuanto a los d\u00edas en los que\u00a0 tendr\u00e1 lugar la ludoteca son \u201cdel 24 de diciembre al 4 de enero, coincidiendo con las vacaciones navide\u00f1as, las actividades se desarrollaran en el Colegio Isabel la Cat\u00f3lica en horario de 9 a dos de la tarde aunque con el objetivo de facilitar a los usuarios el llevar y recoger a los ni\u00f1os, se da la posibilidad de entrar a las 9:30 y a las 10 de la ma\u00f1ana y\u00a0 salir a las 13:00 o 13:30 horas\u201d.<\/p>\n<p>Por \u00faltimo, a lo largo de los 8 d\u00edas de la <em>Escoleta de Navidad<\/em> , tal y como ha explicado la concejala\u00a0 \u201cse van a realizar diversos talleres y actividades, todos ellos relacionados con las fiestas navide\u00f1as entre las que\u00a0 destacan la elaboraci\u00f3n de disfraces de Navidad, la celebraci\u00f3n del d\u00eda de los inocentes y el taller de papiroflexia\u201d adem\u00e1s \u201cpara aquellos padres que lo deseen, se va a ofrecer la posibilidad de participar en el \u201cClub de los Deberes\u201d, en el que podr\u00e1n realizar las actividades acad\u00e9micas propuestas por los profesores, as\u00ed como la participaci\u00f3n en las actividades en ingl\u00e9s para mejorar la competencia de los alumnos en esta lengua extranjera\u201d.<\/p>\n","protected":false},"excerpt":{"rendered":"<p>&nbsp; Un a\u00f1o m\u00e1s el Ayuntamiento de L\u2019Olleria a trav\u00e9s de\u00a0 su concejal\u00eda de Educaci\u00f3n ha organizado la Escoleta de Navidad, un servicio que est\u00e1, tal y como ha comentado la concejala del \u00e1rea, Gema Borr\u00e1s \u201csubvencionado en parte por el consistorio, una peque\u00f1a ayuda a las familias que en las vacaciones escolares de Navidad [&hellip;]<\/p>\n","protected":false},"author":2,"featured_media":0,"comment_status":"closed","ping_status":"open","sticky":false,"template":"","format":"standard","meta":{"_monsterinsights_skip_tracking":false,"_monsterinsights_sitenote_active":false,"_monsterinsights_sitenote_note":"","_monsterinsights_sitenote_category":0},"categories":[10,12],"tags":[468,20,469],"_links":{"self":[{"href":"http:\/\/www.portaldelolleria.es\/index.php?rest_route=\/wp\/v2\/posts\/1847"}],"collection":[{"href":"http:\/\/www.portaldelolleria.es\/index.php?rest_route=\/wp\/v2\/posts"}],"about":[{"href":"http:\/\/www.portaldelolleria.es\/index.php?rest_route=\/wp\/v2\/types\/post"}],"author":[{"embeddable":true,"href":"http:\/\/www.portaldelolleria.es\/index.php?rest_route=\/wp\/v2\/users\/2"}],"replies":[{"embeddable":true,"href":"http:\/\/www.portaldelolleria.es\/index.php?rest_route=%2Fwp%2Fv2%2Fcomments&post=1847"}],"version-history":[{"count":1,"href":"http:\/\/www.portaldelolleria.es\/index.php?rest_route=\/wp\/v2\/posts\/1847\/revisions"}],"predecessor-version":[{"id":1849,"href":"http:\/\/www.portaldelolleria.es\/index.php?rest_route=\/wp\/v2\/posts\/1847\/revisions\/1849"}],"wp:attachment":[{"href":"http:\/\/www.portaldelolleria.es\/index.php?rest_route=%2Fwp%2Fv2%2Fmedia&parent=1847"}],"wp:term":[{"taxonomy":"category","embeddable":true,"href":"http:\/\/www.portaldelolleria.es\/index.php?rest_route=%2Fwp%2Fv2%2Fcategories&post=1847"},{"taxonomy":"post_tag","embeddable":true,"href":"http:\/\/www.portaldelolleria.es\/index.php?rest_route=%2Fwp%2Fv2%2Ftags&post=1847"}],"curies":[{"name":"wp","href":"https:\/\/api.w.org\/{rel}","templated":true}]}}