{"id":18541,"date":"2017-10-27T15:55:40","date_gmt":"2017-10-27T13:55:40","guid":{"rendered":"http:\/\/www.portaldelolleria.es\/?p=18541"},"modified":"2017-10-27T15:55:53","modified_gmt":"2017-10-27T13:55:53","slug":"acto-de-apertura-del-curso-academico-201718-de-la-eps-de-alcoi","status":"publish","type":"post","link":"http:\/\/www.portaldelolleria.es\/?p=18541","title":{"rendered":"Acto de apertura del curso acad\u00e9mico 2017\/18 de la EPS de Alcoi"},"content":{"rendered":"<p><a href=\"http:\/\/www.portaldelolleria.es\/wp-content\/uploads\/2017\/10\/145A0756.jpg\"><img loading=\"lazy\" class=\"aligncenter size-full wp-image-18542\" title=\"145A0756\" src=\"http:\/\/www.portaldelolleria.es\/wp-content\/uploads\/2017\/10\/145A0756.jpg\" alt=\"\" width=\"598\" height=\"399\" srcset=\"http:\/\/www.portaldelolleria.es\/wp-content\/uploads\/2017\/10\/145A0756.jpg 598w, http:\/\/www.portaldelolleria.es\/wp-content\/uploads\/2017\/10\/145A0756-300x200.jpg 300w\" sizes=\"(max-width: 598px) 100vw, 598px\" \/><\/a><\/p>\n<p>&nbsp;<\/p>\n<h3 style=\"text-align: justify;\"><strong>La conferencia inaugural \u201cTecnolog\u00eda inform\u00e1tica: \u00bfHemos tocado techo o se avecina una gran revoluci\u00f3n?\u201d corri\u00f3 a cargo del catedr\u00e1tico de la UPV Don Jos\u00e9 F. Duato Mar\u00edn.<\/strong><\/h3>\n<p style=\"text-align: justify;\">Esta ma\u00f1ana, ha tenido lugar en la sala de Grados Roberto Garc\u00eda Pay\u00e1 de este Campus de Alcoy de la Universitat Polit\u00e8cnica de Val\u00e8ncia (UPV), el tradicional <strong>Acto de Apertura del Curso Acad\u00e9mico 2017-2018<\/strong>, \u00a0presidido por el Rector Magn\u00edfico de la Universitat Polit\u00e8cnica de Val\u00e8ncia <strong>Don<\/strong> <strong>Francisco J. Mora<\/strong>, por el Ilmo. Sr. Alcalde de Alcoy\u00a0 <strong>Don Antonio Franc\u00e9s<\/strong>, por <strong>Don Juan Ignacio Torregrosa<\/strong>, Director de la Escuela Polit\u00e9cnica Superior de Alcoy, por la Sra. Jefa de Estudios de Escuela Polit\u00e9cnica Superior de Alcoy <strong>Do\u00f1a Bego\u00f1a Cant\u00f3 Colomina<\/strong> y por <strong>Don Juan Jos\u00e9 Rico<\/strong> Secretario de esta Escuela Polit\u00e9cnica Superior de Alcoy.<\/p>\n<p style=\"text-align: justify;\">Al acto han asistido <strong>Don Jos\u00e9 Luis Cueto<\/strong>, vicerrector de Alumnado, Cultura y Deporte de la UPV y\u00a0 Don <strong>Eduardo Vendrell Vidal<\/strong>, vicerrector de Estudios, Calidad y Acreditaci\u00f3n de la UPV, junto a diputados nacionales, \u00a0autoridades municipales de Alcoy y de diferentes poblaciones lim\u00edtrofes, y de sedes universitarias, representantes empresariales, invitados, profesores y comunidad universitaria en general.<\/p>\n<p style=\"text-align: justify;\">La Ceremonia ha comenzado con el tradicional <em>Veni Creator Spiritus<\/em>, dando paso a la lectura por parte del Sr. Secretario del Campus de Alcoy de la UPV, Don Juan Jos\u00e9 Rico de la Memoria del Curso Acad\u00e9mico 2016-2017, a continuaci\u00f3n, se ha realizado la entrega de las siguientes<\/p>\n<p style=\"text-align: justify;\"><strong>Distinciones<\/strong>:<\/p>\n<p style=\"text-align: justify;\">Reconocimiento a los alumnos que han obtenido el premio al Mejor Estudiante del Consejo Social de la UPV.<\/p>\n<p style=\"text-align: justify;\">A\u00f1o 2016: A \u00a0Don <strong>Juan Jos\u00e9 Cerd\u00e1 Ram\u00f3n<\/strong>, de la titulaci\u00f3n Ingenier\u00eda El\u00e9ctrica.<\/p>\n<p style=\"text-align: justify;\">Reconocimiento a la profesora Do\u00f1a <strong>Francisca Sempere Ripoll<\/strong>, ganadora de los\u00a0 \u201cI Premios de Clase Inversa UPV\u201d<\/p>\n<p style=\"text-align: justify;\">Reconocimiento a los profesores jubilados en el \u00faltimo curso acad\u00e9mico:<\/p>\n<p style=\"text-align: justify;\">Do\u00f1a <strong>Esperanza Ferr\u00e1ndiz Nadal<\/strong>, Don <strong>Antonio Abad Sempere<\/strong>, Don <strong>Manuel Flores Ortiz<\/strong>, Don <strong>Rafael Vall\u00e9s Sanchis<\/strong> y Don <strong>Alfredo Villanova Molt\u00f3.<\/strong><\/p>\n<p style=\"text-align: justify;\">A continuaci\u00f3n, <em>Don <strong>Jos\u00e9 F. Duato Mar\u00edn<\/strong>, catedr\u00e1tico de la Universitat Polit\u00e8cnica de Val\u00e8ncia, Adjunct Professor en Ohio State University e investigador del Simula Research Laboratory, Oslo. Es primer autor del libro \u201cInterconnection Networks: An Engineering Approach\u201d y de un cap\u00edtulo en la cuarta y quinta edici\u00f3n del libro \u201cComputer Architecture. A Quantitative Approach\u201d, de Hennessy y Patterson.<\/em><\/p>\n<p style=\"text-align: justify;\"><em>Sus resultados de investigaci\u00f3n se han utilizado en los supercomputadores Cray T3E e IBM BlueGene\/L, en el microprocesador Alpha 21364, en los conmutadores de paquetes Prizma de IBM y Magnum de Sun Microsystems, y en los est\u00e1ndares de comunicaciones Advanced Switching Interconnect y HyperTransport. Ha dirigido\/codirigido 26 tesis doctorales y es autor de m\u00e1s de 500 art\u00edculos de investigaci\u00f3n, que cuentan con m\u00e1s de 13.800 citas seg\u00fan Google Scholar. <\/em><\/p>\n<p style=\"text-align: justify;\"><em>Ha sido galardonado con el premio Rey Jaime I de Nuevas Tecnolog\u00edas en 2006, el premio Aritmel al ingeniero inform\u00e1tico del a\u00f1o en 2007, y el Premio Nacional de Investigaci\u00f3n Julio Rey Pastor en 2009. Jos\u00e9 Duato es Acad\u00e9mico Correspondiente Nacional de la Real Academia de Ciencias Exactas, F\u00edsicas y Naturales, en la secci\u00f3n de Exactas. <\/em>Disert\u00f3 sobre la<strong> \u201cTecnolog\u00eda inform\u00e1tica: \u00bfHemos tocado techo o se avecina una gran revoluci\u00f3n?\u201d<\/strong><\/p>\n<p style=\"text-align: justify;\"><strong>La Conferencia Inaugural <\/strong><\/p>\n<p style=\"text-align: justify;\"><em>La lecci\u00f3n inaugural analiz\u00f3 la evoluci\u00f3n de la tecnolog\u00eda inform\u00e1tica, expuesta con un nivel comprensible para las personas sin formaci\u00f3n espec\u00edfica en el campo de la inform\u00e1tica, presentando las grandes limitaciones tecnol\u00f3gicas a las que se enfrenta esta tecnolog\u00eda, y respondiendo a la pregunta sobre si se est\u00e1 tocando techo o si estamos a punto de iniciar una gran revoluci\u00f3n.<\/em><\/p>\n<p style=\"text-align: justify;\">El acto se ha cerrado con las intervenciones de Don Juan Ignacio Torregrosa y de Don Antonio Franc\u00e9s, para finalizar con las palabras del rector Don Francisco Jos\u00e9 Mora y la interpretaci\u00f3n del \u201cGaudeamus Igitur\u201d.<\/p>\n<p style=\"text-align: justify;\">Una vez concluido el acto, los asistentes se desplazaron al edificio Georgina Blanes para asistir a la Inauguraci\u00f3n del espacio <strong>Generaci\u00f3n Espont\u00e1nea Design Factory<\/strong>, por el rector de la Universitat Polit\u00e8cnica de Val\u00e8ncia y el presidente de Caixa Ontinyent.<\/p>\n<p style=\"text-align: justify;\"><strong>El coro de la Universidad Senior<\/strong><\/p>\n<p style=\"text-align: justify;\">Por primera vez, el Coro de la Universidad Senior del Campus de Alcoy, dirigido por Jordi Sempere, ha participado en este acto, interpretando el \u201c<em>Veni Creator Spiritus\u201d<\/em> al inicio y ell \u201c<em>Gaudeamus Igitur<\/em>\u201d como colof\u00f3n del mismo.<\/p>\n<p style=\"text-align: justify;\"><strong>Firma en el Libro de Oro<\/strong><\/p>\n<p style=\"text-align: justify;\"><strong>Don<\/strong> <strong>Jos\u00e9 Duato <\/strong>\u00a0firm\u00f3 en el Libro de Oro de la escuela Polit\u00e8cnica Superior de Alcoy, en un acto celebrado previamente en el despacho de direcci\u00f3n, y entre otras cosas, escribi\u00f3: &#8211; <em>\u201cCon todo mi afecto y admiraci\u00f3n a una Escuela que ha sabido, como pocos otros centros de la Universitat Polit\u00e8cnica, acercarse a la sociedad y a las empresas \u2026\u201d<\/em><\/p>\n","protected":false},"excerpt":{"rendered":"<p>&nbsp; La conferencia inaugural \u201cTecnolog\u00eda inform\u00e1tica: \u00bfHemos tocado techo o se avecina una gran revoluci\u00f3n?\u201d corri\u00f3 a cargo del catedr\u00e1tico de la UPV Don Jos\u00e9 F. Duato Mar\u00edn. Esta ma\u00f1ana, ha tenido lugar en la sala de Grados Roberto Garc\u00eda Pay\u00e1 de este Campus de Alcoy de la Universitat Polit\u00e8cnica de Val\u00e8ncia (UPV), el tradicional [&hellip;]<\/p>\n","protected":false},"author":1,"featured_media":0,"comment_status":"closed","ping_status":"open","sticky":false,"template":"","format":"standard","meta":{"_monsterinsights_skip_tracking":false,"_monsterinsights_sitenote_active":false,"_monsterinsights_sitenote_note":"","_monsterinsights_sitenote_category":0},"categories":[12,1058],"tags":[],"_links":{"self":[{"href":"http:\/\/www.portaldelolleria.es\/index.php?rest_route=\/wp\/v2\/posts\/18541"}],"collection":[{"href":"http:\/\/www.portaldelolleria.es\/index.php?rest_route=\/wp\/v2\/posts"}],"about":[{"href":"http:\/\/www.portaldelolleria.es\/index.php?rest_route=\/wp\/v2\/types\/post"}],"author":[{"embeddable":true,"href":"http:\/\/www.portaldelolleria.es\/index.php?rest_route=\/wp\/v2\/users\/1"}],"replies":[{"embeddable":true,"href":"http:\/\/www.portaldelolleria.es\/index.php?rest_route=%2Fwp%2Fv2%2Fcomments&post=18541"}],"version-history":[{"count":2,"href":"http:\/\/www.portaldelolleria.es\/index.php?rest_route=\/wp\/v2\/posts\/18541\/revisions"}],"predecessor-version":[{"id":18544,"href":"http:\/\/www.portaldelolleria.es\/index.php?rest_route=\/wp\/v2\/posts\/18541\/revisions\/18544"}],"wp:attachment":[{"href":"http:\/\/www.portaldelolleria.es\/index.php?rest_route=%2Fwp%2Fv2%2Fmedia&parent=18541"}],"wp:term":[{"taxonomy":"category","embeddable":true,"href":"http:\/\/www.portaldelolleria.es\/index.php?rest_route=%2Fwp%2Fv2%2Fcategories&post=18541"},{"taxonomy":"post_tag","embeddable":true,"href":"http:\/\/www.portaldelolleria.es\/index.php?rest_route=%2Fwp%2Fv2%2Ftags&post=18541"}],"curies":[{"name":"wp","href":"https:\/\/api.w.org\/{rel}","templated":true}]}}