{"id":18573,"date":"2017-11-02T12:20:53","date_gmt":"2017-11-02T10:20:53","guid":{"rendered":"http:\/\/www.portaldelolleria.es\/?p=18573"},"modified":"2018-01-06T11:03:51","modified_gmt":"2018-01-06T09:03:51","slug":"xxxiii-edicion-de-la-mostra-internacional-de-titelles-de-la-vall-d%e2%80%99albaida","status":"publish","type":"post","link":"http:\/\/www.portaldelolleria.es\/?p=18573","title":{"rendered":"XXXIII edici\u00f3n de la Mostra Internacional de Titelles de la Vall d\u2019Albaida"},"content":{"rendered":"<p><a href=\"http:\/\/www.portaldelolleria.es\/wp-content\/uploads\/2017\/11\/titeres3.jpg\"><img loading=\"lazy\" class=\"aligncenter size-full wp-image-18616\" title=\"titeres3\" src=\"http:\/\/www.portaldelolleria.es\/wp-content\/uploads\/2017\/11\/titeres3.jpg\" alt=\"\" width=\"598\" height=\"399\" srcset=\"http:\/\/www.portaldelolleria.es\/wp-content\/uploads\/2017\/11\/titeres3.jpg 598w, http:\/\/www.portaldelolleria.es\/wp-content\/uploads\/2017\/11\/titeres3-300x200.jpg 300w\" sizes=\"(max-width: 598px) 100vw, 598px\" \/><\/a><em><span style=\"color: #888888;\"><a href=\"http:\/\/mostratitelles.com\/els-titelles-mes-propers-actuals-i-universals-prenen-la-vall-dalbaida\/\" target=\"_blank\">MIT <\/a>Vall d&#8217;Albaida, 30 de octubre de 2017<\/span><\/em><\/p>\n<p style=\"text-align: justify;\">&#8211; La XXXIII edici\u00f3n de la Muestra Internacional de T\u00edteres de la Vall d&#8217;Albaida concentra en un fin de semana m\u00e1s de treinta espect\u00e1culos para todas las edades en 19 municipios de la comarca.<\/p>\n<h3 style=\"text-align: justify;\">El certamen arranca el d\u00eda 9 con representaciones en Benig\u00e0nim, Montaverner, l&#8217;Olleria y Otos<\/h3>\n<p style=\"text-align: justify;\">Del 9 al 12 de noviembre, la Vall d&#8217;Albaida vibrar\u00e1 con la 33\u00aa Muestra Internacional de T\u00edteres que este a\u00f1o apuesta por acercar al p\u00fablico en el escenario con espect\u00e1culos para todas las edades y sin rehuir temas de actualidad como la obsesi\u00f3n por el f\u00edsico, que desde la danza y los objetos trata la compa\u00f1\u00eda Kimani con Cospress, o el bullying, mediante los animales del Safari de la compa\u00f1\u00eda de Comediants la Baldufa. Como explica la directora art\u00edstica de la Muestra, \u00c1ngeles Gonz\u00e1lez, \u00abinvitamos a vivir las cosas desde una perspectiva m\u00e1s cercana, quedarse con lo peque\u00f1o\u00bb. De conseguirlo encargar\u00e1n Guillem Alb\u00e0 y Clara Peya con Lluvia, pura sensibilidad con deliciosa m\u00fasica en directo para provocar un nudo en el est\u00f3mago a los espectadores. \u00cdntima es tambi\u00e9n la propuesta de Arena en los bolsillos, Peque\u00f1a Max, una peque\u00f1a joya para los m\u00e1s peque\u00f1os que atrapar\u00e1 igualmente los mayores y que le ha valido a los andaluces la nominaci\u00f3n como mejor espect\u00e1culo infantil y familiar en los \u00faltimos premios MAX.<\/p>\n<p style=\"text-align: justify;\">De N\u00e1poles llega Gaspare narigudos, un artista de dimensi\u00f3n internacional. Viernes, s\u00e1bado y domingo y en cuatro municipios de la Vall d&#8217;Albaida se podr\u00e1 asistir a un espect\u00e1culo irreverente y divertido, uno de los grandes cl\u00e1sicos del teatro de Pulcinella. Dimensi\u00f3n internacional es tambi\u00e9n la de los vascos de Teatro Para\u00edso que con Kubik han girado por 12 pa\u00edses en Europa y Am\u00e9rica. \u00bfC\u00f3mo valora el consejero de Cultura de la Mancomunidad, Fede Vidal, \u00abcon la Muestra de T\u00edteres ayudamos a descentralizar la cultura para que compa\u00f1\u00edas y piezas de primer orden llegan a poblaciones peque\u00f1as; ofrecemos una propuesta diferenciada y para el fin de semana en toda una comarca, adem\u00e1s de transmitir los valores esc\u00e9nicos a trav\u00e9s de las escuelas \u00bbpara las que se ha dise\u00f1ado especialmente la programaci\u00f3n del jueves y el viernes por la ma\u00f1ana.<\/p>\n<p style=\"text-align: justify;\">Teatro para ver y sentir de cerca que quiere reducir las distancias, cuando no romperlas, entre el escenario y el patio de butacas para espectadores y compa\u00f1\u00eda forman parte de un mismo hecho art\u00edstico. Todo sin olvidar la participaci\u00f3n de compa\u00f1\u00edas valencianas de reconocida trayectoria como Teatro la Estrella, La Huerta Teatro, La Carreta Teatro o Teatro del Hombre Dibujado con propuestas muy diferentes que demuestran que el mundo del t\u00edtere sigue vivo en nuestro pa\u00eds.<\/p>\n<p style=\"text-align: justify;\">Para disfrutar plenamente de la Muestra, se han confeccionado dos rutas: una para los m\u00e1s peque\u00f1os de la casa con La gallina de los huevos de oro de Zum-zum teatro viernes a las 19 horas en Castell\u00f3 de Rugat; s\u00e1bado a las 18 horas con Vuela Pluma de Periferia Teatro en Alfarras\u00ed y a las 20 horas con Screen Man de Teatro del hombre dibujado en Ontinyent; y domingo a las 19 horas con el Retahilando de Eugenia Manzanera al R\u00e0fol de Salem; la otra, para los m\u00e1s mayores, se inicia el s\u00e1bado a mediod\u00eda en Albaida con Safari, a las 19 en Agullent con La gallina de los huevos de oro; domingo mediod\u00eda en la Pobla del Duc con la Domus di Pulcinella de Gaspare narigudos ya las 18:30 horas en Ontinyent en la clausura de la Muestra con \u00d3scar, el ni\u00f1o dormido en Ontinyent los andaluces El Espejo Negro y que resuelven con humor, ternura y un dominio absoluto del trabajo de objeto un argumento tan delicado como el de un ni\u00f1o en coma. Un montaje de gran formato y para adultos en contraste con propuestas tan \u00edntimas como las de los ya mencionados Guillem Alb\u00e0, Arena en los Bolsillos, Teatro Para\u00edso o Teatro del Hombre Dibujado.<\/p>\n<p style=\"text-align: justify;\">La Muestra Internacional de T\u00edteres en la Vall d&#8217;Albaida ofrece un largo fin de semana con 14 compa\u00f1\u00edas, 19 municipios y m\u00e1s de treinta espect\u00e1culos que conforman una serie de experiencias \u00fanicas creadas para aforos reducidos. Teatro para ver y sentir de cerca, como la m\u00fasica en directo de Clara Pay\u00e0 o la de Zum-Zum Teatre y con una apuesta clara para que el espectador sea tambi\u00e9n part\u00edcipe: desde las funciones programadas para escolares que ocupan jueves y viernes los talleres de marionetas del balear David Duran o de construcci\u00f3n de objetos absurdos a partir de material reciclado del argentino Emiliano Matesanz.<\/p>\n<p style=\"text-align: justify;\"><a href=\"http:\/\/www.portaldelolleria.es\/wp-content\/uploads\/2017\/11\/mit.jpg\"><img loading=\"lazy\" class=\"aligncenter size-full wp-image-18615\" title=\"mit\" src=\"http:\/\/www.portaldelolleria.es\/wp-content\/uploads\/2017\/11\/mit.jpg\" alt=\"\" width=\"598\" height=\"834\" srcset=\"http:\/\/www.portaldelolleria.es\/wp-content\/uploads\/2017\/11\/mit.jpg 598w, http:\/\/www.portaldelolleria.es\/wp-content\/uploads\/2017\/11\/mit-215x300.jpg 215w\" sizes=\"(max-width: 598px) 100vw, 598px\" \/><\/a><\/p>\n","protected":false},"excerpt":{"rendered":"<p>MIT Vall d&#8217;Albaida, 30 de octubre de 2017 &#8211; La XXXIII edici\u00f3n de la Muestra Internacional de T\u00edteres de la Vall d&#8217;Albaida concentra en un fin de semana m\u00e1s de treinta espect\u00e1culos para todas las edades en 19 municipios de la comarca. El certamen arranca el d\u00eda 9 con representaciones en Benig\u00e0nim, Montaverner, l&#8217;Olleria y [&hellip;]<\/p>\n","protected":false},"author":1,"featured_media":0,"comment_status":"closed","ping_status":"open","sticky":false,"template":"","format":"standard","meta":{"_monsterinsights_skip_tracking":false,"_monsterinsights_sitenote_active":false,"_monsterinsights_sitenote_note":"","_monsterinsights_sitenote_category":0},"categories":[15,12],"tags":[],"_links":{"self":[{"href":"http:\/\/www.portaldelolleria.es\/index.php?rest_route=\/wp\/v2\/posts\/18573"}],"collection":[{"href":"http:\/\/www.portaldelolleria.es\/index.php?rest_route=\/wp\/v2\/posts"}],"about":[{"href":"http:\/\/www.portaldelolleria.es\/index.php?rest_route=\/wp\/v2\/types\/post"}],"author":[{"embeddable":true,"href":"http:\/\/www.portaldelolleria.es\/index.php?rest_route=\/wp\/v2\/users\/1"}],"replies":[{"embeddable":true,"href":"http:\/\/www.portaldelolleria.es\/index.php?rest_route=%2Fwp%2Fv2%2Fcomments&post=18573"}],"version-history":[{"count":8,"href":"http:\/\/www.portaldelolleria.es\/index.php?rest_route=\/wp\/v2\/posts\/18573\/revisions"}],"predecessor-version":[{"id":19294,"href":"http:\/\/www.portaldelolleria.es\/index.php?rest_route=\/wp\/v2\/posts\/18573\/revisions\/19294"}],"wp:attachment":[{"href":"http:\/\/www.portaldelolleria.es\/index.php?rest_route=%2Fwp%2Fv2%2Fmedia&parent=18573"}],"wp:term":[{"taxonomy":"category","embeddable":true,"href":"http:\/\/www.portaldelolleria.es\/index.php?rest_route=%2Fwp%2Fv2%2Fcategories&post=18573"},{"taxonomy":"post_tag","embeddable":true,"href":"http:\/\/www.portaldelolleria.es\/index.php?rest_route=%2Fwp%2Fv2%2Ftags&post=18573"}],"curies":[{"name":"wp","href":"https:\/\/api.w.org\/{rel}","templated":true}]}}