{"id":18653,"date":"2017-11-06T16:17:59","date_gmt":"2017-11-06T14:17:59","guid":{"rendered":"http:\/\/www.portaldelolleria.es\/?p=18653"},"modified":"2017-11-06T16:19:05","modified_gmt":"2017-11-06T14:19:05","slug":"upv-campus-alcoi-semana-de-la-ciencia-2017","status":"publish","type":"post","link":"http:\/\/www.portaldelolleria.es\/?p=18653","title":{"rendered":"UPV Campus Alcoi Semana de la Ciencia 2017"},"content":{"rendered":"<p style=\"text-align: justify;\">\u00a0<a href=\"http:\/\/www.portaldelolleria.es\/wp-content\/uploads\/2017\/11\/upv1.jpg\"><img loading=\"lazy\" class=\"aligncenter size-full wp-image-18654\" title=\"upv1\" src=\"http:\/\/www.portaldelolleria.es\/wp-content\/uploads\/2017\/11\/upv1.jpg\" alt=\"\" width=\"598\" height=\"398\" srcset=\"http:\/\/www.portaldelolleria.es\/wp-content\/uploads\/2017\/11\/upv1.jpg 598w, http:\/\/www.portaldelolleria.es\/wp-content\/uploads\/2017\/11\/upv1-300x199.jpg 300w\" sizes=\"(max-width: 598px) 100vw, 598px\" \/><\/a><\/p>\n<p style=\"text-align: justify;\">Semana de la Ciencia 2017<\/p>\n<p style=\"text-align: justify;\">Conferencias, visitas guiadas, cine f\u00f3rum, observaci\u00f3n astron\u00f3mica y la posterior Semana Jove de la Ciencia, conforman la programaci\u00f3n de esta Semana de la Ciencia 2017.<\/p>\n<p style=\"text-align: justify;\">El pr\u00f3ximo <strong>6 de noviembre<\/strong> comenzar\u00e1 la edici\u00f3n de este a\u00f1o de la Semana de la Ciencia, como es habitual lo har\u00e1 con la inauguraci\u00f3n previa a la conferencia programada para esa jornada. Tendr\u00e1 lugar en la Sala de Grados Roberto Garcia Pay\u00e1 a partir de las <strong>19h<\/strong> y contar\u00e1 con la presencia de D. <strong>Jos\u00e9 Manuel Barat Baviera<\/strong>, Vicerrector de Ordenaci\u00f3n Acad\u00e9mica y Profesorado de la Universitat Polit\u00e8cnica de Val\u00e8ncia, D. <strong>Antonio Franc\u00e9s P\u00e9rez<\/strong>, Alcalde de M.I. Ayuntamiento de Alcoy y con D. <strong>Juan Ignacio Torregrosa L\u00f3pez<\/strong>, Director del Campus de Alcoy de la Universitat Polit\u00e8cnica de Val\u00e8ncia.<\/p>\n<p style=\"text-align: justify;\"><strong>La edici\u00f3n de este a\u00f1o<\/strong><\/p>\n<p style=\"text-align: justify;\">El ser humano vive en un mundo global acelerado, los avances tecnol\u00f3gicos y cient\u00edficos se suceden a una velocidad de v\u00e9rtigo, y podemos afirmar sin duda que son los m\u00e1s importantes de la historia: internet de las cosas, la robotizaci\u00f3n, los tel\u00e9fonos inteligentes, el <em>big data<\/em>, la secuenciaci\u00f3n del genoma, las energ\u00edas renovables, el <em>bitcoin<\/em>, el <em>fintech<\/em>, las plataformas de intercambio entre particulares\u2026<\/p>\n<p style=\"text-align: justify;\">Sin embargo, la naturaleza humana se sigue planteando los mismos interrogantes que los fil\u00f3sofos presocr\u00e1ticos \u00bfQu\u00e9 es el hombre? En este momento, m\u00e1s que nunca, la ciencia y la filosof\u00eda tienen que volver a ser como fueron en la \u00e9poca de Plat\u00f3n y Arist\u00f3teles, las dos caras de una misma moneda. \u00bfSon los cient\u00edficos los fil\u00f3sofos del siglo XXI? Se trata de saber c\u00f3mo administrar el enorme poder que la ciencia y la tecnolog\u00eda han puesto en manos del ser humano.<\/p>\n<p style=\"text-align: justify;\">De la misma manera que el pensamiento filos\u00f3fico busca lo bueno y lo malo, el pensamiento cr\u00edtico influye en la b\u00fasqueda de lo verdadero, mediante la humildad intelectual y una mente abierta. Y apoyados en la libertad de pensamiento, nos vemos en la necesidad de evaluar la consistencia y la validez de la informaci\u00f3n que nos exponen. Este es el objetivo fundamental de la Universidad, que precede a cualquier intento de adoctrinamiento, ya que queremos formar a personas libres y sin miedo, facilitando la igualdad y la libertad. A muchos se les olvida que la difusi\u00f3n de la ciencia cumple ese mismo cometido, y que tenemos una responsabilidad social de compartir los recursos acad\u00e9micos con la ense\u00f1anza obligatoria y postobligatoria, fomentando las vocaciones cient\u00edficas. El empleo no crecer\u00e1 en cantidad y calidad con reformas laborales, sino con una apuesta decidida por aumentar la inversi\u00f3n en educaci\u00f3n y en investigaci\u00f3n cient\u00edfica. Y nos preguntamos, \u00bfla sociedad espa\u00f1ola cree que la educaci\u00f3n es importante?<\/p>\n<p style=\"text-align: justify;\">La Semana de la Ciencia, cuenta con el patrocinio del Ayuntamiento de Alcoy por medio de la c\u00e1tedra \u201c<strong><em>Alcoy Ciudad del Conocimiento<\/em><\/strong>\u201d, con el de la Fundaci\u00f3n Espa\u00f1ola para la Ciencia y la Tecnolog\u00eda (FECYT), con el de la Diputaci\u00f3n Provincial de Alicante, con las empresas Multiscan, Akralab y Diagram Software, Tambi\u00e9n colaboran en esta edici\u00f3n el Consejo Superior de Investigaciones Cient\u00edficas, las sedes universitarias de este campus y distintas empresas y entidades que hacen posible su realizaci\u00f3n.<\/p>\n<p style=\"text-align: justify;\"><strong>Exposici\u00f3n Fotciencia14<\/strong><\/p>\n<p style=\"text-align: justify;\">Este a\u00f1o, la exposici\u00f3n fotogr\u00e1fica se podr\u00e1 visitar a partir del d\u00eda <strong>31 de octubre hasta el 30 de noviembre<\/strong> en la tercera planta del Centro Comercial Alzamora.<\/p>\n<p style=\"text-align: justify;\"><strong>Inscripciones<\/strong><\/p>\n<p style=\"text-align: justify;\">Las inscripciones se realizar\u00e1n a trav\u00e9s de la p\u00e1gina web (<a href=\"http:\/\/www.semanaciencia.alcoy.upv.es\" target=\"_blank\"><strong><span style=\"color: #cc0000;\">www.semanaciencia.alcoy.upv.es<\/span><\/strong><\/a>) hasta completar el aforo m\u00e1ximo de la Sala de Conferencias. Se deber\u00e1 asistir 10 minutos antes de su inicio a todas las actividades.<\/p>\n<div>\n<div style=\"text-align: justify;\">M\u00e1s informaci\u00f3n<\/div>\n<ul>\n<li style=\"text-align: justify;\"><a class=\"wpGallery mceItem\" title=\"gallery\" href=\"http:\/\/www.epsa.upv.es\/news\/1267_sct2017_cartel.jpg\" rel=\"prettyPhoto<img src=\">Cartel de la Semana de la Ciencia 2017 <img loading=\"lazy\" src=\"http:\/\/www.epsa.upv.es\/imagenes\/blank.gif\" alt=\"Cartel de la Semana de la Ciencia 2017\" width=\"1\" height=\"1\" align=\"absmiddle\" border=\"0\" \/><\/a><\/li>\n<li style=\"text-align: justify;\"><a title=\"Folleto informativo\" href=\"http:\/\/www.epsa.upv.es\/news\/SemanaCiencia2017CampusAlcoi.pdf\" target=\"_blank\">Folleto informativo <img title=\"Folleto informativo\" src=\"http:\/\/www.epsa.upv.es\/images\/pdf2.gif\" alt=\"Folleto informativo\" \/><\/a><\/li>\n<li style=\"text-align: justify;\"><a title=\"Fotciencia14\" href=\"http:\/\/www.epsa.upv.es\/news\/Fotciencia14.pdf\" target=\"_blank\">Fotciencia14 <img title=\"Fotciencia14\" src=\"http:\/\/www.epsa.upv.es\/images\/pdf2.gif\" alt=\"\" \/><\/a><\/li>\n<li style=\"text-align: justify;\"><a title=\"Inscripciones y m\u00e1s informaci\u00f3n\" href=\"http:\/\/www.semanaciencia.alcoy.upv.es\" target=\"_blank\">Inscripcciones y m\u00e1s informaci\u00f3n<\/a><\/li>\n<\/ul>\n<\/div>\n<p>&nbsp;<\/p>\n<p><iframe loading=\"lazy\" src=\"https:\/\/www.youtube.com\/embed\/pwuA7iwkdsU?rel=0\" frameborder=\"0\" width=\"598\" height=\"336\"><\/iframe><\/p>\n","protected":false},"excerpt":{"rendered":"<p>\u00a0 Semana de la Ciencia 2017 Conferencias, visitas guiadas, cine f\u00f3rum, observaci\u00f3n astron\u00f3mica y la posterior Semana Jove de la Ciencia, conforman la programaci\u00f3n de esta Semana de la Ciencia 2017. El pr\u00f3ximo 6 de noviembre comenzar\u00e1 la edici\u00f3n de este a\u00f1o de la Semana de la Ciencia, como es habitual lo har\u00e1 con la [&hellip;]<\/p>\n","protected":false},"author":1,"featured_media":0,"comment_status":"closed","ping_status":"open","sticky":false,"template":"","format":"standard","meta":{"_monsterinsights_skip_tracking":false,"_monsterinsights_sitenote_active":false,"_monsterinsights_sitenote_note":"","_monsterinsights_sitenote_category":0},"categories":[12,1058],"tags":[],"_links":{"self":[{"href":"http:\/\/www.portaldelolleria.es\/index.php?rest_route=\/wp\/v2\/posts\/18653"}],"collection":[{"href":"http:\/\/www.portaldelolleria.es\/index.php?rest_route=\/wp\/v2\/posts"}],"about":[{"href":"http:\/\/www.portaldelolleria.es\/index.php?rest_route=\/wp\/v2\/types\/post"}],"author":[{"embeddable":true,"href":"http:\/\/www.portaldelolleria.es\/index.php?rest_route=\/wp\/v2\/users\/1"}],"replies":[{"embeddable":true,"href":"http:\/\/www.portaldelolleria.es\/index.php?rest_route=%2Fwp%2Fv2%2Fcomments&post=18653"}],"version-history":[{"count":3,"href":"http:\/\/www.portaldelolleria.es\/index.php?rest_route=\/wp\/v2\/posts\/18653\/revisions"}],"predecessor-version":[{"id":18657,"href":"http:\/\/www.portaldelolleria.es\/index.php?rest_route=\/wp\/v2\/posts\/18653\/revisions\/18657"}],"wp:attachment":[{"href":"http:\/\/www.portaldelolleria.es\/index.php?rest_route=%2Fwp%2Fv2%2Fmedia&parent=18653"}],"wp:term":[{"taxonomy":"category","embeddable":true,"href":"http:\/\/www.portaldelolleria.es\/index.php?rest_route=%2Fwp%2Fv2%2Fcategories&post=18653"},{"taxonomy":"post_tag","embeddable":true,"href":"http:\/\/www.portaldelolleria.es\/index.php?rest_route=%2Fwp%2Fv2%2Ftags&post=18653"}],"curies":[{"name":"wp","href":"https:\/\/api.w.org\/{rel}","templated":true}]}}