{"id":1870,"date":"2012-12-16T05:03:26","date_gmt":"2012-12-16T04:03:26","guid":{"rendered":"http:\/\/www.portaldelolleria.es\/?p=1870"},"modified":"2012-12-18T18:20:14","modified_gmt":"2012-12-18T17:20:14","slug":"una-mujer-muerta-en-un-choque-entre-dos-vehiculos-en-lolleria","status":"publish","type":"post","link":"http:\/\/www.portaldelolleria.es\/?p=1870","title":{"rendered":"Una mujer fallecida en un choque entre dos veh\u00edculos en L&#8217;Oller\u00eda"},"content":{"rendered":"<p>&nbsp;<\/p>\n<p><a href=\"http:\/\/www.portaldelolleria.es\/wp-content\/uploads\/2012\/12\/tunel2.jpg\"><img loading=\"lazy\" class=\"aligncenter size-full wp-image-1876\" title=\"tunel2\" src=\"http:\/\/www.portaldelolleria.es\/wp-content\/uploads\/2012\/12\/tunel2.jpg\" alt=\"\" width=\"598\" height=\"398\" srcset=\"http:\/\/www.portaldelolleria.es\/wp-content\/uploads\/2012\/12\/tunel2.jpg 598w, http:\/\/www.portaldelolleria.es\/wp-content\/uploads\/2012\/12\/tunel2-300x199.jpg 300w\" sizes=\"(max-width: 598px) 100vw, 598px\" \/><\/a><\/p>\n<p>&nbsp;<\/p>\n<h2>El veh\u00edculo colision\u00f3 contra la mediana por causas que se desconocen<\/h2>\n<div id=\"noticia_texto\">\n<p><strong>EFE<\/strong> Una mujer ha fallecido a consecuencia de un choque entre dos veh\u00edculos ocurrido en el t\u00e9rmino de L&#8217;Oller\u00eda, han informado hoy fuentes del Centro de Gesti\u00f3n de Tr\u00e1fico.<\/p>\n<p>El accidente se produjo, por causas no precisadas, alrededor de las 22.00 horas de anoche, en el kil\u00f3metro 9,3 de la carretera CV-40, que discurre entre Canals y Albaida, en el interior del t\u00fanel de L&#8217;Oller\u00eda. Seg\u00fan fuentes del Consorcio de Bomberos, uno de los veh\u00edculos choc\u00f3 contra la mediana del t\u00fanel y su conductora falleci\u00f3 y qued\u00f3 atrapada en su interior, por lo que tuvo que ser excarcelada por los bomberos.<\/p>\n<p>Seg\u00fan fuentes del Centro de Coordinaci\u00f3n de Urgencias CICU, la v\u00edctima es una mujer de 29 a\u00f1os, mientras que el conductor del otro veh\u00edculo, un hombre de 20 a\u00f1os, result\u00f3 ileso, aunque tuvo que ser atendido de s\u00edntomas de ansiedad.<\/p>\n<\/div>\n","protected":false},"excerpt":{"rendered":"<p>&nbsp; &nbsp; El veh\u00edculo colision\u00f3 contra la mediana por causas que se desconocen EFE Una mujer ha fallecido a consecuencia de un choque entre dos veh\u00edculos ocurrido en el t\u00e9rmino de L&#8217;Oller\u00eda, han informado hoy fuentes del Centro de Gesti\u00f3n de Tr\u00e1fico. El accidente se produjo, por causas no precisadas, alrededor de las 22.00 horas [&hellip;]<\/p>\n","protected":false},"author":2,"featured_media":0,"comment_status":"closed","ping_status":"open","sticky":false,"template":"","format":"standard","meta":{"_monsterinsights_skip_tracking":false,"_monsterinsights_sitenote_active":false,"_monsterinsights_sitenote_note":"","_monsterinsights_sitenote_category":0},"categories":[3,12],"tags":[473,20,474],"_links":{"self":[{"href":"http:\/\/www.portaldelolleria.es\/index.php?rest_route=\/wp\/v2\/posts\/1870"}],"collection":[{"href":"http:\/\/www.portaldelolleria.es\/index.php?rest_route=\/wp\/v2\/posts"}],"about":[{"href":"http:\/\/www.portaldelolleria.es\/index.php?rest_route=\/wp\/v2\/types\/post"}],"author":[{"embeddable":true,"href":"http:\/\/www.portaldelolleria.es\/index.php?rest_route=\/wp\/v2\/users\/2"}],"replies":[{"embeddable":true,"href":"http:\/\/www.portaldelolleria.es\/index.php?rest_route=%2Fwp%2Fv2%2Fcomments&post=1870"}],"version-history":[{"count":4,"href":"http:\/\/www.portaldelolleria.es\/index.php?rest_route=\/wp\/v2\/posts\/1870\/revisions"}],"predecessor-version":[{"id":1890,"href":"http:\/\/www.portaldelolleria.es\/index.php?rest_route=\/wp\/v2\/posts\/1870\/revisions\/1890"}],"wp:attachment":[{"href":"http:\/\/www.portaldelolleria.es\/index.php?rest_route=%2Fwp%2Fv2%2Fmedia&parent=1870"}],"wp:term":[{"taxonomy":"category","embeddable":true,"href":"http:\/\/www.portaldelolleria.es\/index.php?rest_route=%2Fwp%2Fv2%2Fcategories&post=1870"},{"taxonomy":"post_tag","embeddable":true,"href":"http:\/\/www.portaldelolleria.es\/index.php?rest_route=%2Fwp%2Fv2%2Ftags&post=1870"}],"curies":[{"name":"wp","href":"https:\/\/api.w.org\/{rel}","templated":true}]}}