{"id":19013,"date":"2017-12-09T13:09:47","date_gmt":"2017-12-09T11:09:47","guid":{"rendered":"http:\/\/www.portaldelolleria.es\/?p=19013"},"modified":"2017-12-09T13:10:12","modified_gmt":"2017-12-09T11:10:12","slug":"monica-pascual-trio-en-concierto","status":"publish","type":"post","link":"http:\/\/www.portaldelolleria.es\/?p=19013","title":{"rendered":"Monica Pascual Trio en concierto"},"content":{"rendered":"<p><a href=\"http:\/\/www.portaldelolleria.es\/wp-content\/uploads\/2017\/12\/monica-pascual-trio.jpg\"><img loading=\"lazy\" class=\"aligncenter size-full wp-image-19015\" title=\"monica pascual trio\" src=\"http:\/\/www.portaldelolleria.es\/wp-content\/uploads\/2017\/12\/monica-pascual-trio.jpg\" alt=\"\" width=\"598\" height=\"398\" srcset=\"http:\/\/www.portaldelolleria.es\/wp-content\/uploads\/2017\/12\/monica-pascual-trio.jpg 598w, http:\/\/www.portaldelolleria.es\/wp-content\/uploads\/2017\/12\/monica-pascual-trio-300x199.jpg 300w\" sizes=\"(max-width: 598px) 100vw, 598px\" \/><\/a><\/p>\n<p>Este domingo, 10 de diciembre, el grupo\u00a0 \u00abMonica Pascual Trio\u00bb, ofrecer\u00e1 un concierto en el Teatro Goya a partir de las 18:30h. El repertorio ser\u00e1 un repaso de grandes \u00e9xitos interpretados por Ares Campins al piano, Joan Vidal al saxo, y la voz de M\u00f3nica Pascual.<\/p>\n<p>___________________<\/p>\n<p><span style=\"color: #800000;\">Aquest diumenge, 10 de desembre, el grup \u00abMonica Pascual Trio\u00bb, oferir\u00e0 un concert al Teatre Goya a partir de les 18: 30h. El repertori ser\u00e0 un rep\u00e0s de grans \u00e8xits interpretats per Ares Campins al piano, Joan Vidal al saxo, i la veu de M\u00f2nica Pascual.<\/span><\/p>\n<p>&nbsp;<\/p>\n<p><a href=\"http:\/\/www.portaldelolleria.es\/wp-content\/uploads\/2017\/12\/monica-pascual-trio-2.jpg\"><img loading=\"lazy\" class=\"aligncenter size-full wp-image-19014\" title=\"monica pascual trio 2\" src=\"http:\/\/www.portaldelolleria.es\/wp-content\/uploads\/2017\/12\/monica-pascual-trio-2.jpg\" alt=\"\" width=\"598\" height=\"845\" srcset=\"http:\/\/www.portaldelolleria.es\/wp-content\/uploads\/2017\/12\/monica-pascual-trio-2.jpg 598w, http:\/\/www.portaldelolleria.es\/wp-content\/uploads\/2017\/12\/monica-pascual-trio-2-212x300.jpg 212w\" sizes=\"(max-width: 598px) 100vw, 598px\" \/><\/a><\/p>\n","protected":false},"excerpt":{"rendered":"<p>Este domingo, 10 de diciembre, el grupo\u00a0 \u00abMonica Pascual Trio\u00bb, ofrecer\u00e1 un concierto en el Teatro Goya a partir de las 18:30h. El repertorio ser\u00e1 un repaso de grandes \u00e9xitos interpretados por Ares Campins al piano, Joan Vidal al saxo, y la voz de M\u00f3nica Pascual. ___________________ Aquest diumenge, 10 de desembre, el grup \u00abMonica [&hellip;]<\/p>\n","protected":false},"author":1,"featured_media":0,"comment_status":"closed","ping_status":"open","sticky":false,"template":"","format":"standard","meta":{"_monsterinsights_skip_tracking":false,"_monsterinsights_sitenote_active":false,"_monsterinsights_sitenote_note":"","_monsterinsights_sitenote_category":0},"categories":[15,12],"tags":[],"_links":{"self":[{"href":"http:\/\/www.portaldelolleria.es\/index.php?rest_route=\/wp\/v2\/posts\/19013"}],"collection":[{"href":"http:\/\/www.portaldelolleria.es\/index.php?rest_route=\/wp\/v2\/posts"}],"about":[{"href":"http:\/\/www.portaldelolleria.es\/index.php?rest_route=\/wp\/v2\/types\/post"}],"author":[{"embeddable":true,"href":"http:\/\/www.portaldelolleria.es\/index.php?rest_route=\/wp\/v2\/users\/1"}],"replies":[{"embeddable":true,"href":"http:\/\/www.portaldelolleria.es\/index.php?rest_route=%2Fwp%2Fv2%2Fcomments&post=19013"}],"version-history":[{"count":2,"href":"http:\/\/www.portaldelolleria.es\/index.php?rest_route=\/wp\/v2\/posts\/19013\/revisions"}],"predecessor-version":[{"id":19017,"href":"http:\/\/www.portaldelolleria.es\/index.php?rest_route=\/wp\/v2\/posts\/19013\/revisions\/19017"}],"wp:attachment":[{"href":"http:\/\/www.portaldelolleria.es\/index.php?rest_route=%2Fwp%2Fv2%2Fmedia&parent=19013"}],"wp:term":[{"taxonomy":"category","embeddable":true,"href":"http:\/\/www.portaldelolleria.es\/index.php?rest_route=%2Fwp%2Fv2%2Fcategories&post=19013"},{"taxonomy":"post_tag","embeddable":true,"href":"http:\/\/www.portaldelolleria.es\/index.php?rest_route=%2Fwp%2Fv2%2Ftags&post=19013"}],"curies":[{"name":"wp","href":"https:\/\/api.w.org\/{rel}","templated":true}]}}