{"id":19153,"date":"2017-12-22T10:59:08","date_gmt":"2017-12-22T08:59:08","guid":{"rendered":"http:\/\/www.portaldelolleria.es\/?p=19153"},"modified":"2017-12-22T11:18:38","modified_gmt":"2017-12-22T09:18:38","slug":"teatro-goya-banda-jove-aem-la-nova-concert-de-nadal","status":"publish","type":"post","link":"http:\/\/www.portaldelolleria.es\/?p=19153","title":{"rendered":"Teatro Goya:  Banda \u00abJove\u00bb AEM La Nova \u00abConcert de Nadal\u00bb"},"content":{"rendered":"<p><a href=\"http:\/\/www.portaldelolleria.es\/wp-content\/uploads\/2017\/12\/nadal2.jpg\"><img loading=\"lazy\" class=\"aligncenter size-full wp-image-19160\" title=\"nadal2\" src=\"http:\/\/www.portaldelolleria.es\/wp-content\/uploads\/2017\/12\/nadal2.jpg\" alt=\"\" width=\"598\" height=\"398\" srcset=\"http:\/\/www.portaldelolleria.es\/wp-content\/uploads\/2017\/12\/nadal2.jpg 598w, http:\/\/www.portaldelolleria.es\/wp-content\/uploads\/2017\/12\/nadal2-300x199.jpg 300w\" sizes=\"(max-width: 598px) 100vw, 598px\" \/><\/a><\/p>\n<p>Estel viernes, 22 de diciembre, la AEM La Nova de l\u2019Olleria, ofrecer\u00e1 el tradicional \u201cConcert de Nadal\u201d en el Teatro Goya, a partir de las 19h.\u00a0 La banda \u201cJove\u201d la encargada de interpretar est\u00e9 cl\u00e1sico concierto pr\u00f3ximo a las fiestas navide\u00f1as en l\u2019Olleria, bajo la batuta de\u00a0 Jordi Sanz Momp\u00f3<\/p>\n<p>___________________<\/p>\n<p><span style=\"color: #800000;\">Estel divendres, 22 de desembre, l&#8217;AEM La Nova de l&#8217;Olleria, oferir\u00e0 el tradicional \u00abConcert de Nadal\u00bb al Teatre Goya, a partir de les 19h. La banda \u00abJove\u00bb l&#8217;encarregada d&#8217;interpretar estigui cl\u00e0ssic concert proper a les festes nadalenques a l&#8217;Olleria, sota la batuta de Jordi Sanz Momp\u00f3<\/span><\/p>\n<p><a href=\"http:\/\/www.portaldelolleria.es\/wp-content\/uploads\/2017\/12\/nadal3.jpg\"><img loading=\"lazy\" class=\"aligncenter size-full wp-image-19154\" title=\"nadal3\" src=\"http:\/\/www.portaldelolleria.es\/wp-content\/uploads\/2017\/12\/nadal3.jpg\" alt=\"\" width=\"500\" height=\"708\" srcset=\"http:\/\/www.portaldelolleria.es\/wp-content\/uploads\/2017\/12\/nadal3.jpg 500w, http:\/\/www.portaldelolleria.es\/wp-content\/uploads\/2017\/12\/nadal3-211x300.jpg 211w\" sizes=\"(max-width: 500px) 100vw, 500px\" \/><\/a><\/p>\n<p>&nbsp;<\/p>\n","protected":false},"excerpt":{"rendered":"<p>Estel viernes, 22 de diciembre, la AEM La Nova de l\u2019Olleria, ofrecer\u00e1 el tradicional \u201cConcert de Nadal\u201d en el Teatro Goya, a partir de las 19h.\u00a0 La banda \u201cJove\u201d la encargada de interpretar est\u00e9 cl\u00e1sico concierto pr\u00f3ximo a las fiestas navide\u00f1as en l\u2019Olleria, bajo la batuta de\u00a0 Jordi Sanz Momp\u00f3 ___________________ Estel divendres, 22 de [&hellip;]<\/p>\n","protected":false},"author":1,"featured_media":0,"comment_status":"closed","ping_status":"open","sticky":false,"template":"","format":"standard","meta":{"_monsterinsights_skip_tracking":false,"_monsterinsights_sitenote_active":false,"_monsterinsights_sitenote_note":"","_monsterinsights_sitenote_category":0},"categories":[15,12],"tags":[],"_links":{"self":[{"href":"http:\/\/www.portaldelolleria.es\/index.php?rest_route=\/wp\/v2\/posts\/19153"}],"collection":[{"href":"http:\/\/www.portaldelolleria.es\/index.php?rest_route=\/wp\/v2\/posts"}],"about":[{"href":"http:\/\/www.portaldelolleria.es\/index.php?rest_route=\/wp\/v2\/types\/post"}],"author":[{"embeddable":true,"href":"http:\/\/www.portaldelolleria.es\/index.php?rest_route=\/wp\/v2\/users\/1"}],"replies":[{"embeddable":true,"href":"http:\/\/www.portaldelolleria.es\/index.php?rest_route=%2Fwp%2Fv2%2Fcomments&post=19153"}],"version-history":[{"count":3,"href":"http:\/\/www.portaldelolleria.es\/index.php?rest_route=\/wp\/v2\/posts\/19153\/revisions"}],"predecessor-version":[{"id":19161,"href":"http:\/\/www.portaldelolleria.es\/index.php?rest_route=\/wp\/v2\/posts\/19153\/revisions\/19161"}],"wp:attachment":[{"href":"http:\/\/www.portaldelolleria.es\/index.php?rest_route=%2Fwp%2Fv2%2Fmedia&parent=19153"}],"wp:term":[{"taxonomy":"category","embeddable":true,"href":"http:\/\/www.portaldelolleria.es\/index.php?rest_route=%2Fwp%2Fv2%2Fcategories&post=19153"},{"taxonomy":"post_tag","embeddable":true,"href":"http:\/\/www.portaldelolleria.es\/index.php?rest_route=%2Fwp%2Fv2%2Ftags&post=19153"}],"curies":[{"name":"wp","href":"https:\/\/api.w.org\/{rel}","templated":true}]}}