{"id":1946,"date":"2012-12-26T17:38:30","date_gmt":"2012-12-26T16:38:30","guid":{"rendered":"http:\/\/www.portaldelolleria.es\/?p=1946"},"modified":"2012-12-26T18:45:53","modified_gmt":"2012-12-26T17:45:53","slug":"un-protocolo-obliga-a-respetar-el-plan-de-residuos-de-la-vall-dalbaida","status":"publish","type":"post","link":"http:\/\/www.portaldelolleria.es\/?p=1946","title":{"rendered":"Un protocolo obliga a respetar el plan de residuos de la Vall d&#8217;Albaida"},"content":{"rendered":"<p>&nbsp;<\/p>\n<p><a href=\"http:\/\/www.portaldelolleria.es\/wp-content\/uploads\/2012\/12\/residuios.jpg\"><img loading=\"lazy\" class=\"aligncenter size-full wp-image-1947\" title=\"residuios\" src=\"http:\/\/www.portaldelolleria.es\/wp-content\/uploads\/2012\/12\/residuios.jpg\" alt=\"\" width=\"598\" height=\"398\" srcset=\"http:\/\/www.portaldelolleria.es\/wp-content\/uploads\/2012\/12\/residuios.jpg 598w, http:\/\/www.portaldelolleria.es\/wp-content\/uploads\/2012\/12\/residuios-300x199.jpg 300w\" sizes=\"(max-width: 598px) 100vw, 598px\" \/><\/a><\/p>\n<p>&nbsp;<\/p>\n<h4><span style=\"color: #800000;\"><a href=\"http:\/\/www.lasprovincias.es\/v\/20121215\/ribera-costera\/protocolo-obliga-respetar-plan-20121215.html\" target=\"_self\"><span style=\"color: #800000;\">Un protocolo obliga a respetar el plan de residuos de la Vall<\/span><\/a><\/span><\/h4>\n<div id=\"story-subtitulo\">El documento firmado en el a\u00f1o 2005 por representantes del PPCV, PSPV-PSOE y Bloc les compromet\u00eda a mantener esta iniciativa<\/div>\n<div>Ana Vicente | LasProvincias<\/div>\n<div>\n<div id=\"story-texto\">\n<div>Un protocolo firmado en 2005 por los entonces m\u00e1ximos responsables del PPCV, PSPV-PSOE y Bloc ha obligado al Consell a modificar el plan zonal para respetar el plan de residuos de la Vall d&#8217;Albaida ya que el protocolo compromet\u00eda a estos partidos a hacer respetar desde el gobierno de la Generalitat Valenciana iniciativas como el plan de minimizaci\u00f3n de residuos de la Vall d&#8217;Albaida.<\/div>\n<div>En su d\u00eda, este protocolo fue planteado como \u00abun gran pacto para evitar problemas en la gesti\u00f3n de residuos\u00bb, y expon\u00eda en su apartado tercero que \u00aben la ejecuci\u00f3n de los planes zonales se respetar\u00e1n todas las iniciativas que, individualmente o a trav\u00e9s de Mancomunidades, hayan iniciado los Ayuntamientos respecto a la implantaci\u00f3n de un gesti\u00f3n adecuada de sus residuos dentro de la ordenanza y el marco legal vigente\u00bb.<\/div>\n<div>El acuerdo fue expuesto en el pleno del Ayuntamiento de Ontinyent por la concejala de Territorio, Rebeca Torr\u00f3, en el punto en el que se hablaba de las alegaciones a la tasa impuesta por el Consorcio de Residuos y que fueron aprobadas de manera un\u00e1nime por todos los grupos.<\/div>\n<div>Torr\u00f3 explic\u00f3 que ese p\u00e1rrafo \u00abse incluyo precisamente por la Vall d&#8217;Albaida, la \u00fanica comarca que ten\u00eda un plan de minimizaci\u00f3n de residuos\u00bb y en el mismo documento se explicaba que en aquellos casos en los que existan contradicciones en la planificaci\u00f3n o aparezcan dificultades para ejecutar las previsiones de un plan zonal la Generalitat \u00abproceder\u00e1 a modificar el plan zonal en aquel aspecto que ocasiones problemas para su ejecuci\u00f3n\u00bb.<\/div>\n<div>El portavoz popular y expresidente de la Mancomunidad, Filiberto Tortosa, asegur\u00f3 que bajo su mandato \u00abse defendi\u00f3 el plan de minimizaci\u00f3n\u00bb.<\/div>\n<div>En ese sentido ha se\u00f1alado que el PP de Ontinyent \u00abva a seguir apostando para que, conforme se aprob\u00f3 en el a\u00f1o 1999 en el plan de minimizaci\u00f3n de la comarca, el tratamiento y la eliminaci\u00f3n de los residuos que generemos sean encargados a la Mancomunidad y no se gestionen desde fuera, desde el consorcio\u00bb.<\/div>\n<div>El alcalde de la ciudad, Jorge Rodr\u00edguez, hizo un llamamiento para que sea \u00aben sede parlamentaria y no judicial donde se llegue a la soluci\u00f3n que se necesita para un problema que es pol\u00edtico, en el que unos tienen m\u00e1s responsabilidad que otros y donde se tiene que ver la capacidad del partido con mayor\u00eda absoluta para modificar esta orden\u00bb.<\/div>\n<div>Mientras el edil de EU, Manuel Ruiz, se\u00f1al\u00f3 que \u00abse quiere cambiar un modelo de recogida y tratamiento de residuos que hemos ido tejiendo en la comarca durante a\u00f1os y ahora el cambio que nos plantean cambia el modelo medioambiental y aumenta los precios por la prestaci\u00f3n de servicios\u00bb.<\/div>\n<div>Por su parte, el concejal de Medio Ambiente, Fran Quesada, hizo referencia a numerosos detalles de la tasa donde \u00abaparte de la desproporci\u00f3n de los precios\u00bb el consorcio determina una reestructuraci\u00f3n de los ecoparques que \u00abincumple normas\u00bb.<\/div>\n<\/div>\n<\/div>\n","protected":false},"excerpt":{"rendered":"<p>&nbsp; &nbsp; Un protocolo obliga a respetar el plan de residuos de la Vall El documento firmado en el a\u00f1o 2005 por representantes del PPCV, PSPV-PSOE y Bloc les compromet\u00eda a mantener esta iniciativa Ana Vicente | LasProvincias Un protocolo firmado en 2005 por los entonces m\u00e1ximos responsables del PPCV, PSPV-PSOE y Bloc ha obligado [&hellip;]<\/p>\n","protected":false},"author":2,"featured_media":0,"comment_status":"closed","ping_status":"open","sticky":false,"template":"","format":"standard","meta":{"_monsterinsights_skip_tracking":false,"_monsterinsights_sitenote_active":false,"_monsterinsights_sitenote_note":"","_monsterinsights_sitenote_category":0},"categories":[171,12],"tags":[489,490,209],"_links":{"self":[{"href":"http:\/\/www.portaldelolleria.es\/index.php?rest_route=\/wp\/v2\/posts\/1946"}],"collection":[{"href":"http:\/\/www.portaldelolleria.es\/index.php?rest_route=\/wp\/v2\/posts"}],"about":[{"href":"http:\/\/www.portaldelolleria.es\/index.php?rest_route=\/wp\/v2\/types\/post"}],"author":[{"embeddable":true,"href":"http:\/\/www.portaldelolleria.es\/index.php?rest_route=\/wp\/v2\/users\/2"}],"replies":[{"embeddable":true,"href":"http:\/\/www.portaldelolleria.es\/index.php?rest_route=%2Fwp%2Fv2%2Fcomments&post=1946"}],"version-history":[{"count":1,"href":"http:\/\/www.portaldelolleria.es\/index.php?rest_route=\/wp\/v2\/posts\/1946\/revisions"}],"predecessor-version":[{"id":1948,"href":"http:\/\/www.portaldelolleria.es\/index.php?rest_route=\/wp\/v2\/posts\/1946\/revisions\/1948"}],"wp:attachment":[{"href":"http:\/\/www.portaldelolleria.es\/index.php?rest_route=%2Fwp%2Fv2%2Fmedia&parent=1946"}],"wp:term":[{"taxonomy":"category","embeddable":true,"href":"http:\/\/www.portaldelolleria.es\/index.php?rest_route=%2Fwp%2Fv2%2Fcategories&post=1946"},{"taxonomy":"post_tag","embeddable":true,"href":"http:\/\/www.portaldelolleria.es\/index.php?rest_route=%2Fwp%2Fv2%2Ftags&post=1946"}],"curies":[{"name":"wp","href":"https:\/\/api.w.org\/{rel}","templated":true}]}}