{"id":19460,"date":"2018-01-24T19:01:30","date_gmt":"2018-01-24T17:01:30","guid":{"rendered":"http:\/\/www.portaldelolleria.es\/?p=19460"},"modified":"2018-01-24T19:01:30","modified_gmt":"2018-01-24T17:01:30","slug":"semana-%e2%80%9cmagica%e2%80%9d-en-el-campus-de-alcoy-de-la-upv","status":"publish","type":"post","link":"http:\/\/www.portaldelolleria.es\/?p=19460","title":{"rendered":"Semana \u201cm\u00e1gica\u201d en el Campus de Alcoy de la UPV"},"content":{"rendered":"<p style=\"text-align: justify;\"><a href=\"http:\/\/www.portaldelolleria.es\/wp-content\/uploads\/2018\/01\/upv_1.jpg\"><img loading=\"lazy\" class=\"aligncenter size-full wp-image-19461\" title=\"upv_1\" src=\"http:\/\/www.portaldelolleria.es\/wp-content\/uploads\/2018\/01\/upv_1.jpg\" alt=\"\" width=\"598\" height=\"399\" srcset=\"http:\/\/www.portaldelolleria.es\/wp-content\/uploads\/2018\/01\/upv_1.jpg 598w, http:\/\/www.portaldelolleria.es\/wp-content\/uploads\/2018\/01\/upv_1-300x200.jpg 300w\" sizes=\"(max-width: 598px) 100vw, 598px\" \/><\/a><\/p>\n<p style=\"text-align: justify;\"><strong>Semana \u201cm\u00e1gica\u201d en el Campus de Alcoy de la UPV<\/strong><\/p>\n<p style=\"text-align: justify;\"><strong><\/strong><br \/>\n\u00b7 Durante toda la semana ha tenido lugar la \u201cMagia de la Ciencia\u201d, y los \u201cTalleres de Qu\u00edmica\u201d pertenecientes a la \u201cSemana Jove de la Ciencia\u201d<br \/>\n\u00b7 M\u00e1s de mil alumnos han pasado por el campus esta semana para participar en las dos actividades.<\/p>\n<p style=\"text-align: justify;\">El Campus de Alcoy de la Universitat Polit\u00e8cnica de Val\u00e8ncia (UPV), organiza un a\u00f1o m\u00e1s, en colaboraci\u00f3n con la C\u00e1tedra \u201cAlcoy Ciudad del Conocimiento\u201d firmada con el M.I. Ayuntamiento de Alcoy y de la Fundaci\u00f3n Espa\u00f1ola de Ciencia y Tecnolog\u00eda (FECYT), perteneciente al Ministerio de Econom\u00eda, Industria y Competitividad\u201d , en el marco de la Semana de la Ciencia, ha programado la \u201cMagia de la Ciencia\u201d dirigida a alumnos de 6\u00ba de primaria y los Talleres de Qu\u00edmica programados dentro de la \u201cSemana Jove de la Ciencia\u201d para alumnos de bachillerato y Ciclos Formativos.<br \/>\nActividades programadas para \u201cLa Magia de la Ciencia\u201d Durante toda la semana, nos han visitado cerca de 700 alumnos de primaria de Alcoi y X\u00e0tiva, disfrutando de<br \/>\nlos siguientes itinerarios.<\/p>\n<p style=\"text-align: justify;\">ITINERARIO A: VIAJE AL INTERIOR DE LAS M\u00c1QUINAS<br \/>\n1. Experimenta y descubre c\u00f3mo funcionan las cosas<br \/>\n2. De qu\u00e9 est\u00e1n hechas las cosas: Los materiales m\u00e1gicos<br \/>\nITINERARIO B: EL FUTURO YA EST\u00c1 AQU\u00cd<br \/>\n3. ROBOTIX: iniciaci\u00f3n a la Rob\u00f3tica y Mecatr\u00f3nica<br \/>\n4. Hacia la Nueva Generaci\u00f3n Digital<br \/>\nITINERARIO C: DE LA IMAGINACI\u00d3N A LA REALIDAD<br \/>\n5. Moldea tu idea<br \/>\n6. Empaqueta tu idea<\/p>\n<p style=\"text-align: justify;\">Adem\u00e1s, este a\u00f1o ha coincido con los \u201cTalleres de Qu\u00edmica\u201d, encuadrados dentro de la Semana Jove de la Ciencia, y en los que han participado m\u00e1s de 300 alumnos de bachilleratos y ciclos formativos de Alcoy, Alicante, Sant Vicent del Raspeig, Biar, Cocentaina y Banyeres de Mariola. Con estas actividades, se pretende mezclar entretenimiento y diversi\u00f3n para que los ni\u00f1os disfruten aprendiendo y descubriendo diversos campos del conocimiento cient\u00edfico. A trav\u00e9s de juegos, exposiciones y manualidades, los ni\u00f1os se relacionar\u00e1n y comenzar\u00e1n a apreciar y a entender, a la vez que se divierten, un gran n\u00famero de fen\u00f3menos naturales de gran importancia para su desarrollo. Intentamos que adquieran una mayor perspectiva del mundo de las ciencias, que les ayudar\u00e1 a entender mejor los temas relacionados con Conocimiento del Medio, Biolog\u00eda, F\u00edsica y Qu\u00edmica, Mec\u00e1nica,<\/p>\n<p>&nbsp;<\/p>\n","protected":false},"excerpt":{"rendered":"<p>Semana \u201cm\u00e1gica\u201d en el Campus de Alcoy de la UPV \u00b7 Durante toda la semana ha tenido lugar la \u201cMagia de la Ciencia\u201d, y los \u201cTalleres de Qu\u00edmica\u201d pertenecientes a la \u201cSemana Jove de la Ciencia\u201d \u00b7 M\u00e1s de mil alumnos han pasado por el campus esta semana para participar en las dos actividades. El [&hellip;]<\/p>\n","protected":false},"author":1,"featured_media":0,"comment_status":"closed","ping_status":"open","sticky":false,"template":"","format":"standard","meta":{"_monsterinsights_skip_tracking":false,"_monsterinsights_sitenote_active":false,"_monsterinsights_sitenote_note":"","_monsterinsights_sitenote_category":0},"categories":[12,1058],"tags":[],"_links":{"self":[{"href":"http:\/\/www.portaldelolleria.es\/index.php?rest_route=\/wp\/v2\/posts\/19460"}],"collection":[{"href":"http:\/\/www.portaldelolleria.es\/index.php?rest_route=\/wp\/v2\/posts"}],"about":[{"href":"http:\/\/www.portaldelolleria.es\/index.php?rest_route=\/wp\/v2\/types\/post"}],"author":[{"embeddable":true,"href":"http:\/\/www.portaldelolleria.es\/index.php?rest_route=\/wp\/v2\/users\/1"}],"replies":[{"embeddable":true,"href":"http:\/\/www.portaldelolleria.es\/index.php?rest_route=%2Fwp%2Fv2%2Fcomments&post=19460"}],"version-history":[{"count":1,"href":"http:\/\/www.portaldelolleria.es\/index.php?rest_route=\/wp\/v2\/posts\/19460\/revisions"}],"predecessor-version":[{"id":19462,"href":"http:\/\/www.portaldelolleria.es\/index.php?rest_route=\/wp\/v2\/posts\/19460\/revisions\/19462"}],"wp:attachment":[{"href":"http:\/\/www.portaldelolleria.es\/index.php?rest_route=%2Fwp%2Fv2%2Fmedia&parent=19460"}],"wp:term":[{"taxonomy":"category","embeddable":true,"href":"http:\/\/www.portaldelolleria.es\/index.php?rest_route=%2Fwp%2Fv2%2Fcategories&post=19460"},{"taxonomy":"post_tag","embeddable":true,"href":"http:\/\/www.portaldelolleria.es\/index.php?rest_route=%2Fwp%2Fv2%2Ftags&post=19460"}],"curies":[{"name":"wp","href":"https:\/\/api.w.org\/{rel}","templated":true}]}}