{"id":1949,"date":"2012-12-26T18:02:06","date_gmt":"2012-12-26T17:02:06","guid":{"rendered":"http:\/\/www.portaldelolleria.es\/?p=1949"},"modified":"2012-12-27T09:57:56","modified_gmt":"2012-12-27T08:57:56","slug":"eem-taekwondo-lolleria-dos-de-tres","status":"publish","type":"post","link":"http:\/\/www.portaldelolleria.es\/?p=1949","title":{"rendered":"EEM Taekwondo L&#8217;Olleria, dos de tres"},"content":{"rendered":"<p><a href=\"http:\/\/www.portaldelolleria.es\/wp-content\/uploads\/2012\/12\/davidure\u00f1a.jpg\"><img loading=\"lazy\" class=\"aligncenter size-full wp-image-1950\" title=\"davidure\u00f1a\" src=\"http:\/\/www.portaldelolleria.es\/wp-content\/uploads\/2012\/12\/davidure\u00f1a.jpg\" alt=\"\" width=\"598\" height=\"398\" srcset=\"http:\/\/www.portaldelolleria.es\/wp-content\/uploads\/2012\/12\/davidure\u00f1a.jpg 598w, http:\/\/www.portaldelolleria.es\/wp-content\/uploads\/2012\/12\/davidure\u00f1a-300x199.jpg 300w\" sizes=\"(max-width: 598px) 100vw, 598px\" \/><\/a><\/p>\n<p>&nbsp;<\/p>\n<p align=\"center\"><strong>DOS\u00a0 DE\u00a0 TRES.<\/strong><\/p>\n<p><strong>\u00a0 As\u00ed podemos resumir la participaci\u00f3n de nuestros Taekwondistas de las Eem. de L\u2019Olleria el pasado domingo 23 de diciembre en el Pabell\u00f3n Municipal de Deportes de Alberic en el Campeonato Auton\u00f3mico Absoluto. Como no pod\u00eda ser menos, en este campeonato tambi\u00e9n vinieron cargados nuestros deportistas. En esta competici\u00f3n solo participaron los deportistas de la escuela Vladislav \u00a0Slobodenyuk y Oscar Salamanca, y por parte del Club Deportivo de Taekwondo Fernando de L\u2019Oller\u00eda el competidor y uno de los entrenadores del equipo de competici\u00f3n del club y las Escuelas Deportivas David Ure\u00f1a.<\/strong><\/p>\n<p><strong>\u00a0 Empezando por David; ten\u00eda dos combates y la final en menos de -54kg. El primer combate lo solvento sin ning\u00fan tipo de problemas, imponi\u00e9ndose por un c\u00f3modo 13-0 al debutante en la categor\u00eda el competidor de Algemes\u00ed \u00a0Cristian Esteve, llegando a semifinales donde le esperaba el Campe\u00f3n de Espa\u00f1a en esta categor\u00eda el murciano, que este a\u00f1o compite por la Comunidad Valenciana, Samuel de la Calle que no dio opci\u00f3n a nuestro competidor y perdi\u00f3 por un contundente 2-14, aunque fue un gran combate no tuvo opci\u00f3n quedando David BRONCE y Samuel, como no, Campe\u00f3n.<\/strong><\/p>\n<p><strong>\u00a0<\/strong><\/p>\n<p><strong>\u00a0 Los competidores de las Escuelas Deportivas de Taekwondo tuvieron una suerte dispar. Por parte de Vladis en -80kg ten\u00eda tres combates para llegar a la final, el primero de ellos era contra David Albiol de (Genov\u00e9s), que no se presento y Vladis paso a cuartos de final, all\u00ed la \u2018\u2019suerte\u2019\u2019 quiso que se enfrentara al actual Campe\u00f3n de Espa\u00f1a y medalla de Bronce en el pasado Mundial de Taekwondo el alicantino Daniel Ros de Catral, m\u00e1s de dos metros de competidor que Vladis no tuvo ninguna opci\u00f3n y perdi\u00f3 por un 0-12.<\/strong><\/p>\n<p><strong>\u00a0<\/strong><\/p>\n<p><strong>\u00a0 Por otra parte Oscar Salamanca que compite por Taekwondo la Safor de Gand\u00eda tenia semifinal y final, el primer combate fue contra Jos\u00e9 Mar\u00eda Moreno al que gano por 13-8,esto le llevo a la final al que esperaba el competidor del Taekwondo Rodr\u00edguez de Valencia Mario Fr\u00edas al que derroto por un ajustado 13-12, fue una gran final donde Oscar se lo tuvo que trabajar mucho para poder derrotar a Mario y conseguir as\u00ed la medalla de ORO y tenerlo muy bien para poder asistir al pr\u00f3ximo campeonato de Espa\u00f1a.<\/strong><\/p>\n<p><strong>\u00a0\u00a0 <\/strong><\/p>\n<p><strong>\u00a0 Decir que Oscar y David est\u00e1n clasificados para la copa S\u00e9nior y tienen opciones para poder clasificarse para el Campeonato de Espa\u00f1a Absoluto.<\/strong><\/p>\n<p><strong>\u00a0 Tambi\u00e9n comentar que nuestras chicas no participaron por diversos contratiempos, estudios, lesiones, \u00a1bueno a la otra ser\u00e1 !.<\/strong><\/p>\n<p><strong>\u00a0 Desde el equipo de competici\u00f3n y los t\u00e9cnicos les deseamos que hall\u00e1is pasado una Feliz Navidad y pas\u00e9is un Feliz A\u00f1o 2013.Nosotros intentaremos mejorar y traer muchos m\u00e1s triunfos para L\u2019Oller\u00eda este pr\u00f3ximo a\u00f1o.\u00a0 <\/strong><\/p>\n","protected":false},"excerpt":{"rendered":"<p>&nbsp; DOS\u00a0 DE\u00a0 TRES. \u00a0 As\u00ed podemos resumir la participaci\u00f3n de nuestros Taekwondistas de las Eem. de L\u2019Olleria el pasado domingo 23 de diciembre en el Pabell\u00f3n Municipal de Deportes de Alberic en el Campeonato Auton\u00f3mico Absoluto. Como no pod\u00eda ser menos, en este campeonato tambi\u00e9n vinieron cargados nuestros deportistas. En esta competici\u00f3n solo participaron [&hellip;]<\/p>\n","protected":false},"author":2,"featured_media":0,"comment_status":"closed","ping_status":"open","sticky":false,"template":"","format":"standard","meta":{"_monsterinsights_skip_tracking":false,"_monsterinsights_sitenote_active":false,"_monsterinsights_sitenote_note":"","_monsterinsights_sitenote_category":0},"categories":[9,12],"tags":[485,491,19],"_links":{"self":[{"href":"http:\/\/www.portaldelolleria.es\/index.php?rest_route=\/wp\/v2\/posts\/1949"}],"collection":[{"href":"http:\/\/www.portaldelolleria.es\/index.php?rest_route=\/wp\/v2\/posts"}],"about":[{"href":"http:\/\/www.portaldelolleria.es\/index.php?rest_route=\/wp\/v2\/types\/post"}],"author":[{"embeddable":true,"href":"http:\/\/www.portaldelolleria.es\/index.php?rest_route=\/wp\/v2\/users\/2"}],"replies":[{"embeddable":true,"href":"http:\/\/www.portaldelolleria.es\/index.php?rest_route=%2Fwp%2Fv2%2Fcomments&post=1949"}],"version-history":[{"count":2,"href":"http:\/\/www.portaldelolleria.es\/index.php?rest_route=\/wp\/v2\/posts\/1949\/revisions"}],"predecessor-version":[{"id":1952,"href":"http:\/\/www.portaldelolleria.es\/index.php?rest_route=\/wp\/v2\/posts\/1949\/revisions\/1952"}],"wp:attachment":[{"href":"http:\/\/www.portaldelolleria.es\/index.php?rest_route=%2Fwp%2Fv2%2Fmedia&parent=1949"}],"wp:term":[{"taxonomy":"category","embeddable":true,"href":"http:\/\/www.portaldelolleria.es\/index.php?rest_route=%2Fwp%2Fv2%2Fcategories&post=1949"},{"taxonomy":"post_tag","embeddable":true,"href":"http:\/\/www.portaldelolleria.es\/index.php?rest_route=%2Fwp%2Fv2%2Ftags&post=1949"}],"curies":[{"name":"wp","href":"https:\/\/api.w.org\/{rel}","templated":true}]}}