{"id":1953,"date":"2012-12-27T18:48:47","date_gmt":"2012-12-27T17:48:47","guid":{"rendered":"http:\/\/www.portaldelolleria.es\/?p=1953"},"modified":"2012-12-27T18:48:47","modified_gmt":"2012-12-27T17:48:47","slug":"jovenes-del-grupo-de-confirmacion-de-l%e2%80%99olleria-recogen-3000-kg-de-alimentos-para-caritas","status":"publish","type":"post","link":"http:\/\/www.portaldelolleria.es\/?p=1953","title":{"rendered":"J\u00f3venes del grupo de confirmaci\u00f3n de L\u2019Olleria recogen 3000 kg de alimentos para Caritas"},"content":{"rendered":"<p><a href=\"http:\/\/www.portaldelolleria.es\/wp-content\/uploads\/2012\/12\/caritas3.jpg\"><img loading=\"lazy\" class=\"aligncenter size-full wp-image-1954\" title=\"caritas3\" src=\"http:\/\/www.portaldelolleria.es\/wp-content\/uploads\/2012\/12\/caritas3.jpg\" alt=\"\" width=\"598\" height=\"398\" srcset=\"http:\/\/www.portaldelolleria.es\/wp-content\/uploads\/2012\/12\/caritas3.jpg 598w, http:\/\/www.portaldelolleria.es\/wp-content\/uploads\/2012\/12\/caritas3-300x199.jpg 300w\" sizes=\"(max-width: 598px) 100vw, 598px\" \/><\/a><\/p>\n<p>&nbsp;<\/p>\n<p><strong>60 J\u00f3venes del grupo de confirmaci\u00f3n de L\u2019Olleria recogen 3000 kg de alimentos para Caritas<\/strong><\/p>\n<p>&nbsp;<\/p>\n<p>El pasado s\u00e1bado, los j\u00f3venes del grupo de confirmaci\u00f3n de este a\u00f1o y del a\u00f1o pasado de L\u2019Olleria junto con sus monitores estuvieron durante todo el d\u00eda recogiendo alimentos no perecederos y productos de limpieza en un stand ubicado en la plaza Virgen de Loreto.<\/p>\n<p>Los organizadores, han valorado muy positivamente la experiencia y la respuesta de la gente y han aprovechado para \u201cdar las gracias a las miles de ollerienses que han pasado por el stand para colaborar, una colaboraci\u00f3n que har\u00e1 que muchas familias del municipio pasen unas mejores Navidades\u201d.<\/p>\n<p>A\u00f1adiendo que \u201clos 3.000 kilos de alimentos recogidos se repartir\u00e1n a las familias m\u00e1s necesitadas del pueblo a trav\u00e9s de Caritas tanto esta Navidad como en meses posteriores\u201d.<\/p>\n<p>Entre los miles de personas que colaboraron ha estado la Cofrad\u00eda del Ecce Homo del municipio, su presidente Ximo Engo comentaba que \u201chemos querido colaborar en la medida de nuestras posibilidades y hemos conseguido llenar una furgoneta con bolsas de comida y botellas de aceite\u201d.<\/p>\n<p>Igualmente, la concejal de Bienestar Social, Gema Borr\u00e1s acud\u00eda al stand para \u201ccontribuir en esta recogida y felicitar a estos j\u00f3venes por esta maravillosa iniciativa en la que han demostrado su solidaridad y su apoyo a aquellos que m\u00e1s lo necesitan\u201d.<\/p>\n<p>Por otro lado, los j\u00f3venes organizadores y sus monitores explicaron que \u201cesta misma tarde iremos al Centro Social para cantar unos villancicos a las personas mayores del pueblo y hacerles pasar un buen rato\u201d.<\/p>\n","protected":false},"excerpt":{"rendered":"<p>&nbsp; 60 J\u00f3venes del grupo de confirmaci\u00f3n de L\u2019Olleria recogen 3000 kg de alimentos para Caritas &nbsp; El pasado s\u00e1bado, los j\u00f3venes del grupo de confirmaci\u00f3n de este a\u00f1o y del a\u00f1o pasado de L\u2019Olleria junto con sus monitores estuvieron durante todo el d\u00eda recogiendo alimentos no perecederos y productos de limpieza en un stand [&hellip;]<\/p>\n","protected":false},"author":2,"featured_media":0,"comment_status":"closed","ping_status":"open","sticky":false,"template":"","format":"standard","meta":{"_monsterinsights_skip_tracking":false,"_monsterinsights_sitenote_active":false,"_monsterinsights_sitenote_note":"","_monsterinsights_sitenote_category":0},"categories":[12,486],"tags":[484,20],"_links":{"self":[{"href":"http:\/\/www.portaldelolleria.es\/index.php?rest_route=\/wp\/v2\/posts\/1953"}],"collection":[{"href":"http:\/\/www.portaldelolleria.es\/index.php?rest_route=\/wp\/v2\/posts"}],"about":[{"href":"http:\/\/www.portaldelolleria.es\/index.php?rest_route=\/wp\/v2\/types\/post"}],"author":[{"embeddable":true,"href":"http:\/\/www.portaldelolleria.es\/index.php?rest_route=\/wp\/v2\/users\/2"}],"replies":[{"embeddable":true,"href":"http:\/\/www.portaldelolleria.es\/index.php?rest_route=%2Fwp%2Fv2%2Fcomments&post=1953"}],"version-history":[{"count":1,"href":"http:\/\/www.portaldelolleria.es\/index.php?rest_route=\/wp\/v2\/posts\/1953\/revisions"}],"predecessor-version":[{"id":1955,"href":"http:\/\/www.portaldelolleria.es\/index.php?rest_route=\/wp\/v2\/posts\/1953\/revisions\/1955"}],"wp:attachment":[{"href":"http:\/\/www.portaldelolleria.es\/index.php?rest_route=%2Fwp%2Fv2%2Fmedia&parent=1953"}],"wp:term":[{"taxonomy":"category","embeddable":true,"href":"http:\/\/www.portaldelolleria.es\/index.php?rest_route=%2Fwp%2Fv2%2Fcategories&post=1953"},{"taxonomy":"post_tag","embeddable":true,"href":"http:\/\/www.portaldelolleria.es\/index.php?rest_route=%2Fwp%2Fv2%2Ftags&post=1953"}],"curies":[{"name":"wp","href":"https:\/\/api.w.org\/{rel}","templated":true}]}}