{"id":1956,"date":"2012-12-28T21:06:50","date_gmt":"2012-12-28T20:06:50","guid":{"rendered":"http:\/\/www.portaldelolleria.es\/?p=1956"},"modified":"2012-12-28T21:06:50","modified_gmt":"2012-12-28T20:06:50","slug":"los-cuentos-protagonistas-en-el-festival-de-navidad-de-la-guarderia-de-l%e2%80%99olleria","status":"publish","type":"post","link":"http:\/\/www.portaldelolleria.es\/?p=1956","title":{"rendered":"Los cuentos protagonistas en el Festival de Navidad de la Guarder\u00eda de L\u2019Olleria"},"content":{"rendered":"<p><a href=\"http:\/\/www.portaldelolleria.es\/wp-content\/uploads\/2012\/12\/festivalnavidad.jpg\"><img loading=\"lazy\" class=\"aligncenter size-full wp-image-1957\" title=\"festivalnavidad\" src=\"http:\/\/www.portaldelolleria.es\/wp-content\/uploads\/2012\/12\/festivalnavidad.jpg\" alt=\"\" width=\"598\" height=\"398\" srcset=\"http:\/\/www.portaldelolleria.es\/wp-content\/uploads\/2012\/12\/festivalnavidad.jpg 598w, http:\/\/www.portaldelolleria.es\/wp-content\/uploads\/2012\/12\/festivalnavidad-300x199.jpg 300w\" sizes=\"(max-width: 598px) 100vw, 598px\" \/><\/a><\/p>\n<p><strong>Los cuentos protagonistas en el Festival de Navidad de la Guarder\u00eda Municipal de L\u2019Olleria<\/strong><\/p>\n<p>&nbsp;<\/p>\n<p>Nadie se ha querido perder esta ma\u00f1ana las actuaciones del Festival de Navidad de la Guarder\u00eda Municipal de L\u2019Olleria. El teatro Goya se llenaba de pastorcillos y de familiares que han acompa\u00f1ado a los m\u00e1s peque\u00f1os en este d\u00eda de fiesta.<\/p>\n<p>Tampoco han faltado la concejala de Educaci\u00f3n, Gema Borr\u00e1s y la concejala de Econom\u00eda i Hacienda, Carmina Naval\u00f3n que han aplaudido con entusiasmo y han destacado \u201cel trabajo en la organizaci\u00f3n por parte del profesorado y de las madres y padres del Ampa para que este d\u00eda sea siempre un \u00e9xito\u201d.<\/p>\n<p>El momento m\u00e1s esperado, el final cuando todos los ni\u00f1os han subido hasta el escenario para cantar un villancico,\u00a0 antes los profesores y los miembros del Ampa han deleitado a los presentes con varias actuaciones que han tenido como hilo conductor los cuentos y personajes infantiles como Pinocho, la Ratita Presumida o los Tres Cerditos.<\/p>\n","protected":false},"excerpt":{"rendered":"<p>Los cuentos protagonistas en el Festival de Navidad de la Guarder\u00eda Municipal de L\u2019Olleria &nbsp; Nadie se ha querido perder esta ma\u00f1ana las actuaciones del Festival de Navidad de la Guarder\u00eda Municipal de L\u2019Olleria. El teatro Goya se llenaba de pastorcillos y de familiares que han acompa\u00f1ado a los m\u00e1s peque\u00f1os en este d\u00eda de [&hellip;]<\/p>\n","protected":false},"author":2,"featured_media":0,"comment_status":"closed","ping_status":"open","sticky":false,"template":"","format":"standard","meta":{"_monsterinsights_skip_tracking":false,"_monsterinsights_sitenote_active":false,"_monsterinsights_sitenote_note":"","_monsterinsights_sitenote_category":0},"categories":[16,12],"tags":[268,492,469],"_links":{"self":[{"href":"http:\/\/www.portaldelolleria.es\/index.php?rest_route=\/wp\/v2\/posts\/1956"}],"collection":[{"href":"http:\/\/www.portaldelolleria.es\/index.php?rest_route=\/wp\/v2\/posts"}],"about":[{"href":"http:\/\/www.portaldelolleria.es\/index.php?rest_route=\/wp\/v2\/types\/post"}],"author":[{"embeddable":true,"href":"http:\/\/www.portaldelolleria.es\/index.php?rest_route=\/wp\/v2\/users\/2"}],"replies":[{"embeddable":true,"href":"http:\/\/www.portaldelolleria.es\/index.php?rest_route=%2Fwp%2Fv2%2Fcomments&post=1956"}],"version-history":[{"count":1,"href":"http:\/\/www.portaldelolleria.es\/index.php?rest_route=\/wp\/v2\/posts\/1956\/revisions"}],"predecessor-version":[{"id":1958,"href":"http:\/\/www.portaldelolleria.es\/index.php?rest_route=\/wp\/v2\/posts\/1956\/revisions\/1958"}],"wp:attachment":[{"href":"http:\/\/www.portaldelolleria.es\/index.php?rest_route=%2Fwp%2Fv2%2Fmedia&parent=1956"}],"wp:term":[{"taxonomy":"category","embeddable":true,"href":"http:\/\/www.portaldelolleria.es\/index.php?rest_route=%2Fwp%2Fv2%2Fcategories&post=1956"},{"taxonomy":"post_tag","embeddable":true,"href":"http:\/\/www.portaldelolleria.es\/index.php?rest_route=%2Fwp%2Fv2%2Ftags&post=1956"}],"curies":[{"name":"wp","href":"https:\/\/api.w.org\/{rel}","templated":true}]}}