{"id":19671,"date":"2018-02-15T11:29:59","date_gmt":"2018-02-15T09:29:59","guid":{"rendered":"http:\/\/www.portaldelolleria.es\/?p=19671"},"modified":"2018-02-15T11:29:59","modified_gmt":"2018-02-15T09:29:59","slug":"toni-cotoli-presenta-este-sabado-rock-road-en-l%c2%b4olleria","status":"publish","type":"post","link":"http:\/\/www.portaldelolleria.es\/?p=19671","title":{"rendered":"Toni Cotol\u00ed presenta este s\u00e1bado,  \u00abRock Road\u00bb en L\u00b4Olleria"},"content":{"rendered":"<p><a href=\"http:\/\/www.portaldelolleria.es\/wp-content\/uploads\/2018\/02\/tonicotoli1.jpg\"><img loading=\"lazy\" class=\"aligncenter size-full wp-image-19674\" title=\"tonicotoli\" src=\"http:\/\/www.portaldelolleria.es\/wp-content\/uploads\/2018\/02\/tonicotoli1.jpg\" alt=\"\" width=\"598\" height=\"396\" srcset=\"http:\/\/www.portaldelolleria.es\/wp-content\/uploads\/2018\/02\/tonicotoli1.jpg 598w, http:\/\/www.portaldelolleria.es\/wp-content\/uploads\/2018\/02\/tonicotoli1-300x198.jpg 300w\" sizes=\"(max-width: 598px) 100vw, 598px\" \/><\/a><\/p>\n<h3 style=\"text-align: justify;\"><strong>Toni Cotol\u00ed presenta Rock Road en L\u00b4Olleria<\/strong><\/h3>\n<p style=\"text-align: justify;\"><strong>El guitarrista valenciano presentar\u00e1 su \u00faltimo disco, Rock Road, el pr\u00f3ximo 17 de febrero en el Teatro Goya L\u00b4Olleria a las 20h dentro de una extensa gira por toda la Comunitat Valenciana.<\/strong><\/p>\n<p style=\"text-align: justify;\">\n<p style=\"text-align: justify;\"><strong>En Rock Road versiona los temas m\u00e1s m\u00edticos de la historia del rock y el heavy metal, que han sido parte fundamental de la banda sonora de su vida.<\/strong><\/p>\n<p style=\"text-align: justify;\">Reconocido como m\u00e1ximo exponente de la guitarra mediterr\u00e1nea en el panorama internacional, el artista valenciano ofrece en su nuevo trabajo una selecta recopilaci\u00f3n de los grandes temas de la historia del rock, adaptados a la guitarra cl\u00e1sica. Incluye versiones de bandas como Queen, Scorpions, Guns\u2019 N\u00b4Roses o Metallica, hasta m\u00e1s actuales como Passenger, Imagine Dragons, Keane o Hoobastank.<\/p>\n<p style=\"text-align: justify;\">Con <em>Rock Road<\/em>, Cotol\u00ed regresa a sus or\u00edgenes, ya que su carrera musical comenz\u00f3 tocando en bandas locales de rock y heavy con las que tuvo la oportunidad de telonear a grandes grupos nacionales como Extremoduro, Bar\u00f3n Rojo, La Polla Records, Los Suaves o Platero. Adem\u00e1s, en los \u00faltimos a\u00f1os, el valenciano ha compaginado su carrera como guitarrista cl\u00e1sico con la de componente del grupo Cuerdas de Acero, que versiona grandes temas del rock con instrumentos de cuerda.<\/p>\n<p style=\"text-align: justify;\">El v\u00eddeo del primer single, <em>Bohemian Rhapsody de Queen<\/em>, rinde homenaje a la banda brit\u00e1nica y ha sido grabado por Kinofilms en el teatro Olympia.<\/p>\n<p style=\"text-align: justify;\"><iframe loading=\"lazy\" src=\"https:\/\/www.youtube.com\/embed\/-J8AwQ50qfE?rel=0\" frameborder=\"0\" width=\"598\" height=\"336\"><\/iframe><\/p>\n<p style=\"text-align: justify;\">Cotol\u00ed tiene cinco ced\u00e9s editados: Toni Cotol\u00ed (2003), Entre Amigos (2007), Puesta de Sol (2010), Sue\u00f1os (2014) y Aromas de Guitarra \u2013 Oda (2015), que ha presentado en pa\u00edses como Francia, Suiza, Alemania, Italia, Portugal, Inglaterra, Estados Unidos, Jap\u00f3n, China y Emiratos \u00c1rabes Unidos.<\/p>\n<p style=\"text-align: justify;\">El artista se ha formado en el Conservatorio Superior Joaqu\u00edn Rodrigo de Valencia, escuela Luthier de Barcelona, en la Robert Schumann Hochschule en D\u00fcsseldorf y en la Universidad de C\u00e1ceres, donde curs\u00f3 el M\u00e1ster de Interpretaci\u00f3n Musical dirigido por el prestigioso guitarrista Ricardo Gall\u00e9n. Ha recibido diferentes premios, entre los que destacan el Premio Fin de Grado Medio y el Premio de Honor Fin de Carrera, as\u00ed como el Premio Euterpe de la m\u00fasica de la Comunidad Valenciana en 2002.<\/p>\n<p style=\"text-align: justify;\">Actualmente trabaja en Guitarras Francisco Esteve y Guitarras Juan Hern\u00e1ndez, donde est\u00e1 a cargo del control de calidad y del ajuste de los instrumentos, y como profesor de guitarra en el Colegio Alem\u00e1n de Valencia. Adem\u00e1s, es uno de los impulsores del innovador curso internacional de guitarra y fisioterapia.<\/p>\n<h2 style=\"text-align: justify;\" align=\"center\"><strong>Gira Rock Road<\/strong><\/h2>\n<p style=\"text-align: justify;\">&#8211;\u00a0\u00a0\u00a0\u00a0\u00a0\u00a0\u00a0\u00a0\u00a0 <strong>Domingo 11 de febrero<\/strong>. Concierto en el <strong>Auditori Municipal de<\/strong> <strong>Benifair\u00f3 de la Valldigna<\/strong> (Carrer Sant Vicent, 18). 18:30h<\/p>\n<p style=\"text-align: justify;\">&#8211;\u00a0\u00a0\u00a0\u00a0\u00a0\u00a0\u00a0\u00a0\u00a0 <strong>Jueves 15 de febrero<\/strong>. <strong>\u00c1mbito Cultural de<\/strong> <strong>El<\/strong> <strong>Corte Ingl\u00e9s<\/strong> <strong>Avenida de Francia<\/strong> (8\u00aa\u00a0Planta) de Valencia. 19h<\/p>\n<p style=\"text-align: justify;\">&#8211;\u00a0\u00a0\u00a0\u00a0\u00a0\u00a0\u00a0\u00a0\u00a0 <strong>S\u00e1bado 17 de febrero<\/strong>. <strong>Llibreria Samaruc<\/strong> <strong>d\u00b4Algemes\u00ed<\/strong> (Carrer de Sant Josep de Calassan\u00e7, 11). 12h<\/p>\n<p style=\"text-align: justify;\">&#8211;\u00a0\u00a0\u00a0\u00a0\u00a0\u00a0\u00a0\u00a0\u00a0 <strong>S\u00e1bado 17 de febrero. <\/strong>Concierto en el <strong>Teatro Goya de l\u00b4Olleria <\/strong>(Carrer Batle, 28) 20h<\/p>\n<p style=\"text-align: justify;\">&#8211;\u00a0\u00a0\u00a0\u00a0\u00a0\u00a0\u00a0\u00a0\u00a0 <strong>Viernes 23 de febrero<\/strong>. Concierto en la <strong>Fundaci\u00f3n Bancaja<\/strong> (Pla\u00e7a de Tetuan, 23, Val\u00e8ncia) junto a Irene de la Rosa. 20h<\/p>\n<p style=\"text-align: justify;\">&#8211;\u00a0\u00a0\u00a0\u00a0\u00a0\u00a0\u00a0\u00a0\u00a0 <strong>S\u00e1bado 24 de febrero<\/strong>. <strong>Llibreria P\u00e0gina 3 d\u00b4Oliva<\/strong> (Carrer del Pare Antoni Salelles, 3). 12:30h<\/p>\n<p style=\"text-align: justify;\">&#8211;\u00a0\u00a0\u00a0\u00a0\u00a0\u00a0\u00a0\u00a0\u00a0 <strong>S\u00e1bado 3 de marzo<\/strong>. Concierto en el <strong>Auditori Moreno Gans<\/strong> <strong>de Algemes\u00ed<\/strong>, dentro del <strong>II Festival Internacional de Guitarra de Algemes\u00ed. <\/strong>18:30h<\/p>\n<p style=\"text-align: justify;\">&#8211;\u00a0\u00a0\u00a0\u00a0\u00a0\u00a0\u00a0\u00a0\u00a0 <strong>Domingo 4 de marzo<\/strong>. \u201c<strong><em>Sue\u00f1os de Guitarra\u201d<\/em><\/strong> en el <strong>Teatro de Utiel<\/strong>, con la colaboraci\u00f3n de: Guitarras del Mediterr\u00e1neo, Gloria Aleza (cello), Irene de la Rosa (bailaora) y Palmira Roca (danza contempor\u00e1nea). 19:30h<\/p>\n<p style=\"text-align: justify;\">&#8211;\u00a0\u00a0\u00a0\u00a0\u00a0\u00a0\u00a0\u00a0\u00a0 <strong>Domingo 11 de marzo.<\/strong> Concierto en la <strong>Ermita de Sant Antoni de Gandia\/Benirredr\u00e1<\/strong>. 12h<\/p>\n<p style=\"text-align: justify;\">&#8211;\u00a0\u00a0\u00a0\u00a0\u00a0\u00a0\u00a0\u00a0\u00a0 <strong>S\u00e1bado 17 de marzo<\/strong>. <strong>Librer\u00eda la Templanza de Pe\u00f1\u00edscola<\/strong> (Carrer Solet, 5, Pen\u00edscola, Castell\u00f3). 20h<\/p>\n<p style=\"text-align: justify;\">&#8211;\u00a0\u00a0\u00a0\u00a0\u00a0\u00a0\u00a0\u00a0\u00a0 <strong>S\u00e1bado 24 de marzo<\/strong>. Concierto en el <strong>Auditori del Centre Cultural Caixa Ontinyent<\/strong>. 19:30h<\/p>\n<p style=\"text-align: justify;\">visitar p\u00e1gina oficial: <strong><a href=\"http:\/\/www.tonicotoli.es\/\" target=\"_blank\">tonicotoli.es<\/a><\/strong><\/p>\n<p style=\"text-align: justify;\"><a href=\"http:\/\/www.portaldelolleria.es\/wp-content\/uploads\/2018\/02\/Toni_Cotol\u00ed.jpg\"><img loading=\"lazy\" class=\"aligncenter size-full wp-image-19673\" title=\"Toni Cotol\u00c3\u00ad\" src=\"http:\/\/www.portaldelolleria.es\/wp-content\/uploads\/2018\/02\/Toni_Cotol\u00ed.jpg\" alt=\"\" width=\"400\" height=\"573\" srcset=\"http:\/\/www.portaldelolleria.es\/wp-content\/uploads\/2018\/02\/Toni_Cotol\u00ed.jpg 400w, http:\/\/www.portaldelolleria.es\/wp-content\/uploads\/2018\/02\/Toni_Cotol\u00ed-209x300.jpg 209w\" sizes=\"(max-width: 400px) 100vw, 400px\" \/><\/a><\/p>\n","protected":false},"excerpt":{"rendered":"<p>Toni Cotol\u00ed presenta Rock Road en L\u00b4Olleria El guitarrista valenciano presentar\u00e1 su \u00faltimo disco, Rock Road, el pr\u00f3ximo 17 de febrero en el Teatro Goya L\u00b4Olleria a las 20h dentro de una extensa gira por toda la Comunitat Valenciana. En Rock Road versiona los temas m\u00e1s m\u00edticos de la historia del rock y el heavy [&hellip;]<\/p>\n","protected":false},"author":1,"featured_media":0,"comment_status":"closed","ping_status":"open","sticky":false,"template":"","format":"standard","meta":{"_monsterinsights_skip_tracking":false,"_monsterinsights_sitenote_active":false,"_monsterinsights_sitenote_note":"","_monsterinsights_sitenote_category":0},"categories":[15,12],"tags":[],"_links":{"self":[{"href":"http:\/\/www.portaldelolleria.es\/index.php?rest_route=\/wp\/v2\/posts\/19671"}],"collection":[{"href":"http:\/\/www.portaldelolleria.es\/index.php?rest_route=\/wp\/v2\/posts"}],"about":[{"href":"http:\/\/www.portaldelolleria.es\/index.php?rest_route=\/wp\/v2\/types\/post"}],"author":[{"embeddable":true,"href":"http:\/\/www.portaldelolleria.es\/index.php?rest_route=\/wp\/v2\/users\/1"}],"replies":[{"embeddable":true,"href":"http:\/\/www.portaldelolleria.es\/index.php?rest_route=%2Fwp%2Fv2%2Fcomments&post=19671"}],"version-history":[{"count":2,"href":"http:\/\/www.portaldelolleria.es\/index.php?rest_route=\/wp\/v2\/posts\/19671\/revisions"}],"predecessor-version":[{"id":19676,"href":"http:\/\/www.portaldelolleria.es\/index.php?rest_route=\/wp\/v2\/posts\/19671\/revisions\/19676"}],"wp:attachment":[{"href":"http:\/\/www.portaldelolleria.es\/index.php?rest_route=%2Fwp%2Fv2%2Fmedia&parent=19671"}],"wp:term":[{"taxonomy":"category","embeddable":true,"href":"http:\/\/www.portaldelolleria.es\/index.php?rest_route=%2Fwp%2Fv2%2Fcategories&post=19671"},{"taxonomy":"post_tag","embeddable":true,"href":"http:\/\/www.portaldelolleria.es\/index.php?rest_route=%2Fwp%2Fv2%2Ftags&post=19671"}],"curies":[{"name":"wp","href":"https:\/\/api.w.org\/{rel}","templated":true}]}}