{"id":19863,"date":"2018-03-18T12:02:07","date_gmt":"2018-03-18T10:02:07","guid":{"rendered":"http:\/\/www.portaldelolleria.es\/?p=19863"},"modified":"2018-03-18T12:02:07","modified_gmt":"2018-03-18T10:02:07","slug":"cine-goya-cars-3","status":"publish","type":"post","link":"http:\/\/www.portaldelolleria.es\/?p=19863","title":{"rendered":"Cine Goya:  Cars 3"},"content":{"rendered":"<p><a href=\"http:\/\/www.portaldelolleria.es\/wp-content\/uploads\/2018\/03\/cars.jpg\"><img loading=\"lazy\" class=\"aligncenter size-full wp-image-19864\" title=\"cars\" src=\"http:\/\/www.portaldelolleria.es\/wp-content\/uploads\/2018\/03\/cars.jpg\" alt=\"\" width=\"598\" height=\"396\" srcset=\"http:\/\/www.portaldelolleria.es\/wp-content\/uploads\/2018\/03\/cars.jpg 598w, http:\/\/www.portaldelolleria.es\/wp-content\/uploads\/2018\/03\/cars-300x198.jpg 300w\" sizes=\"(max-width: 598px) 100vw, 598px\" \/><\/a><\/p>\n<p><strong>Cine Goya: \u00abCars 3\u00bb,\u00a0\u00a0 Domingo 18 de marzo,\u00a0 17:30 h<\/strong><\/p>\n<p>Idioma: castellano<\/p>\n<dl>\n<dt>T\u00edtulo original\u00a0 Cars 3<\/dt>\n<dt>A\u00f1o\u00a0 2017<\/dt>\n<dt>Duraci\u00f3n\u00a0 109 min.<\/dt>\n<dt>Pa\u00eds\u00a0 Estados Unidos<\/dt>\n<dt>Direcci\u00f3n Brian Fee<\/dt>\n<dt>Guion<\/dt>\n<dd>\n<div>Kiel Murray, Bob Peterson, Mike Rich (Historia: Brian Fee, Ben Queen, Eyal Podell, Jonathon E. Stewart)<\/div>\n<\/dd>\n<dt>M\u00fasica<\/dt>\n<dd>\n<div>Randy Newman<\/div>\n<\/dd>\n<dt>Fotograf\u00eda<\/dt>\n<dd>\n<div>Animation, Jeremy Lasky<\/div>\n<\/dd>\n<dt>Reparto<\/dt>\n<dd>Animation<\/dd>\n<dt>Productora<\/dt>\n<dd>\n<div>Pixar Animation Studios<\/div>\n<\/dd>\n<dt>G\u00e9nero<\/dt>\n<dd>Animaci\u00f3n. Aventuras. Comedia | Coches \/ Automovilismo. Secuela. 3-D. Pixar<\/dd>\n<dt>Grupos<\/dt>\n<dd>Pixar (Pel\u00edculas) | Cars (Pixar)<\/p>\n<div id=\"tooltip-new\">Novedad<\/div>\n<\/dd>\n<dt>Sinopsis<\/dt>\n<dd>Sorprendido por una nueva generaci\u00f3n de corredores ultrarr\u00e1pidos, el legendario Rayo McQueen queda relegado repentinamente del deporte que tanto ama. Para retomar su carrera, va a necesitar la ayuda de una joven mec\u00e1nica de carreras, Cruz Ram\u00edrez, que tiene su propio plan para ganar, adem\u00e1s de la inspiraci\u00f3n del fallecido Fabuloso Hudson Hornet y un par de giros inesperados. \u00a1Y para probar que el n\u00ba95 no est\u00e1 ni mucho menos acabado, el campe\u00f3n tendr\u00e1 que poner a prueba su val\u00eda en el gran circuito de la Copa Piston!<\/dd>\n<\/dl>\n<dl>\n<dt>Premios<\/dt>\n<dd>\n<div>2017: Premios Annie: Nominada a mejor pel\u00edcua y efectos animados<\/div>\n<div>2017: Satellite Awards: Nominado a mejor largometraje de animaci\u00f3n<\/div>\n<\/dd>\n<\/dl>\n<dl>\n<dt>Cr\u00edticas<\/dt>\n<dd>\n<ul id=\"pro-reviews\">\n<li>\n<div>\n<div>\u00abEs la reproducci\u00f3n exacta de la idea que los detractores de esta saga ten\u00edan de las dos primeras entregas (&#8230;) Es decir, la pel\u00edcula rutinaria, mec\u00e1nica y confiada al piloto autom\u00e1tico que no fueron Cars y Cars 2\u00bb<\/div>\n<div>Jordi Costa: Diario El Pa\u00eds<\/div>\n<\/div>\n<\/li>\n<li>\n<div>\n<div>\u00abAbundan los episodios y di\u00e1logos moralizantes en lugar de los humor\u00edsticos, de nuevo a cargo de personajes secundarios. (\u2026) Puntuaci\u00f3n: \u2605\u2605 (sobre 5)\u00bb<\/div>\n<div>Francisco Marinero: Diario El Mundo<\/div>\n<\/div>\n<\/li>\n<li>\n<div>\n<div>\u00abEntendida como operaci\u00f3n financiera, pues, la nueva pel\u00edcula es un triunfo; por lo dem\u00e1s, sin embargo, es uno de los ejercicios narrativos menos brillantes que a Pixar se le recuerdan (\u2026) Puntuaci\u00f3n: \u2605\u2605\u2605 (sobre 5)\u00bb<\/div>\n<div>Nando Salv\u00e1: Diario El Peri\u00f3dico<\/div>\n<\/div>\n<\/li>\n<li>\n<div>\n<div>\u00abNo hay nada que haga pensar al fan que Pixar es (o ha sido) el mejor estudio de animaci\u00f3n del mundo (&#8230;) aunque t\u00e9cnicamente es brillante, su hiperrealismo lo aleja cada vez m\u00e1s de las esencias de la (buena) animaci\u00f3n (\u2026) Puntuaci\u00f3n: \u2605\u2605 (sobre 5)\u00bb<\/div>\n<div>David Bernal: Cineman\u00eda<\/div>\n<\/div>\n<\/li>\n<li>\n<div>\n<div>\u00abDin\u00e1mica y de factura competente, no est\u00e1 a la elevada altura a la que Pixar nos tiene acostumbrados (\u2026) Puntuaci\u00f3n: \u2605\u2605\u2605 (sobre 5)\u00bb<\/div>\n<div>Jordi Batlle Caminal: Fotogramas<\/div>\n<\/div>\n<\/li>\n<li>\n<div>\n<div>\u00abAunque din\u00e1mica en lo visual, el desaf\u00edo m\u00e1s reciente de Rayo McQueen todav\u00eda parece descentrado con un resultado final l\u00e1nguido, que carece de impulso suficiente.\u00bb<\/div>\n<div>Michael Rechtshaffen: The Hollywood Reporter<\/div>\n<\/div>\n<\/li>\n<li>\n<div>\n<div>\u00abRayo McQueen, de nuevo enfrent\u00e1ndose al temor de que su mejor \u00e9poca ya hubiera pasado, regresa en una conmovedora secuela que vuelve a poner la saga en la pista.\u00bb<\/div>\n<div>Owen Gleiberman: Variety<\/div>\n<\/div>\n<\/li>\n<\/ul>\n<\/dd>\n<\/dl>\n<p><iframe loading=\"lazy\" src=\"https:\/\/www.youtube.com\/embed\/wtmW9rSRIzU\" frameborder=\"0\" width=\"598\" height=\"336\"><\/iframe><\/p>\n","protected":false},"excerpt":{"rendered":"<p>Cine Goya: \u00abCars 3\u00bb,\u00a0\u00a0 Domingo 18 de marzo,\u00a0 17:30 h Idioma: castellano T\u00edtulo original\u00a0 Cars 3 A\u00f1o\u00a0 2017 Duraci\u00f3n\u00a0 109 min. Pa\u00eds\u00a0 Estados Unidos Direcci\u00f3n Brian Fee Guion Kiel Murray, Bob Peterson, Mike Rich (Historia: Brian Fee, Ben Queen, Eyal Podell, Jonathon E. Stewart) M\u00fasica Randy Newman Fotograf\u00eda Animation, Jeremy Lasky Reparto Animation Productora Pixar [&hellip;]<\/p>\n","protected":false},"author":1,"featured_media":0,"comment_status":"closed","ping_status":"open","sticky":false,"template":"","format":"standard","meta":{"_monsterinsights_skip_tracking":false,"_monsterinsights_sitenote_active":false,"_monsterinsights_sitenote_note":"","_monsterinsights_sitenote_category":0},"categories":[15,12],"tags":[],"_links":{"self":[{"href":"http:\/\/www.portaldelolleria.es\/index.php?rest_route=\/wp\/v2\/posts\/19863"}],"collection":[{"href":"http:\/\/www.portaldelolleria.es\/index.php?rest_route=\/wp\/v2\/posts"}],"about":[{"href":"http:\/\/www.portaldelolleria.es\/index.php?rest_route=\/wp\/v2\/types\/post"}],"author":[{"embeddable":true,"href":"http:\/\/www.portaldelolleria.es\/index.php?rest_route=\/wp\/v2\/users\/1"}],"replies":[{"embeddable":true,"href":"http:\/\/www.portaldelolleria.es\/index.php?rest_route=%2Fwp%2Fv2%2Fcomments&post=19863"}],"version-history":[{"count":2,"href":"http:\/\/www.portaldelolleria.es\/index.php?rest_route=\/wp\/v2\/posts\/19863\/revisions"}],"predecessor-version":[{"id":19866,"href":"http:\/\/www.portaldelolleria.es\/index.php?rest_route=\/wp\/v2\/posts\/19863\/revisions\/19866"}],"wp:attachment":[{"href":"http:\/\/www.portaldelolleria.es\/index.php?rest_route=%2Fwp%2Fv2%2Fmedia&parent=19863"}],"wp:term":[{"taxonomy":"category","embeddable":true,"href":"http:\/\/www.portaldelolleria.es\/index.php?rest_route=%2Fwp%2Fv2%2Fcategories&post=19863"},{"taxonomy":"post_tag","embeddable":true,"href":"http:\/\/www.portaldelolleria.es\/index.php?rest_route=%2Fwp%2Fv2%2Ftags&post=19863"}],"curies":[{"name":"wp","href":"https:\/\/api.w.org\/{rel}","templated":true}]}}