{"id":20139,"date":"2018-04-17T14:20:42","date_gmt":"2018-04-17T12:20:42","guid":{"rendered":"http:\/\/www.portaldelolleria.es\/?p=20139"},"modified":"2018-04-17T14:21:36","modified_gmt":"2018-04-17T12:21:36","slug":"lolleria-acoge-este-fin-de-semana-del-curso-internacional-de-musica","status":"publish","type":"post","link":"http:\/\/www.portaldelolleria.es\/?p=20139","title":{"rendered":"L&#8217;Olleria acoge este fin de semana del Curso Internacional de M\u00fasica"},"content":{"rendered":"<p><a href=\"http:\/\/www.portaldelolleria.es\/wp-content\/uploads\/2018\/04\/cimvo_ajuntament.jpg\"><img loading=\"lazy\" class=\"aligncenter size-full wp-image-20140\" title=\"cimvo_ajuntament\" src=\"http:\/\/www.portaldelolleria.es\/wp-content\/uploads\/2018\/04\/cimvo_ajuntament.jpg\" alt=\"\" width=\"598\" height=\"396\" srcset=\"http:\/\/www.portaldelolleria.es\/wp-content\/uploads\/2018\/04\/cimvo_ajuntament.jpg 598w, http:\/\/www.portaldelolleria.es\/wp-content\/uploads\/2018\/04\/cimvo_ajuntament-300x198.jpg 300w\" sizes=\"(max-width: 598px) 100vw, 598px\" \/><\/a><\/p>\n<p>&nbsp;<\/p>\n<p><span style=\"color: #888888;\"><em>Ajuntament de l&#8217;Olleria, 17\/4\/2018<\/em><\/span><\/p>\n<p style=\"text-align: justify;\">L&#8217;Olleria acoge del 20 al 22 de abril la XIV edici\u00f3n del <strong>Curso Internacional de M\u00fasica<\/strong>, el CIMVO. Un curso, que c\u00f3mo viene siendo habitual en los \u00faltimos a\u00f1os, contar\u00e1 con profesores de prestigio internacional. <em>\u201c El curso ha conseguido hacerse un lugar dentro de panorama musical y cada vez es m\u00e1s la gente que se interesa por \u00e9l. Adem\u00e1s, y como complemento del curso se celebrar\u00e1n dos conciertos, uno a cargo del profesorado y con colaboraci\u00f3n de la SEM Santa Cecilia, y el otro a cargo del Tr\u00edo Romm que ser\u00e1 la por primera vez uqe act\u00fae en Espa\u00f1a\u201d<\/em>, explica <strong>Gloria Mic\u00f3<\/strong>, Regidora de Cultura.<\/p>\n<p style=\"text-align: justify;\">Adem\u00e1s, hay diferentes actividades programadas c\u00f3mo explica <strong>Jos\u00e9 Chafer<\/strong>, director del CIMVO:<em>\u201d el viernes nos visitar\u00e1n expertos de Yamaha Espa\u00f1a para presentarnos todas las sus novedades y nos har\u00e1n un taller de customizaci\u00f3n del sonido, es decir, nos explicar\u00e1n el funcionamiento interno de la trompeta y qu\u00e9 detalles nos pueden ayudar a cambiar su sonido\u201d.<\/em> Por otro lado, para s\u00e1bado hay prevista una exposici\u00f3n de instrumento de la tienda Atempo, y Antonio Rapachoulo, un fabricante de trompetas artesanales de Italia presentar\u00e1, por primera vez en Espa\u00f1a, sus productos.<\/p>\n<p style=\"text-align: justify;\">Uno de los platos fuertes del CIMVO son los dos conciertos, el de s\u00e1bado a cargo de la SEM Santa Cecilia y los profesores, y el domingo del Tr\u00edo Romm. <em>\u201c Para hacer un s\u00edmil con el mundo del f\u00fatbol, es c\u00f3mo si viniera a l&#8217;Olleria a actuar el mismo Pel\u00e9. Ronald, el fundador del Tr\u00edo, es un hombre con una trayectoria musical espectacular con numerosos reconocimientos a nivel internacional y es para nosotros toda una suerte poder escucharlos aqu\u00ed y aprender de ellos\u201d,<\/em> afirma Jos\u00e9 Ch\u00e1fer.<\/p>\n<p style=\"text-align: justify;\">Adem\u00e1s, y como novedad, todos los alumnos del curso dispondr\u00e1n de un a\u00f1o de licencia de una nueva aplicaci\u00f3n para ipad, creada por una empresa de Pamplona, y que reconoce el ritmo de la partitura que se est\u00e1 tocando, lo que hace que vaya avanzando por si misma sin necesidad de ir pasando las p\u00e1ginas.<\/p>\n<p style=\"text-align: justify;\"><strong>CIMVO, uno de los partners de la <em>World Trumpet Society<\/em><\/strong><\/p>\n<p style=\"text-align: justify;\">Por otro lado, el CIMVO ser\u00e1 uno de los <em>partners<\/em> de la reciente creada <em>World Trumpet Society<\/em>. Una sociedad musical internacional de trompetistas que se present\u00f3 p\u00fablicamente hace tan s\u00f3lo unas semanas, y que celebrar\u00e1 su primer congreso en Canad\u00e1. Un congreso, que podr\u00eda acoger l&#8217;Olleria en futuras ediciones.<\/p>\n<p style=\"text-align: justify;\">_____________________________<\/p>\n<p style=\"text-align: justify;\"><span style=\"color: #800000;\">L\u2019Olleria acull del 20 al 22 d\u2019abril la XIV edici\u00f3 del<strong> Curs Internacional de M\u00fasica<\/strong>, el CIMVO. Un curs, que com ve sent habitual en els \u00faltims anys, comptar\u00e0 amb professors de prestigi internacional. <em>\u201c El curs ha aconseguit fer-se un lloc dins de panorama musical i cada vegada \u00e9s m\u00e9s la gent que s\u2019interessa per ell. A m\u00e9s, i com a complement del curs es celebraran dos concerts, un a c\u00e0rrec del professorat i amb col\u00b7laboraci\u00f3 de la SEM Santa Cecilia, i l\u2019altre a c\u00e0rrec del Trio Romm que ser\u00e0 la per primera vegada en Espanya\u201d,<\/em> explica <strong>Gloria Mic\u00f3<\/strong>, Regidora de Cultura.<\/span><\/p>\n<p style=\"text-align: justify;\"><span style=\"color: #800000;\">A m\u00e9s, hi ha diferents activitats programades com explica <strong>Jos\u00e9 Chafer<\/strong>, director del CIMVO:\u201d el divendres ens visitaran experts de Yamaha Espanya per presentar-nos totes les seus novetats i ens faran un taller de customitzaci\u00f3 del so, \u00e9s a dir, ens explicaran el funcionament intern de la trompeta i quins detalls ens poden ajudar a canviar el seu so\u201d. D\u2019altra banda, per a dissabte hi ha prevista una exposici\u00f3 d\u2019instrument de la tenda Atempo, i Antonio Rapachoulo, un fabricant de trompetes artesanals d\u2019It\u00e0lia presentar\u00e0, per primera vegada a Espanya, els seus productes.<\/span><\/p>\n<p style=\"text-align: justify;\"><span style=\"color: #800000;\">Un dels plats forts del CIMVO son els dos concerts, el de dissabte a c\u00e0rrec de la SEM Santa Cecilia i els professors, i el diumenge del Trio Romm<em>. \u201c Per fer un s\u00edmil amb el m\u00f3n del futbol, \u00e9s com si vinguera a l\u2019Olleria a actuar el mateix Pel\u00e9. Ronald, el fundador del Tr\u00edo, \u00e9s un home amb una traject\u00f2ria musical espectacular amb nombrosos reconeixements a nivell internacional i \u00e9s per a nosaltres tota una sort poder escoltar-los ac\u00ed i aprendre d\u2019ells\u201d<\/em>, afirma Jos\u00e9 Ch\u00e1fer.<\/span><\/p>\n<p style=\"text-align: justify;\"><span style=\"color: #800000;\">A m\u00e9s, i com a novetat, tots els alumnes del curs disposaran d\u2019un any de llic\u00e8ncia d\u2019una nova aplicaci\u00f3 per a ipad, creada per una empresa de Pamplona, i que reconeix el ritme de la partitura que s\u2019est\u00e0 tocant, el que fa que vaja avan\u00e7ant per ella mateixa sense necessitat d\u2019anar passant les p\u00e0gines.<\/span><\/p>\n<p style=\"text-align: justify;\"><span style=\"color: #800000;\"><strong>CIMVO, un dels <em>partners<\/em> de la <em>World Trumpet Society<\/em><\/strong><\/span><\/p>\n<p style=\"text-align: justify;\"><span style=\"color: #800000;\">D\u2019altra banda, el CIMVO ser\u00e0 un dels partners de la recent creada <em>World Trumpet Society<\/em>. Una societat musical internacional de trompetistes que es va presentar p\u00fablicament fa tan sols unes setmanes, i que celebrar\u00e0 el seu primer congr\u00e9s a Canad\u00e0. Un congr\u00e9s, que podria acollir l\u2019Olleria en futures edicions.<\/span><\/p>\n","protected":false},"excerpt":{"rendered":"<p>&nbsp; Ajuntament de l&#8217;Olleria, 17\/4\/2018 L&#8217;Olleria acoge del 20 al 22 de abril la XIV edici\u00f3n del Curso Internacional de M\u00fasica, el CIMVO. Un curso, que c\u00f3mo viene siendo habitual en los \u00faltimos a\u00f1os, contar\u00e1 con profesores de prestigio internacional. \u201c El curso ha conseguido hacerse un lugar dentro de panorama musical y cada vez [&hellip;]<\/p>\n","protected":false},"author":1,"featured_media":0,"comment_status":"closed","ping_status":"open","sticky":false,"template":"","format":"standard","meta":{"_monsterinsights_skip_tracking":false,"_monsterinsights_sitenote_active":false,"_monsterinsights_sitenote_note":"","_monsterinsights_sitenote_category":0},"categories":[11,12],"tags":[],"_links":{"self":[{"href":"http:\/\/www.portaldelolleria.es\/index.php?rest_route=\/wp\/v2\/posts\/20139"}],"collection":[{"href":"http:\/\/www.portaldelolleria.es\/index.php?rest_route=\/wp\/v2\/posts"}],"about":[{"href":"http:\/\/www.portaldelolleria.es\/index.php?rest_route=\/wp\/v2\/types\/post"}],"author":[{"embeddable":true,"href":"http:\/\/www.portaldelolleria.es\/index.php?rest_route=\/wp\/v2\/users\/1"}],"replies":[{"embeddable":true,"href":"http:\/\/www.portaldelolleria.es\/index.php?rest_route=%2Fwp%2Fv2%2Fcomments&post=20139"}],"version-history":[{"count":2,"href":"http:\/\/www.portaldelolleria.es\/index.php?rest_route=\/wp\/v2\/posts\/20139\/revisions"}],"predecessor-version":[{"id":20142,"href":"http:\/\/www.portaldelolleria.es\/index.php?rest_route=\/wp\/v2\/posts\/20139\/revisions\/20142"}],"wp:attachment":[{"href":"http:\/\/www.portaldelolleria.es\/index.php?rest_route=%2Fwp%2Fv2%2Fmedia&parent=20139"}],"wp:term":[{"taxonomy":"category","embeddable":true,"href":"http:\/\/www.portaldelolleria.es\/index.php?rest_route=%2Fwp%2Fv2%2Fcategories&post=20139"},{"taxonomy":"post_tag","embeddable":true,"href":"http:\/\/www.portaldelolleria.es\/index.php?rest_route=%2Fwp%2Fv2%2Ftags&post=20139"}],"curies":[{"name":"wp","href":"https:\/\/api.w.org\/{rel}","templated":true}]}}