{"id":2025,"date":"2013-01-08T10:30:22","date_gmt":"2013-01-08T09:30:22","guid":{"rendered":"http:\/\/www.portaldelolleria.es\/?p=2025"},"modified":"2013-01-08T14:35:23","modified_gmt":"2013-01-08T13:35:23","slug":"accidente-de-un-autobus-escolar-en-xativa-cuatro-ninos-heridos-uno-grave","status":"publish","type":"post","link":"http:\/\/www.portaldelolleria.es\/?p=2025","title":{"rendered":"Accidente de un autobus escolar en X\u00e0tiva. Todos los heridos fuera de peligro"},"content":{"rendered":"<p><a href=\"http:\/\/www.portaldelolleria.es\/wp-content\/uploads\/2013\/01\/accidente-xativa.jpg\"><img loading=\"lazy\" class=\"aligncenter size-full wp-image-2026\" title=\"accidente xativa\" src=\"http:\/\/www.portaldelolleria.es\/wp-content\/uploads\/2013\/01\/accidente-xativa.jpg\" alt=\"\" width=\"598\" height=\"408\" srcset=\"http:\/\/www.portaldelolleria.es\/wp-content\/uploads\/2013\/01\/accidente-xativa.jpg 598w, http:\/\/www.portaldelolleria.es\/wp-content\/uploads\/2013\/01\/accidente-xativa-300x204.jpg 300w\" sizes=\"(max-width: 598px) 100vw, 598px\" \/><\/a><\/p>\n<div id=\"story-texto\">Una ni\u00f1a ha resultado herida grave esta ma\u00f1ana al salirse de la carretera y estrellarse contra un \u00e1rbol un autob\u00fas escolar que se dirig\u00eda desde Torre de Lloris a X\u00e0tiva. En el autob\u00fas viajaban cuatro ni\u00f1os de entre 4 y 11 a\u00f1os, una cuidadora y el ch\u00f3fer, que tambi\u00e9n han resultado heridos.<\/div>\n<div>Entre los menores heridos hay una ni\u00f1a de cinco a\u00f1os que se encuentra en estado m\u00e1s grave, con un traumatismo craneoencef\u00e1lico con pron\u00f3stico reservado y que ha sido evacuada a una ambulancia por los bomberos hasta el hospital Llu\u00eds Alcany\u00eds de la capital de La Costera.<\/div>\n<div>En el mismo veh\u00edculo viajaban las otras cuatro ni\u00f1as heridas -una de cinco a\u00f1os en estado leve con una contusi\u00f3n en la cara, una de cuatro en estado leve con ansiedad y otra de cinco en la misma situaci\u00f3n-. Adem\u00e1s, una cuidadora de 53 a\u00f1os ha sufrido una conmoci\u00f3n leve y el conductor, de 54 a\u00f1os, se encuentra herido leve por una contusi\u00f3n en el torso, informa Europa Press.<\/div>\n<div id=\"U304968345354lmH\">El accidente se ha producido poco despu\u00e9s de las 8.10 horas frente a una vaquer\u00eda en la carretera CV-578, a la salida de Torre de Lloris, desde donde los menores se trasladaban a los colegios Atilio Bruchetti y Jacinto Casta\u00f1eda de X\u00e0tiva. El autob\u00fas se ha salido de la v\u00eda por motivos que se investigan y ha chocado contra un \u00e1rbol, ha salido despedido saltando una acequia y ha colisionado contra otro \u00e1rbol. Varias lunas del autocar han quedado destrozadas por el impacto.<\/div>\n<div><span style=\"color: #800000;\"><strong>Ultima hora\u00a0 (10:30h)\u00a0 Todos fuera de peligro, la ni\u00f1a probablemente recibir\u00e1 el alta esta ma\u00f1ana. Solo viajaban 6 personas en el autobus, ya que eran las primeras paradas.\u00a0 El accidente se produjo en una recta, cuando el conductor se vi\u00f3 obligado a esquivar un coche. La ni\u00f1a de 4 a\u00f1os, que en principio se pronostic\u00f3 como grave\u00a0 fu\u00e9 traslada a la Fe de Valencia para tratar mejor el golpe que recibi\u00f3 en la cara, los otros 5 heridos fueron atendidos en el Alca\u00f1iz.<br \/>\n<\/strong><\/span><\/div>\n<div><span style=\"color: #800000;\"><strong><br \/>\n<\/strong><\/span><\/div>\n<div><a href=\"http:\/\/www.portaldelolleria.es\/wp-content\/uploads\/2013\/01\/0152.jpg\"><img loading=\"lazy\" class=\"aligncenter size-full wp-image-2029\" title=\"0152\" src=\"http:\/\/www.portaldelolleria.es\/wp-content\/uploads\/2013\/01\/0152.jpg\" alt=\"\" width=\"598\" height=\"405\" srcset=\"http:\/\/www.portaldelolleria.es\/wp-content\/uploads\/2013\/01\/0152.jpg 598w, http:\/\/www.portaldelolleria.es\/wp-content\/uploads\/2013\/01\/0152-300x203.jpg 300w\" sizes=\"(max-width: 598px) 100vw, 598px\" \/><\/a><\/div>\n<p>&nbsp;<\/p>\n","protected":false},"excerpt":{"rendered":"<p>Una ni\u00f1a ha resultado herida grave esta ma\u00f1ana al salirse de la carretera y estrellarse contra un \u00e1rbol un autob\u00fas escolar que se dirig\u00eda desde Torre de Lloris a X\u00e0tiva. En el autob\u00fas viajaban cuatro ni\u00f1os de entre 4 y 11 a\u00f1os, una cuidadora y el ch\u00f3fer, que tambi\u00e9n han resultado heridos. Entre los menores [&hellip;]<\/p>\n","protected":false},"author":2,"featured_media":0,"comment_status":"closed","ping_status":"open","sticky":false,"template":"","format":"standard","meta":{"_monsterinsights_skip_tracking":false,"_monsterinsights_sitenote_active":false,"_monsterinsights_sitenote_note":"","_monsterinsights_sitenote_category":0},"categories":[3,12],"tags":[473,499,92],"_links":{"self":[{"href":"http:\/\/www.portaldelolleria.es\/index.php?rest_route=\/wp\/v2\/posts\/2025"}],"collection":[{"href":"http:\/\/www.portaldelolleria.es\/index.php?rest_route=\/wp\/v2\/posts"}],"about":[{"href":"http:\/\/www.portaldelolleria.es\/index.php?rest_route=\/wp\/v2\/types\/post"}],"author":[{"embeddable":true,"href":"http:\/\/www.portaldelolleria.es\/index.php?rest_route=\/wp\/v2\/users\/2"}],"replies":[{"embeddable":true,"href":"http:\/\/www.portaldelolleria.es\/index.php?rest_route=%2Fwp%2Fv2%2Fcomments&post=2025"}],"version-history":[{"count":8,"href":"http:\/\/www.portaldelolleria.es\/index.php?rest_route=\/wp\/v2\/posts\/2025\/revisions"}],"predecessor-version":[{"id":2030,"href":"http:\/\/www.portaldelolleria.es\/index.php?rest_route=\/wp\/v2\/posts\/2025\/revisions\/2030"}],"wp:attachment":[{"href":"http:\/\/www.portaldelolleria.es\/index.php?rest_route=%2Fwp%2Fv2%2Fmedia&parent=2025"}],"wp:term":[{"taxonomy":"category","embeddable":true,"href":"http:\/\/www.portaldelolleria.es\/index.php?rest_route=%2Fwp%2Fv2%2Fcategories&post=2025"},{"taxonomy":"post_tag","embeddable":true,"href":"http:\/\/www.portaldelolleria.es\/index.php?rest_route=%2Fwp%2Fv2%2Ftags&post=2025"}],"curies":[{"name":"wp","href":"https:\/\/api.w.org\/{rel}","templated":true}]}}