{"id":2042,"date":"2013-01-09T15:50:59","date_gmt":"2013-01-09T14:50:59","guid":{"rendered":"http:\/\/www.portaldelolleria.es\/?p=2042"},"modified":"2013-01-09T20:02:47","modified_gmt":"2013-01-09T19:02:47","slug":"inaugurada-en-alfarrasi-la-planta-solar-fotovoltaica-mas-grande-de-valencia","status":"publish","type":"post","link":"http:\/\/www.portaldelolleria.es\/?p=2042","title":{"rendered":"Inaugurada en Alfarras\u00ed la planta solar fotovoltaica m\u00e1s grande de Valencia"},"content":{"rendered":"<p><a href=\"http:\/\/www.portaldelolleria.es\/wp-content\/uploads\/2013\/01\/diputacion.jpg\"><img loading=\"lazy\" class=\"aligncenter size-full wp-image-2043\" title=\"diputacion\" src=\"http:\/\/www.portaldelolleria.es\/wp-content\/uploads\/2013\/01\/diputacion.jpg\" alt=\"\" width=\"598\" height=\"398\" srcset=\"http:\/\/www.portaldelolleria.es\/wp-content\/uploads\/2013\/01\/diputacion.jpg 598w, http:\/\/www.portaldelolleria.es\/wp-content\/uploads\/2013\/01\/diputacion-300x199.jpg 300w\" sizes=\"(max-width: 598px) 100vw, 598px\" \/><\/a><\/p>\n<p>&nbsp;<\/p>\n<p>&nbsp;<\/p>\n<p><strong>El presidente de la Generalitat Alberto Fabra Destaca la producci\u00f3n de la instalaci\u00f3n, que equivale al consumo de unos 5.000 hogares<\/strong><\/p>\n<div id=\"story-texto\">\n<div>El presidente de la Generalitat, Alberto Fabra, ha subrayado la apuesta del Consell por desarrollar pol\u00edticas energ\u00e9ticas autosuficientes y que logren un equilibrio entre la oferta y demanda.<\/div>\n<div>Alberto Fabra ha realizado estas declaraciones durante la inauguraci\u00f3n de la Planta Solar fotovoltaica en Alfarras\u00ed donde ha destacado que la instalaci\u00f3n se convierte en la m\u00e1s grande de la provincia de Valencia. Producir\u00e1 alrededor de 16 millones de kilovatios-hora al a\u00f1o, lo que equivale al consumo de unos 5.000 hogares y desde el punto de vista medioambiental, la planta evitar\u00e1 la emisi\u00f3n a la atm\u00f3sfera de m\u00e1s de 9.300 toneladas de CO2 al a\u00f1o. \u00abCon lo que conseguimos ese equilibrio necesario entre la generaci\u00f3n de energ\u00edas renovables y respeto m\u00e1ximo al medio ambiente\u00bb, ha dicho.<\/div>\n<div>\u00abLa autosuficiencia la tenemos que encontrar con sistemas distintos a los tradicionales, por eso las plantas de ciclo combinado hacen que podamos tener confianza en esa generaci\u00f3n de energ\u00eda distinta, y por supuesto, en la energ\u00eda renovable que hace posible que tengamos confianza en el futuro y garantizado nuestro suministro\u00bb, ha explicado el jefe del Consell.<\/div>\n<div>Durante su discurso, el presidente ha remarcado que las energ\u00edas renovables constituyen la primera opci\u00f3n y la apuesta m\u00e1s s\u00f3lida de la Generalitat, para incrementar la generaci\u00f3n energ\u00e9tica y satisfacer las nuevas necesidades de hogares y empresas de la Comunitat Valenciana.<\/div>\n<div>As\u00ed, ha informado que en los \u00faltimos cinco a\u00f1os se ha multiplicado por seis la potencia instalada de energ\u00eda solar fotovoltaica en la Comunitat y contamos con 5 plantas de fabricaci\u00f3n de m\u00f3dulos fotovoltaicos que producen el 30% del total de la producci\u00f3n nacional.<\/div>\n<div>Adem\u00e1s, ha a\u00f1adido que las acciones realizadas por la Generalitat en apoyo de las energ\u00edas limpias, han supuesto un incremento del 14% de la potencia el\u00e9ctrica instalada de origen renovable y una disminuci\u00f3n de m\u00e1s del 20% de energ\u00edas provenientes del consumo de combustibles s\u00f3lidos, \u00ablo que supone una reducci\u00f3n del 22% de las emisiones de CO2 en la Comunitat\u00bb, ha explicado.<\/div>\n<div>Tambi\u00e9n desde la Generalitat se est\u00e1 apostando por las energ\u00edas renovables, impulsando la eficiencia y la gesti\u00f3n de la energ\u00eda como herramienta estrat\u00e9gica para la mejora de la competitividad en las empresas, la industria y el tejido empresarial valenciano.<\/div>\n<div>Y para lograrlo, Fabra ha asegurado que la Generalitat est\u00e1 desarrollando el Plan Estrat\u00e9gico de Energ\u00eda, \u00abuna l\u00ednea de trabajo que debemos seguir para poder generar esa confianza y esa estabilidad necesaria para poder garantizar a nuestras empresas el suministro energ\u00e9tico al mejor coste y, sobre todo, de forma continuada\u00bb.<\/div>\n<div>Este Plan Estrat\u00e9gico de Energ\u00eda contempla como principales objetivos la eficiencia energ\u00e9tica de la Comunitat Valenciana para lograr la reducci\u00f3n en un 1,5% anual de la cantidad de energ\u00eda consumida por unidad de PIB.<\/div>\n<div>Adem\u00e1s, tiene como finalidad reducir el consumo y costes energ\u00e9ticos propios de la Administraci\u00f3n Auton\u00f3mica en un 9% en 2013 y un 20% en 2016, movilizar inversiones por valor de cerca de 9.000 millones en materia energ\u00e9tica -mediante una pol\u00edtica energ\u00e9tica institucional de incentivos e inversiones que optimicen los recursos p\u00fablicos existentes y gracias al esfuerzo conjunto de la Administraci\u00f3n y el sector privado- y lograr que, para el a\u00f1o 2020, alrededor de un 50% de la potencia de generaci\u00f3n el\u00e9ctrica en servicio est\u00e9 basada en las energ\u00edas renovables.<\/div>\n<div>Finalmente, Fabra ha reiterado el apoyo del Consell por seguir defendiendo los intereses del sector renovable, un marco regulatorio estable \u00abpara seguir trazando el camino que certificamos con esta instalaci\u00f3n y que nos puede hacer fuertes y garantizar el suministro, la calidad y el coste de la energ\u00eda\u00bb.<\/div>\n<\/div>\n","protected":false},"excerpt":{"rendered":"<p>&nbsp; &nbsp; El presidente de la Generalitat Alberto Fabra Destaca la producci\u00f3n de la instalaci\u00f3n, que equivale al consumo de unos 5.000 hogares El presidente de la Generalitat, Alberto Fabra, ha subrayado la apuesta del Consell por desarrollar pol\u00edticas energ\u00e9ticas autosuficientes y que logren un equilibrio entre la oferta y demanda. Alberto Fabra ha realizado [&hellip;]<\/p>\n","protected":false},"author":2,"featured_media":0,"comment_status":"closed","ping_status":"open","sticky":false,"template":"","format":"standard","meta":{"_monsterinsights_skip_tracking":false,"_monsterinsights_sitenote_active":false,"_monsterinsights_sitenote_note":"","_monsterinsights_sitenote_category":0},"categories":[171,12],"tags":[501,502,504,328,503],"_links":{"self":[{"href":"http:\/\/www.portaldelolleria.es\/index.php?rest_route=\/wp\/v2\/posts\/2042"}],"collection":[{"href":"http:\/\/www.portaldelolleria.es\/index.php?rest_route=\/wp\/v2\/posts"}],"about":[{"href":"http:\/\/www.portaldelolleria.es\/index.php?rest_route=\/wp\/v2\/types\/post"}],"author":[{"embeddable":true,"href":"http:\/\/www.portaldelolleria.es\/index.php?rest_route=\/wp\/v2\/users\/2"}],"replies":[{"embeddable":true,"href":"http:\/\/www.portaldelolleria.es\/index.php?rest_route=%2Fwp%2Fv2%2Fcomments&post=2042"}],"version-history":[{"count":2,"href":"http:\/\/www.portaldelolleria.es\/index.php?rest_route=\/wp\/v2\/posts\/2042\/revisions"}],"predecessor-version":[{"id":2045,"href":"http:\/\/www.portaldelolleria.es\/index.php?rest_route=\/wp\/v2\/posts\/2042\/revisions\/2045"}],"wp:attachment":[{"href":"http:\/\/www.portaldelolleria.es\/index.php?rest_route=%2Fwp%2Fv2%2Fmedia&parent=2042"}],"wp:term":[{"taxonomy":"category","embeddable":true,"href":"http:\/\/www.portaldelolleria.es\/index.php?rest_route=%2Fwp%2Fv2%2Fcategories&post=2042"},{"taxonomy":"post_tag","embeddable":true,"href":"http:\/\/www.portaldelolleria.es\/index.php?rest_route=%2Fwp%2Fv2%2Ftags&post=2042"}],"curies":[{"name":"wp","href":"https:\/\/api.w.org\/{rel}","templated":true}]}}