{"id":2071,"date":"2013-01-15T10:30:44","date_gmt":"2013-01-15T09:30:44","guid":{"rendered":"http:\/\/www.portaldelolleria.es\/?p=2071"},"modified":"2013-01-15T10:30:44","modified_gmt":"2013-01-15T09:30:44","slug":"los-vecinos-de-sant-antoni-de-l%e2%80%99olleria-ultiman-detalles-de-su-fiesta","status":"publish","type":"post","link":"http:\/\/www.portaldelolleria.es\/?p=2071","title":{"rendered":"Los vecinos de Sant Antoni de L\u2019Olleria ultiman detalles de su Fiesta"},"content":{"rendered":"<p><a href=\"http:\/\/www.portaldelolleria.es\/wp-content\/uploads\/2013\/01\/sanantoni.jpg\"><img loading=\"lazy\" class=\"aligncenter size-full wp-image-2072\" title=\"sanantoni\" src=\"http:\/\/www.portaldelolleria.es\/wp-content\/uploads\/2013\/01\/sanantoni.jpg\" alt=\"\" width=\"598\" height=\"398\" srcset=\"http:\/\/www.portaldelolleria.es\/wp-content\/uploads\/2013\/01\/sanantoni.jpg 598w, http:\/\/www.portaldelolleria.es\/wp-content\/uploads\/2013\/01\/sanantoni-300x199.jpg 300w\" sizes=\"(max-width: 598px) 100vw, 598px\" \/><\/a><\/p>\n<p>Los vecinos de la calle Sant Antoni de L\u2019Olleria ultiman los \u00faltimos detalles su fiesta, unos d\u00edas en los que su calle centra todas las miradas.<\/p>\n<p>La programaci\u00f3n de actos se iniciar\u00e1 el mi\u00e9rcoles 16 con la encendida de la hoguera que re\u00fane a\u00f1o tras a\u00f1o a cientos de personas que no se quieren perder esta tradici\u00f3n, eso ser\u00e1 a las 9 de la noche.<\/p>\n<p>Ya el jueves 17, d\u00eda de la Festividad de San Antonio, se celebrar\u00e1 a las once de la ma\u00f1ana una Misa en la misma calle y como es costumbre, ya han avanzado los vecinos, \u00a0habr\u00e1 pan bendecido para todos los asistentes.<\/p>\n<p>El s\u00e1bado continuar\u00e1n las actividades con una cena en la calle a las nueve y media de la noche y el domingo, las calles de L\u2019Olleria se llenaran de animales para participar en el desfile que se iniciar\u00e1 a las doce y media de la ma\u00f1ana desde el Colegio Isabel la Cat\u00f3lica y que acabar\u00e1 en la calle Sant Antoni, ya all\u00ed tendr\u00e1 lugar la bendici\u00f3n de los animales. En este acto tambi\u00e9n habr\u00e1 pan bendecido para todos los asistentes.<\/p>\n<p>Por \u00faltimo, el concejal de fiestas, Juan Ruano ha destacado \u201cel esfuerzo e inter\u00e9s de los vecinos de la Calle Sant Antoni por continuar a\u00f1o tras a\u00f1o con esta fiesta tan arraigada en nuestro municipio en la que participan tantos ollerienses\u201d.<\/p>\n<p>&nbsp;<\/p>\n","protected":false},"excerpt":{"rendered":"<p>Los vecinos de la calle Sant Antoni de L\u2019Olleria ultiman los \u00faltimos detalles su fiesta, unos d\u00edas en los que su calle centra todas las miradas. La programaci\u00f3n de actos se iniciar\u00e1 el mi\u00e9rcoles 16 con la encendida de la hoguera que re\u00fane a\u00f1o tras a\u00f1o a cientos de personas que no se quieren perder [&hellip;]<\/p>\n","protected":false},"author":2,"featured_media":0,"comment_status":"closed","ping_status":"open","sticky":false,"template":"","format":"standard","meta":{"_monsterinsights_skip_tracking":false,"_monsterinsights_sitenote_active":false,"_monsterinsights_sitenote_note":"","_monsterinsights_sitenote_category":0},"categories":[16,12],"tags":[304,20,510],"_links":{"self":[{"href":"http:\/\/www.portaldelolleria.es\/index.php?rest_route=\/wp\/v2\/posts\/2071"}],"collection":[{"href":"http:\/\/www.portaldelolleria.es\/index.php?rest_route=\/wp\/v2\/posts"}],"about":[{"href":"http:\/\/www.portaldelolleria.es\/index.php?rest_route=\/wp\/v2\/types\/post"}],"author":[{"embeddable":true,"href":"http:\/\/www.portaldelolleria.es\/index.php?rest_route=\/wp\/v2\/users\/2"}],"replies":[{"embeddable":true,"href":"http:\/\/www.portaldelolleria.es\/index.php?rest_route=%2Fwp%2Fv2%2Fcomments&post=2071"}],"version-history":[{"count":1,"href":"http:\/\/www.portaldelolleria.es\/index.php?rest_route=\/wp\/v2\/posts\/2071\/revisions"}],"predecessor-version":[{"id":2073,"href":"http:\/\/www.portaldelolleria.es\/index.php?rest_route=\/wp\/v2\/posts\/2071\/revisions\/2073"}],"wp:attachment":[{"href":"http:\/\/www.portaldelolleria.es\/index.php?rest_route=%2Fwp%2Fv2%2Fmedia&parent=2071"}],"wp:term":[{"taxonomy":"category","embeddable":true,"href":"http:\/\/www.portaldelolleria.es\/index.php?rest_route=%2Fwp%2Fv2%2Fcategories&post=2071"},{"taxonomy":"post_tag","embeddable":true,"href":"http:\/\/www.portaldelolleria.es\/index.php?rest_route=%2Fwp%2Fv2%2Ftags&post=2071"}],"curies":[{"name":"wp","href":"https:\/\/api.w.org\/{rel}","templated":true}]}}