{"id":20922,"date":"2018-06-21T10:02:30","date_gmt":"2018-06-21T08:02:30","guid":{"rendered":"http:\/\/www.portaldelolleria.es\/?p=20922"},"modified":"2018-06-21T10:04:22","modified_gmt":"2018-06-21T08:04:22","slug":"la-diputacion-destina-mas-de-34-millones-de-euros-a-los-municipios-de-la-vall-d%e2%80%99albaida","status":"publish","type":"post","link":"http:\/\/www.portaldelolleria.es\/?p=20922","title":{"rendered":"La Diputaci\u00f3n destina m\u00e1s de 3,4 millones de euros a los municipios de la Vall d\u2019Albaida"},"content":{"rendered":"<div id=\"attachment_20923\" style=\"width: 608px\" class=\"wp-caption aligncenter\"><a href=\"http:\/\/www.portaldelolleria.es\/wp-content\/uploads\/2018\/06\/foto_Abulaila.jpg\"><img aria-describedby=\"caption-attachment-20923\" loading=\"lazy\" class=\"size-full wp-image-20923\" title=\"foto_Abulaila\" src=\"http:\/\/www.portaldelolleria.es\/wp-content\/uploads\/2018\/06\/foto_Abulaila.jpg\" alt=\"\" width=\"598\" height=\"370\" srcset=\"http:\/\/www.portaldelolleria.es\/wp-content\/uploads\/2018\/06\/foto_Abulaila.jpg 598w, http:\/\/www.portaldelolleria.es\/wp-content\/uploads\/2018\/06\/foto_Abulaila-300x185.jpg 300w\" sizes=\"(max-width: 598px) 100vw, 598px\" \/><\/a><p id=\"caption-attachment-20923\" class=\"wp-caption-text\">foto_Abulaila<\/p><\/div>\n<p style=\"text-align: center;\">\n<ul style=\"text-align: justify;\">\n<li><strong>La inversi\u00f3n se enmarca dentro del cuarto plan de Inversiones Financieramente Sostenibles (IFS), con 35 millones de euros de dotaci\u00f3n, que se traducir\u00e1n en mejoras en espacios p\u00fablicos que decidir\u00e1n los ayuntamientos.<\/strong><\/li>\n<li><strong>Jorge Rodr\u00edguez: \u201cDesde el primer momento tuvimos claro que el super\u00e1vit ten\u00eda que destinarse a las personas antes de acabar en los bancos. Los alcaldes han valorado este plan con un 9,1 sobre 10\u201d<\/strong><\/li>\n<li><strong>Maria Josep Amig\u00f3: \u201cTres a\u00f1os despu\u00e9s del cambio pol\u00edtico hemos consolidado una nueva forma de gobernar basada en el reparto justo de los recursos y la gesti\u00f3n eficaz colaborando con la Generalitat\u201d<\/strong><\/li>\n<\/ul>\n<p style=\"text-align: justify;\"><strong>20\/junio\/2018. <\/strong>La Diputaci\u00f3 de Val\u00e8ncia ha aprobado este martes una nueva convocatoria del plan de Inversiones Financieramente Sostenibles (IFS), el cuarto desde que se inici\u00f3 la legislatura. En esta ocasi\u00f3n, los 17 municipios de la Vall d\u2019Albaida dispondr\u00e1n de 3.454.711 euros para mejorar espacios y servicios p\u00fablicos en actuaciones que tendr\u00e1n que ejecutarse antes del 31 de diciembre de 2019, y que podr\u00e1n financiar obras ya realizadas desde el 1 de enero de este a\u00f1o.<\/p>\n<p style=\"text-align: justify;\">La cuant\u00eda de las ayudas alcanza desde los 72.175 euros de Carr\u00edcola hasta los 231.188 euros para el municipio de Ontinyent, pasando por los 143.247 euros de Benig\u00e0nim o los 146.433 euros para el municipio de Bocairent.<\/p>\n<p style=\"text-align: justify;\">En palabras del presidente, Jorge Rodr\u00edguez, \u201cdesde el primer momento se tuvo claro que el super\u00e1vit de la gesti\u00f3n ten\u00eda que destinarse a las personas antes de acabar en los bancos para amortizar una deuda que no se ha dejado de reducir, hasta convertirnos en una de las administraciones m\u00e1s saneadas de Espa\u00f1a\u201d.<\/p>\n<p style=\"text-align: justify;\">En esta l\u00ednea, la vicepresidenta, Maria Josep Amig\u00f3 ha asegurado que \u201ctres a\u00f1os despu\u00e9s del cambio pol\u00edtico, esta corporaci\u00f3n ha consolidado una nueva forma de gobernar, basada en la justicia en el reparto de los recursos, la colaboraci\u00f3n con la Generalitat, la gesti\u00f3n eficaz que fomenta la autonom\u00eda municipal y el fin del clientelismo\u201d.<\/p>\n<p style=\"text-align: justify;\">Adem\u00e1s, Amig\u00f3 ha afirmado que estos planes \u201csirven para paliar el d\u00e9ficit de financiaci\u00f3n de nuestros pueblos y ciudades, que ha imposibilitado en muchos casos la prestaci\u00f3n de servicios b\u00e1sicos de calidad\u201d.<\/p>\n<p style=\"text-align: justify;\">Por su parte, el diputado de Cooperaci\u00f3n, Emili Altur, ha se\u00f1alado que los ayuntamientos \u201ctienen pr\u00e1cticamente libertad absoluta para decidir en qu\u00e9 obras se invierte el dinero\u201d, con un cat\u00e1logo que alcanza desde la mejora de redes de abastecimiento de agua y alcantarillado hasta la renovaci\u00f3n de instalaciones deportivas, pasando por recogida y tratamiento de residuos, energ\u00eda, iluminaci\u00f3n p\u00fablica, gesti\u00f3n del conocimiento, promoci\u00f3n tur\u00edstica, comercio, parques y jardines, ordenaci\u00f3n del tr\u00e1fico, equipamientos culturales, carreteras y caminos, protecci\u00f3n del patrimonio e intervenci\u00f3n en colegios de Infantil y Primaria.<\/p>\n<p style=\"text-align: justify;\">Respecto a los criterios de reparto de estas ayudas, tanto para la Vall d\u2019Albaida c\u00f3mo para el resto de comarcas, Altur ha explicado que \u201cel 34% se concede por el valor marginal, o lo que es lo mismo la mera existencia como municipio, el 30% en funci\u00f3n de la poblaci\u00f3n, el 10% seg\u00fan la superficie y otro tanto en funci\u00f3n del n\u00famero de parados registrado, y otros par\u00e1metros como el coste de los servicios, la existencia de n\u00facleos hist\u00f3ricos o la adhesi\u00f3n al Pacto de Alcald\u00edas, que mide la implicaci\u00f3n de cada municipio con el medio ambiente\u201d.<\/p>\n<p style=\"text-align: justify;\"><strong>M\u00e1s de 140 millones de euros<\/strong><\/p>\n<p style=\"text-align: justify;\">Con este nuevo IFS, que se prolongar\u00e1 hasta el final de la legislatura, la Diputaci\u00f3n ha invertido en las comarcas valencianas 140 millones de euros desde 2015, en el marco de un plan que ha sido valorado con un 9,1 sobre 10 por los alcaldes y alcaldesas, en la encuesta recientemente publicada por la corporaci\u00f3n.<\/p>\n<p style=\"text-align: justify;\">Los 266 municipios de la provincia recibir\u00e1n fondo de este programa, que destina 33 millones de euros a los 261 municipios de menos de 50.000 habitantes y 2 millones de euros a los cuatro municipios de m\u00e1s de 50.000 y los pueblos de Valencia ciudad, que antes se conoc\u00edan como pedan\u00edas.<\/p>\n<p><strong>\u00a0<\/strong><\/p>\n","protected":false},"excerpt":{"rendered":"<p>La inversi\u00f3n se enmarca dentro del cuarto plan de Inversiones Financieramente Sostenibles (IFS), con 35 millones de euros de dotaci\u00f3n, que se traducir\u00e1n en mejoras en espacios p\u00fablicos que decidir\u00e1n los ayuntamientos. Jorge Rodr\u00edguez: \u201cDesde el primer momento tuvimos claro que el super\u00e1vit ten\u00eda que destinarse a las personas antes de acabar en los bancos. [&hellip;]<\/p>\n","protected":false},"author":1,"featured_media":0,"comment_status":"closed","ping_status":"open","sticky":false,"template":"","format":"standard","meta":{"_monsterinsights_skip_tracking":false,"_monsterinsights_sitenote_active":false,"_monsterinsights_sitenote_note":"","_monsterinsights_sitenote_category":0},"categories":[171,12],"tags":[],"_links":{"self":[{"href":"http:\/\/www.portaldelolleria.es\/index.php?rest_route=\/wp\/v2\/posts\/20922"}],"collection":[{"href":"http:\/\/www.portaldelolleria.es\/index.php?rest_route=\/wp\/v2\/posts"}],"about":[{"href":"http:\/\/www.portaldelolleria.es\/index.php?rest_route=\/wp\/v2\/types\/post"}],"author":[{"embeddable":true,"href":"http:\/\/www.portaldelolleria.es\/index.php?rest_route=\/wp\/v2\/users\/1"}],"replies":[{"embeddable":true,"href":"http:\/\/www.portaldelolleria.es\/index.php?rest_route=%2Fwp%2Fv2%2Fcomments&post=20922"}],"version-history":[{"count":3,"href":"http:\/\/www.portaldelolleria.es\/index.php?rest_route=\/wp\/v2\/posts\/20922\/revisions"}],"predecessor-version":[{"id":20926,"href":"http:\/\/www.portaldelolleria.es\/index.php?rest_route=\/wp\/v2\/posts\/20922\/revisions\/20926"}],"wp:attachment":[{"href":"http:\/\/www.portaldelolleria.es\/index.php?rest_route=%2Fwp%2Fv2%2Fmedia&parent=20922"}],"wp:term":[{"taxonomy":"category","embeddable":true,"href":"http:\/\/www.portaldelolleria.es\/index.php?rest_route=%2Fwp%2Fv2%2Fcategories&post=20922"},{"taxonomy":"post_tag","embeddable":true,"href":"http:\/\/www.portaldelolleria.es\/index.php?rest_route=%2Fwp%2Fv2%2Ftags&post=20922"}],"curies":[{"name":"wp","href":"https:\/\/api.w.org\/{rel}","templated":true}]}}