{"id":20991,"date":"2018-07-02T22:18:34","date_gmt":"2018-07-02T20:18:34","guid":{"rendered":"http:\/\/www.portaldelolleria.es\/?p=20991"},"modified":"2018-07-03T11:02:29","modified_gmt":"2018-07-03T09:02:29","slug":"la-asociacion-de-empresarios-se-reune-en-el-dia-del-emprendedor","status":"publish","type":"post","link":"http:\/\/www.portaldelolleria.es\/?p=20991","title":{"rendered":"La Asociaci\u00f3n de Empresarios se reune en el \u00abd\u00eda del emprendedor\u00bb"},"content":{"rendered":"<p><a href=\"http:\/\/www.portaldelolleria.es\/wp-content\/uploads\/2018\/07\/aemo_premis.jpg\"><img loading=\"lazy\" class=\"aligncenter size-full wp-image-20992\" title=\"aemo_premis\" src=\"http:\/\/www.portaldelolleria.es\/wp-content\/uploads\/2018\/07\/aemo_premis.jpg\" alt=\"\" width=\"598\" height=\"396\" srcset=\"http:\/\/www.portaldelolleria.es\/wp-content\/uploads\/2018\/07\/aemo_premis.jpg 598w, http:\/\/www.portaldelolleria.es\/wp-content\/uploads\/2018\/07\/aemo_premis-300x198.jpg 300w\" sizes=\"(max-width: 598px) 100vw, 598px\" \/><\/a><\/p>\n<p>&nbsp;<\/p>\n<p style=\"text-align: justify;\">La Asociaci\u00f3n de Empresarios de Olleria\u00a0 (AEMO) ha celebrado el pasado 29 de junio, el\u00a0 \u201cD\u00eda del Emprendedor\u201d, con objeto de reconocer los m\u00e9ritos y metas alcanzadas por empresarios pioneros de sus propias empresas. En esta edici\u00f3n, celebrada que ha vuelto a tener a la Casa Santoja como escenario y la participaci\u00f3n de cerca de un centenar de invitados. Los galardonados en este edici\u00f3n han sido:\u00a0 <strong>David Soucase por Dicomed,\u00a0 Rafael Vidal por Artesanias Cobaviplast y Josefa I. Pedro\u00a0 \u00abPepita\u00bb por Inde.<\/strong><\/p>\n<p style=\"text-align: justify;\">La AEmO, inicia una nueva etapa, con su presidente <strong>Vicente Momp\u00f3<\/strong> que se estrenaba en un acto oficial de la Asociaci\u00f3n. En su discurso inaugural,\u00a0 resalt\u00f3 la importancia de la incidencia que el funcionamiento de las grandes empresas ubicadas principalmente en el pol\u00edgono tienen sobre las empresas situadas en el pueblo.\u00a0 Hecho suficiente para que instituciones como el Ayuntamiento sigan apoyando\u00a0 la mejora de servicios en el pol\u00edgono.\u00a0\u00a0 Tambi\u00e9n hizo hincapi\u00e9 en una mayor apuesta por la formaci\u00f3n especializada, a nivel local, que empieza a ser una de las carencias actuales,\u00a0 que lleva a muchas empresas a contratar personal y servicios exteriores, desaprovechando el potencial que pod\u00edan ofrecer muchos jovenes de la localidad si tuvieran esa oportunidad formativa.\u00a0 La creaci\u00f3n de una web (<a href=\"http:\/\/www.aemolleria.es\" target=\"_blank\">www.aemolleria.es<\/a>) y establecer el <strong>Espai Ideo<\/strong> como punto referente de la asociaci\u00f3n para cursos, foros y reunines,\u00a0 son las primeras medidas tomadas por la nueva junta, con objeto de dar mayor capacidad acci\u00f3n a la Asociaci\u00f3n, adem\u00e1s de otras propuestas de las que se ir\u00e1 informando conforme vayan tomando forma.<\/p>\n<p style=\"text-align: justify;\">En cuanto a los premiados<\/p>\n<p style=\"text-align: justify;\">Premio al Emprendedor Joven:\u00a0 <strong>David Soucase Pardo\u00a0 (Dicomed)<\/strong><\/p>\n<p style=\"text-align: justify;\"><strong><\/strong><em>\u00abPara llevar adelante cualquier proyecto en la vida, es importante creer en \u00e9l, luchar, tener constancia y dedicaci\u00f3n y sobre todo rodearte de un buen equipo\u00bb.\u00a0 <\/em>Con esta frase tan expl\u00edcita, David Soucase daba a entender el concepto b\u00e1sico de su proyecto que adem\u00e1s conlleva la creaci\u00f3n de una marca \u00abLa P\u00f3cima\u00bb.<\/p>\n<p style=\"text-align: justify;\">Premio a Empresa Emprendedora:\u00a0<strong>\u00a0 Artesanias Cobaviplast, <\/strong>recoge el premio<strong>\u00a0 <strong>Rafael Vidal Such <\/strong><br \/>\n<\/strong><\/p>\n<p style=\"text-align: justify;\">Casi 50 a\u00f1os han pasado desde la fundaci\u00f3n de la empresa por tres socios a finales de 1968. Entre ellos su padre.\u00a0 Un peque\u00f1o repaso de sus inicios cuando se incorpor\u00f3 junto a su hermano al finalizar el bachillerato, que d\u00e1 idea de todas las dificultades que a lo largo del tiempo que han tenido que superar hasta acabar dando forma a una de las empresas m\u00e1s importantes de la localidad.<\/p>\n<p style=\"text-align: justify;\">Premio a la Trayectoria empresarial:\u00a0\u00a0<strong> Josefa Ines Pedro \u00abPepita\u00bb <\/strong>de la<strong> <strong>Empresa Inde<\/strong><\/strong><\/p>\n<p style=\"text-align: justify;\">Cuarenta y cuatro a\u00f1os de trabajo\u00a0 avalan a esta popular empresaria<strong> <\/strong>que comenz\u00f3 la andadura de la empresa en sociedad con su marido.\u00a0 Para ella crear una empresa es como criar a un hijo con el mismo esmero y dedicaci\u00f3n. Quiz\u00e1s sea esa una de las razones, por la que en vez de jubilarse, contin\u00faan al frente,\u00a0 con la misma intensidad de dedicaci\u00f3n que hace 44 a\u00f1os<strong>,<\/strong> pero con la tranquilidad de que una nueva generaci\u00f3n dar\u00e1 continuidad a todo el proyecto.<strong><br \/>\n<\/strong><\/p>\n<p><iframe loading=\"lazy\" src=\"https:\/\/www.youtube.com\/embed\/MqgYr3PImbQ?rel=0\" frameborder=\"0\" width=\"598\" height=\"336\"><\/iframe><\/p>\n<p><iframe loading=\"lazy\" src=\"https:\/\/www.youtube.com\/embed\/03KKyRphIVA\" frameborder=\"0\" width=\"598\" height=\"336\"><\/iframe><\/p>\n<p><iframe loading=\"lazy\" src=\"https:\/\/www.youtube.com\/embed\/MvVHkmqOcS0?rel=0\" frameborder=\"0\" width=\"598\" height=\"336\"><\/iframe><\/p>\n<p><iframe loading=\"lazy\" src=\"https:\/\/www.youtube.com\/embed\/ZxtZK7gzwGI\" frameborder=\"0\" width=\"598\" height=\"336\"><\/iframe><\/p>\n","protected":false},"excerpt":{"rendered":"<p>&nbsp; La Asociaci\u00f3n de Empresarios de Olleria\u00a0 (AEMO) ha celebrado el pasado 29 de junio, el\u00a0 \u201cD\u00eda del Emprendedor\u201d, con objeto de reconocer los m\u00e9ritos y metas alcanzadas por empresarios pioneros de sus propias empresas. En esta edici\u00f3n, celebrada que ha vuelto a tener a la Casa Santoja como escenario y la participaci\u00f3n de cerca [&hellip;]<\/p>\n","protected":false},"author":1,"featured_media":0,"comment_status":"closed","ping_status":"open","sticky":false,"template":"","format":"standard","meta":{"_monsterinsights_skip_tracking":false,"_monsterinsights_sitenote_active":false,"_monsterinsights_sitenote_note":"","_monsterinsights_sitenote_category":0},"categories":[171,12],"tags":[],"_links":{"self":[{"href":"http:\/\/www.portaldelolleria.es\/index.php?rest_route=\/wp\/v2\/posts\/20991"}],"collection":[{"href":"http:\/\/www.portaldelolleria.es\/index.php?rest_route=\/wp\/v2\/posts"}],"about":[{"href":"http:\/\/www.portaldelolleria.es\/index.php?rest_route=\/wp\/v2\/types\/post"}],"author":[{"embeddable":true,"href":"http:\/\/www.portaldelolleria.es\/index.php?rest_route=\/wp\/v2\/users\/1"}],"replies":[{"embeddable":true,"href":"http:\/\/www.portaldelolleria.es\/index.php?rest_route=%2Fwp%2Fv2%2Fcomments&post=20991"}],"version-history":[{"count":10,"href":"http:\/\/www.portaldelolleria.es\/index.php?rest_route=\/wp\/v2\/posts\/20991\/revisions"}],"predecessor-version":[{"id":21006,"href":"http:\/\/www.portaldelolleria.es\/index.php?rest_route=\/wp\/v2\/posts\/20991\/revisions\/21006"}],"wp:attachment":[{"href":"http:\/\/www.portaldelolleria.es\/index.php?rest_route=%2Fwp%2Fv2%2Fmedia&parent=20991"}],"wp:term":[{"taxonomy":"category","embeddable":true,"href":"http:\/\/www.portaldelolleria.es\/index.php?rest_route=%2Fwp%2Fv2%2Fcategories&post=20991"},{"taxonomy":"post_tag","embeddable":true,"href":"http:\/\/www.portaldelolleria.es\/index.php?rest_route=%2Fwp%2Fv2%2Ftags&post=20991"}],"curies":[{"name":"wp","href":"https:\/\/api.w.org\/{rel}","templated":true}]}}