{"id":21035,"date":"2018-07-05T19:44:37","date_gmt":"2018-07-05T17:44:37","guid":{"rendered":"http:\/\/www.portaldelolleria.es\/?p=21035"},"modified":"2018-07-05T19:47:01","modified_gmt":"2018-07-05T17:47:01","slug":"nits-destiu-andreu-valor","status":"publish","type":"post","link":"http:\/\/www.portaldelolleria.es\/?p=21035","title":{"rendered":"Nits d&#8217;estiu: Andreu Valor"},"content":{"rendered":"<p><a href=\"http:\/\/www.portaldelolleria.es\/wp-content\/uploads\/2018\/07\/andreu_valor.jpg\"><img loading=\"lazy\" class=\"aligncenter size-full wp-image-21037\" title=\"andreu_valor\" src=\"http:\/\/www.portaldelolleria.es\/wp-content\/uploads\/2018\/07\/andreu_valor.jpg\" alt=\"\" width=\"598\" height=\"399\" srcset=\"http:\/\/www.portaldelolleria.es\/wp-content\/uploads\/2018\/07\/andreu_valor.jpg 598w, http:\/\/www.portaldelolleria.es\/wp-content\/uploads\/2018\/07\/andreu_valor-300x200.jpg 300w\" sizes=\"(max-width: 598px) 100vw, 598px\" \/><\/a><\/p>\n<p style=\"text-align: justify;\"><strong>Nits d&#8217;estiu:\u00a0 Andreu Valor en concierto, \u00abpoemitza&#8217;t\u00bb.\u00a0\u00a0\u00a0 Casa Santona, s\u00e1bado 7 de julio, 23h.<\/strong><\/p>\n<p style=\"text-align: justify;\">Andreu Valor vuelve una vez m\u00e1s a l&#8217;Olleria, en esta ocasi\u00f3n para presentar su nuevo disco \u00abpoemitza&#8217;t\u00bb.\u00a0 El cantautor de Cocentaina nos ofrece en esta ocasi\u00f3n\u00a0 un nuevo disco con quince canciones nuevas basadas en quince poemas, de autores diversos,\u00a0 tanto cl\u00e1sicos como comtenpor\u00e1neos.<br \/>\nEl deseo del autor es seguir vinculado hacia las reflexiones sobre la vida y la sociedad que\u00a0 la habita, con la fragilidad del lenguaje a trav\u00e9s de la poes\u00eda, tratando de comunicar la mejor esencia de la libertad en la convivencia y del derecho a la dignidad individual y colectiva. Defender una moralidad que no se desvincule de la humanidad.<\/p>\n<p style=\"text-align: justify;\">___________________<\/p>\n<p style=\"text-align: justify;\"><strong><span style=\"color: #800000;\">Nits d&#8217;estiu: Andreu Valor en concert, \u00abpoemitza&#8217;t\u00bb. Casa Santona, dissabte 7 de juliol, 23h.<\/span><\/strong><\/p>\n<p style=\"text-align: justify;\"><span style=\"color: #800000;\">Andreu Valor torna una vegada m\u00e9s a l&#8217;Olleria, en aquesta ocasi\u00f3 per presentar el seu nou disc \u00abpoemitza&#8217;t\u00bb. El cantautor de Cocentaina ens ofereix en aquesta ocasi\u00f3 un nou disc amb quinze can\u00e7ons noves basades en quinze poemes, d&#8217;autors diversos, tant cl\u00e0ssics com comtenpor\u00e1neos.<\/span><br \/>\n<span style=\"color: #800000;\">El desig de l&#8217;autor \u00e9s seguir vinculat cap a les reflexions sobre la vida i la societat que l&#8217;habita, amb la fragilitat del llenguatge a trav\u00e9s de la poesia, tractant de comunicar la millor ess\u00e8ncia de la llibertat en la conviv\u00e8ncia i del dret a la dignitat individual i col\u00b7lectiva. Defensar una moralitat que no es desvinculi de la humanitat.<\/span><\/p>\n<p style=\"text-align: justify;\">\n<div><strong>POEMITZA&#8217;T<\/strong><\/div>\n<div>1.- Lo Nassaiol. Xu Antoni<\/div>\n<div>2.- Tremolaran els arbres<\/div>\n<div>3.- La festa de la sal<\/div>\n<div>4.- Temps d&#8217;esfor\u00e7<\/div>\n<div>5.- En el reguitzell<\/div>\n<div>6.- Adeu a illa<\/div>\n<div>7.- Cendra viva [amb Neus Ferri]<\/div>\n<div>8.- Fragments d&#8217;un retaule<\/div>\n<div>9.- L&#8217;illa<\/div>\n<div>10.- Homenatge als incompresos<\/div>\n<div>11.- Lluny de tu<\/div>\n<div>12.- Sonet<\/div>\n<div>13.- Remor exclusiva<\/div>\n<div>14.- El contrari de res<\/div>\n<div>15.- Ni tan sols tu [amb Marga Gonz\u00e1lez]<\/div>\n<div><a href=\"http:\/\/www.portaldelolleria.es\/wp-content\/uploads\/2018\/07\/andreu_valor2.jpg\"><img loading=\"lazy\" class=\"aligncenter size-full wp-image-21036\" title=\"andreu_valor2\" src=\"http:\/\/www.portaldelolleria.es\/wp-content\/uploads\/2018\/07\/andreu_valor2.jpg\" alt=\"\" width=\"500\" height=\"732\" srcset=\"http:\/\/www.portaldelolleria.es\/wp-content\/uploads\/2018\/07\/andreu_valor2.jpg 500w, http:\/\/www.portaldelolleria.es\/wp-content\/uploads\/2018\/07\/andreu_valor2-204x300.jpg 204w\" sizes=\"(max-width: 500px) 100vw, 500px\" \/><\/a><\/div>\n","protected":false},"excerpt":{"rendered":"<p>Nits d&#8217;estiu:\u00a0 Andreu Valor en concierto, \u00abpoemitza&#8217;t\u00bb.\u00a0\u00a0\u00a0 Casa Santona, s\u00e1bado 7 de julio, 23h. Andreu Valor vuelve una vez m\u00e1s a l&#8217;Olleria, en esta ocasi\u00f3n para presentar su nuevo disco \u00abpoemitza&#8217;t\u00bb.\u00a0 El cantautor de Cocentaina nos ofrece en esta ocasi\u00f3n\u00a0 un nuevo disco con quince canciones nuevas basadas en quince poemas, de autores diversos,\u00a0 tanto [&hellip;]<\/p>\n","protected":false},"author":1,"featured_media":0,"comment_status":"closed","ping_status":"open","sticky":false,"template":"","format":"standard","meta":{"_monsterinsights_skip_tracking":false,"_monsterinsights_sitenote_active":false,"_monsterinsights_sitenote_note":"","_monsterinsights_sitenote_category":0},"categories":[15,12],"tags":[],"_links":{"self":[{"href":"http:\/\/www.portaldelolleria.es\/index.php?rest_route=\/wp\/v2\/posts\/21035"}],"collection":[{"href":"http:\/\/www.portaldelolleria.es\/index.php?rest_route=\/wp\/v2\/posts"}],"about":[{"href":"http:\/\/www.portaldelolleria.es\/index.php?rest_route=\/wp\/v2\/types\/post"}],"author":[{"embeddable":true,"href":"http:\/\/www.portaldelolleria.es\/index.php?rest_route=\/wp\/v2\/users\/1"}],"replies":[{"embeddable":true,"href":"http:\/\/www.portaldelolleria.es\/index.php?rest_route=%2Fwp%2Fv2%2Fcomments&post=21035"}],"version-history":[{"count":3,"href":"http:\/\/www.portaldelolleria.es\/index.php?rest_route=\/wp\/v2\/posts\/21035\/revisions"}],"predecessor-version":[{"id":21040,"href":"http:\/\/www.portaldelolleria.es\/index.php?rest_route=\/wp\/v2\/posts\/21035\/revisions\/21040"}],"wp:attachment":[{"href":"http:\/\/www.portaldelolleria.es\/index.php?rest_route=%2Fwp%2Fv2%2Fmedia&parent=21035"}],"wp:term":[{"taxonomy":"category","embeddable":true,"href":"http:\/\/www.portaldelolleria.es\/index.php?rest_route=%2Fwp%2Fv2%2Fcategories&post=21035"},{"taxonomy":"post_tag","embeddable":true,"href":"http:\/\/www.portaldelolleria.es\/index.php?rest_route=%2Fwp%2Fv2%2Ftags&post=21035"}],"curies":[{"name":"wp","href":"https:\/\/api.w.org\/{rel}","templated":true}]}}