{"id":21078,"date":"2018-07-10T10:57:21","date_gmt":"2018-07-10T08:57:21","guid":{"rendered":"http:\/\/www.portaldelolleria.es\/?p=21078"},"modified":"2018-07-10T10:57:21","modified_gmt":"2018-07-10T08:57:21","slug":"nits-destiu-concierto-jonatan-penalba","status":"publish","type":"post","link":"http:\/\/www.portaldelolleria.es\/?p=21078","title":{"rendered":"Nits d&#8217;estiu:  Concierto Jonatan Penalba"},"content":{"rendered":"<p><a href=\"http:\/\/www.portaldelolleria.es\/wp-content\/uploads\/2018\/07\/jonathan.jpg\"><img loading=\"lazy\" class=\"aligncenter size-full wp-image-21080\" title=\"jonathan\" src=\"http:\/\/www.portaldelolleria.es\/wp-content\/uploads\/2018\/07\/jonathan.jpg\" alt=\"\" width=\"598\" height=\"396\" srcset=\"http:\/\/www.portaldelolleria.es\/wp-content\/uploads\/2018\/07\/jonathan.jpg 598w, http:\/\/www.portaldelolleria.es\/wp-content\/uploads\/2018\/07\/jonathan-300x198.jpg 300w\" sizes=\"(max-width: 598px) 100vw, 598px\" \/><\/a><\/p>\n<p style=\"text-align: justify;\">\u00a0Nits d&#8217;Estiu. Concierto\u00a0<strong> Jonatan Penalba<\/strong>. Viernes 13 de julio 23 h,\u00a0\u00a0 Casa Santonja<\/p>\n<p style=\"text-align: justify;\">\u00a0Nacido en 1991 en Alcudia (en la comarca valenciana de la Ribera Alta), este joven y precoz \u00abcantaor\u00bb (a los 5 a\u00f1os ya cantaba albaes) entr\u00f3 a formar parte del Grupo de Bailes Populares Les Folies de Carcaixent antes de cumplir los 18 a\u00f1os. Con esta formaci\u00f3n ha actuado en diversos festivales en Segovia, Salamanca, Ciudad Real, Albacete, Mallorca, infinidad de pueblos y ciudades valencianas (destacar, por ejemplo, actuaciones en el Gran Teatro de X\u00e0tiva y el Gran Teatro de Alzira), y en la ciudad de Valencia, en lugares como las Atarazanas, el Teatro Principal, el Palau de la M\u00fasica, el Museo de Etnolog\u00eda o la Plaza del Ayuntamiento.<\/p>\n<p>Su voz (alguien dijo \u00abcanta como los viejos\u00bb) ha sido educada por sus queridos maestros: Pep Moreno (en el caso de las albaes) y la gran Victoria Sousa \u00abVictorieta\u00bb (con respecto al canto de estilo) .<\/p>\n<p>Poco a poco Jonatan Penalba ha ido introduci\u00e9ndose tambi\u00e9n en el mundo del folk (el folk y el mundo de los grupos de danzas hace d\u00e9cadas que son vasos comunicantes) y son recordadas sus participaciones en el \u00abCanto al ras\u00bb (encuentro de canto rural que se celebra en Massalfassar el tercer s\u00e1bado de mayo desde el a\u00f1o 1997) y sus apariciones en conciertos de Pep Gimeno \u00abBotifarra\u00bb, que ha convertido en una especie de padrino art\u00edstico.<\/p>\n<p>Destacar tambi\u00e9n que hasta el a\u00f1o 2017 fue mebre integrante del espect\u00e1culo \u00abVoces populares\u00bb, acompa\u00f1ando a cantaores Hilario Alonso, Xavi de B\u00e9tera y Pep Gimeno \u00abBotifarra\u00bb.<\/p>\n<p>___________________<\/p>\n<p><span style=\"color: #800000;\">Nits d&#8217;Estiu. Concert <strong>Jonatan Penalba<\/strong>. Divendres 13 de juliol 23 h, Casa Santonja<\/span><\/p>\n<p style=\"text-align: justify;\"><span style=\"color: #800000;\">Nascut l\u2019any 1991 a l\u2019Alc\u00fadia (en la comarca valenciana de la Ribera Alta), aquest jove i preco\u00e7 \u201ccantaor\u201d (als 5 anys ja cantava albaes) entr\u00e0 a formar part del Grup de Balls Populars Les Folies de Carcaixent abans de complir els 18 anys. Amb aquesta formaci\u00f3 ha actuat en diversos festivals a Seg\u00f2via, Salamanca, Ciudad Real, Albacete, Mallorca, infinitat de pobles i ciutats valencianes (destacar, per exemple, actuacions al Gran Teatre de X\u00e0tiva i al Gran Teatre d\u2019Alzira), i a la ciutat de Val\u00e8ncia, a llocs com les Drassanes, el Teatre Principal, el Palau de la M\u00fasica, el Museu d\u2019Etnologia o la Pla\u00e7a de l\u2019Ajuntament.<\/span><\/p>\n<p style=\"text-align: justify;\"><span style=\"color: #800000;\">La seua veu (alg\u00fa ha dit \u201ccanta com els vells\u201d) ha estat educada pels seus estimats mestres: Pep Moreno (en el cas de les albaes) i la gran Victoria Sousa \u201cVictorieta\u201d (pel que fa al cant d\u2019estil).<\/span><\/p>\n<p style=\"text-align: justify;\"><span style=\"color: #800000;\">Poc a poc Jonatan Penalba ha anat introduint-se tamb\u00e9 en el m\u00f3n del folk (el folk i el m\u00f3n dels grups de danses fa d\u00e8cades que s\u00f3n vasos comunicants) i s\u00f3n recordades les seues participacions en el \u201cCant al ras\u201d (trobada de cant rural que se celebra a Massalfassar el tercer dissabte de maig des de l\u2019any 1997) i les seues aparicions en concerts de Pep Gimeno \u201cBotifarra\u201d, que ha esdevingut una mena de padr\u00ed art\u00edstic.<\/span><\/p>\n<p style=\"text-align: justify;\"><span style=\"color: #800000;\">Destacar tamb\u00e9 que fins l\u2019any 2017 fou mebre integrant de l\u2019espectacle \u201cVeus populars\u201d, acompanyant als cantaors Hilari Alonso, Xavi de B\u00e9tera i Pep Gimeno \u201cBotifarra\u201d.<\/span><\/p>\n<p><iframe loading=\"lazy\" src=\"https:\/\/www.youtube.com\/embed\/0tWK9JmSFug?rel=0\" frameborder=\"0\" width=\"560\" height=\"315\"><\/iframe><br \/>\n<a href=\"http:\/\/www.portaldelolleria.es\/wp-content\/uploads\/2018\/07\/jonathan2.jpg\"><img loading=\"lazy\" class=\"aligncenter size-full wp-image-21079\" title=\"jonathan2\" src=\"http:\/\/www.portaldelolleria.es\/wp-content\/uploads\/2018\/07\/jonathan2.jpg\" alt=\"\" width=\"500\" height=\"732\" srcset=\"http:\/\/www.portaldelolleria.es\/wp-content\/uploads\/2018\/07\/jonathan2.jpg 500w, http:\/\/www.portaldelolleria.es\/wp-content\/uploads\/2018\/07\/jonathan2-204x300.jpg 204w\" sizes=\"(max-width: 500px) 100vw, 500px\" \/><\/a><\/p>\n","protected":false},"excerpt":{"rendered":"<p>\u00a0Nits d&#8217;Estiu. Concierto\u00a0 Jonatan Penalba. Viernes 13 de julio 23 h,\u00a0\u00a0 Casa Santonja \u00a0Nacido en 1991 en Alcudia (en la comarca valenciana de la Ribera Alta), este joven y precoz \u00abcantaor\u00bb (a los 5 a\u00f1os ya cantaba albaes) entr\u00f3 a formar parte del Grupo de Bailes Populares Les Folies de Carcaixent antes de cumplir los [&hellip;]<\/p>\n","protected":false},"author":1,"featured_media":0,"comment_status":"closed","ping_status":"open","sticky":false,"template":"","format":"standard","meta":{"_monsterinsights_skip_tracking":false,"_monsterinsights_sitenote_active":false,"_monsterinsights_sitenote_note":"","_monsterinsights_sitenote_category":0},"categories":[15,12],"tags":[],"_links":{"self":[{"href":"http:\/\/www.portaldelolleria.es\/index.php?rest_route=\/wp\/v2\/posts\/21078"}],"collection":[{"href":"http:\/\/www.portaldelolleria.es\/index.php?rest_route=\/wp\/v2\/posts"}],"about":[{"href":"http:\/\/www.portaldelolleria.es\/index.php?rest_route=\/wp\/v2\/types\/post"}],"author":[{"embeddable":true,"href":"http:\/\/www.portaldelolleria.es\/index.php?rest_route=\/wp\/v2\/users\/1"}],"replies":[{"embeddable":true,"href":"http:\/\/www.portaldelolleria.es\/index.php?rest_route=%2Fwp%2Fv2%2Fcomments&post=21078"}],"version-history":[{"count":1,"href":"http:\/\/www.portaldelolleria.es\/index.php?rest_route=\/wp\/v2\/posts\/21078\/revisions"}],"predecessor-version":[{"id":21081,"href":"http:\/\/www.portaldelolleria.es\/index.php?rest_route=\/wp\/v2\/posts\/21078\/revisions\/21081"}],"wp:attachment":[{"href":"http:\/\/www.portaldelolleria.es\/index.php?rest_route=%2Fwp%2Fv2%2Fmedia&parent=21078"}],"wp:term":[{"taxonomy":"category","embeddable":true,"href":"http:\/\/www.portaldelolleria.es\/index.php?rest_route=%2Fwp%2Fv2%2Fcategories&post=21078"},{"taxonomy":"post_tag","embeddable":true,"href":"http:\/\/www.portaldelolleria.es\/index.php?rest_route=%2Fwp%2Fv2%2Ftags&post=21078"}],"curies":[{"name":"wp","href":"https:\/\/api.w.org\/{rel}","templated":true}]}}