{"id":2112,"date":"2013-01-18T03:24:48","date_gmt":"2013-01-18T02:24:48","guid":{"rendered":"http:\/\/www.portaldelolleria.es\/?p=2112"},"modified":"2013-01-18T14:33:18","modified_gmt":"2013-01-18T13:33:18","slug":"l%e2%80%99olleria-acoge-este-fin-de-semana-un-curso-de-intervencion-y-atencion-sanitaria-en-catastrofes","status":"publish","type":"post","link":"http:\/\/www.portaldelolleria.es\/?p=2112","title":{"rendered":"L\u2019Olleria acoge este fin de semana un curso de intervenci\u00f3n y atenci\u00f3n sanitaria en cat\u00e1strofes"},"content":{"rendered":"<p><a href=\"http:\/\/www.portaldelolleria.es\/wp-content\/uploads\/2013\/01\/proteccion-civil.jpg\"><img loading=\"lazy\" class=\"aligncenter size-full wp-image-2114\" title=\"proteccion civil\" src=\"http:\/\/www.portaldelolleria.es\/wp-content\/uploads\/2013\/01\/proteccion-civil.jpg\" alt=\"\" width=\"598\" height=\"398\" srcset=\"http:\/\/www.portaldelolleria.es\/wp-content\/uploads\/2013\/01\/proteccion-civil.jpg 598w, http:\/\/www.portaldelolleria.es\/wp-content\/uploads\/2013\/01\/proteccion-civil-300x199.jpg 300w\" sizes=\"(max-width: 598px) 100vw, 598px\" \/><\/a><\/p>\n<p>&nbsp;<\/p>\n<p>L\u2019Olleria acoge este s\u00e1bado 19 de enero un curso de intervenci\u00f3n y atenci\u00f3n sanitaria en cat\u00e1strofes organizado por los voluntarios de Protecci\u00f3n Civil junto con la colaboraci\u00f3n del Ayuntamiento a trav\u00e9s del \u00e1rea de Seguridad Ciudadana.<\/p>\n<p>Luis Miguel S\u00e1nchez, coordinador jefe de Protecci\u00f3n Civil de L\u2019Olleria ha explicado que \u201cse han matriculado para realizar este curso 45 personas provenientes de varios puntos de Espa\u00f1a por lo que estamos muy satisfechos con el inter\u00e9s que ha despertado esta iniciativa\u201d a\u00f1adiendo que \u201cel curso es de 6 horas presenciales y ser\u00e1 impartido por Ad\u00e1n Javier Lara S\u00e1nchez\u201d.<\/p>\n<p>Por otro lado, ha destacado que \u201clos asistentes no han pagado la matr\u00edcula con dinero sino con un kilo de alimentos no perecederos que ser\u00e1n entregados en la clausura del curso a la concejala de Bienestar Social del Ayuntamiento de L\u2019Olleria \u201c, una iniciativa solidaria que han destacado y agradecido tanto el alcalde y concejal de Seguridad Ciudadana, Jos\u00e9 Vidal, como Gema Borr\u00e1s, concejala al frente del \u00e1rea de Bienestar Social.<\/p>\n<p>Por su parte, Vidal ha felicitado a los miembros de Protecci\u00f3n Civil \u201cpor la organizaci\u00f3n de este curso as\u00ed como por la labor de colaboraci\u00f3n con la Polic\u00eda Local que est\u00e1n desempe\u00f1ando en la localidad\u201d.<\/p>\n<p>Por \u00faltimo, la entrega de diplomas y clausura ser\u00e1 a las 7 de la tarde y contar\u00e1 con la presencia del alcalde y la concejala de Bienestar Social.<\/p>\n","protected":false},"excerpt":{"rendered":"<p>&nbsp; L\u2019Olleria acoge este s\u00e1bado 19 de enero un curso de intervenci\u00f3n y atenci\u00f3n sanitaria en cat\u00e1strofes organizado por los voluntarios de Protecci\u00f3n Civil junto con la colaboraci\u00f3n del Ayuntamiento a trav\u00e9s del \u00e1rea de Seguridad Ciudadana. Luis Miguel S\u00e1nchez, coordinador jefe de Protecci\u00f3n Civil de L\u2019Olleria ha explicado que \u201cse han matriculado para realizar [&hellip;]<\/p>\n","protected":false},"author":2,"featured_media":0,"comment_status":"closed","ping_status":"open","sticky":false,"template":"","format":"standard","meta":{"_monsterinsights_skip_tracking":false,"_monsterinsights_sitenote_active":false,"_monsterinsights_sitenote_note":"","_monsterinsights_sitenote_category":0},"categories":[11,12],"tags":[88,20,523],"_links":{"self":[{"href":"http:\/\/www.portaldelolleria.es\/index.php?rest_route=\/wp\/v2\/posts\/2112"}],"collection":[{"href":"http:\/\/www.portaldelolleria.es\/index.php?rest_route=\/wp\/v2\/posts"}],"about":[{"href":"http:\/\/www.portaldelolleria.es\/index.php?rest_route=\/wp\/v2\/types\/post"}],"author":[{"embeddable":true,"href":"http:\/\/www.portaldelolleria.es\/index.php?rest_route=\/wp\/v2\/users\/2"}],"replies":[{"embeddable":true,"href":"http:\/\/www.portaldelolleria.es\/index.php?rest_route=%2Fwp%2Fv2%2Fcomments&post=2112"}],"version-history":[{"count":3,"href":"http:\/\/www.portaldelolleria.es\/index.php?rest_route=\/wp\/v2\/posts\/2112\/revisions"}],"predecessor-version":[{"id":2117,"href":"http:\/\/www.portaldelolleria.es\/index.php?rest_route=\/wp\/v2\/posts\/2112\/revisions\/2117"}],"wp:attachment":[{"href":"http:\/\/www.portaldelolleria.es\/index.php?rest_route=%2Fwp%2Fv2%2Fmedia&parent=2112"}],"wp:term":[{"taxonomy":"category","embeddable":true,"href":"http:\/\/www.portaldelolleria.es\/index.php?rest_route=%2Fwp%2Fv2%2Fcategories&post=2112"},{"taxonomy":"post_tag","embeddable":true,"href":"http:\/\/www.portaldelolleria.es\/index.php?rest_route=%2Fwp%2Fv2%2Ftags&post=2112"}],"curies":[{"name":"wp","href":"https:\/\/api.w.org\/{rel}","templated":true}]}}