{"id":21208,"date":"2018-07-25T23:55:53","date_gmt":"2018-07-25T21:55:53","guid":{"rendered":"http:\/\/www.portaldelolleria.es\/?p=21208"},"modified":"2018-07-25T23:57:01","modified_gmt":"2018-07-25T21:57:01","slug":"nits-destiu-jazzmatics","status":"publish","type":"post","link":"http:\/\/www.portaldelolleria.es\/?p=21208","title":{"rendered":"Nits d&#8217;estiu:  Jazzm\u00e1tics"},"content":{"rendered":"<p><a href=\"http:\/\/www.portaldelolleria.es\/wp-content\/uploads\/2018\/07\/f9gtvpt3.jpg\"><img loading=\"lazy\" class=\"aligncenter size-full wp-image-21209\" title=\"f9gtvpt3\" src=\"http:\/\/www.portaldelolleria.es\/wp-content\/uploads\/2018\/07\/f9gtvpt3.jpg\" alt=\"\" width=\"598\" height=\"399\" srcset=\"http:\/\/www.portaldelolleria.es\/wp-content\/uploads\/2018\/07\/f9gtvpt3.jpg 598w, http:\/\/www.portaldelolleria.es\/wp-content\/uploads\/2018\/07\/f9gtvpt3-300x200.jpg 300w\" sizes=\"(max-width: 598px) 100vw, 598px\" \/><\/a><\/p>\n<p>&nbsp;<\/p>\n<p>&nbsp;<\/p>\n<p style=\"text-align: justify;\"><strong>Nits d&#8217;estiu,\u00a0 cierra sus actuaciones de la temporada con la actuaci\u00f3n de Jazzm\u00e1tics el pr\u00f3ximo s\u00e1bado 28 de julio a las 23h en el patio de la Casa Santonja.<\/strong><\/p>\n<p style=\"text-align: justify;\">La principal virtud de este grupo de Benissa (Alicante) , es la de versionar temas populares hasta convertirlos en excelentes temas de jazz.\u00a0 El cuarteto compuesto por <strong>Remei Giner<\/strong> (cantante),<strong> Santi Ferrer<\/strong> (trompeta), <strong>Pere Ortol\u00e1<\/strong> (piano) y <strong>Alfred Rosell\u00f3<\/strong> (contrabajo) se presenta por primera vez en l&#8217;Olleria, y no dejar\u00e1 indiferente a nadie, sea o no amante del buen jazz.<\/p>\n<p style=\"text-align: justify;\">__________________<\/p>\n<p style=\"text-align: justify;\"><span style=\"color: #800000;\">Nits d&#8217;estiu, tanca les seues actuacions de la temporada amb l&#8217;actuaci\u00f3 de Jazzm\u00e1tics el proper dissabte 28 de juliol a les 23h al pati de la Casa Santonja.<\/span><\/p>\n<p><span style=\"color: #800000;\">La principal virtut d&#8217;aquest grup de Benissa (Alacant), \u00e9s la de versionar temes populars fins convertir-los en excel\u00b7lents temes de jazz. El quartet compost per Remei Giner (cantant), Santi Ferrer (trompeta), Pere Ortol\u00e0 (piano) i Alfred Rosell\u00f3 (contrabaix) es presenta per primera vegada a l&#8217;Olleria, i no deixar\u00e0 indiferent a ning\u00fa, siga o no amant del bon jazz.<\/span><\/p>\n<p><iframe loading=\"lazy\" src=\"https:\/\/www.youtube.com\/embed\/G3YBtRmRPXM?rel=0\" frameborder=\"0\" width=\"598\" height=\"336\"><\/iframe><\/p>\n","protected":false},"excerpt":{"rendered":"<p>&nbsp; &nbsp; Nits d&#8217;estiu,\u00a0 cierra sus actuaciones de la temporada con la actuaci\u00f3n de Jazzm\u00e1tics el pr\u00f3ximo s\u00e1bado 28 de julio a las 23h en el patio de la Casa Santonja. La principal virtud de este grupo de Benissa (Alicante) , es la de versionar temas populares hasta convertirlos en excelentes temas de jazz.\u00a0 El [&hellip;]<\/p>\n","protected":false},"author":1,"featured_media":0,"comment_status":"closed","ping_status":"open","sticky":false,"template":"","format":"standard","meta":{"_monsterinsights_skip_tracking":false,"_monsterinsights_sitenote_active":false,"_monsterinsights_sitenote_note":"","_monsterinsights_sitenote_category":0},"categories":[15,12],"tags":[],"_links":{"self":[{"href":"http:\/\/www.portaldelolleria.es\/index.php?rest_route=\/wp\/v2\/posts\/21208"}],"collection":[{"href":"http:\/\/www.portaldelolleria.es\/index.php?rest_route=\/wp\/v2\/posts"}],"about":[{"href":"http:\/\/www.portaldelolleria.es\/index.php?rest_route=\/wp\/v2\/types\/post"}],"author":[{"embeddable":true,"href":"http:\/\/www.portaldelolleria.es\/index.php?rest_route=\/wp\/v2\/users\/1"}],"replies":[{"embeddable":true,"href":"http:\/\/www.portaldelolleria.es\/index.php?rest_route=%2Fwp%2Fv2%2Fcomments&post=21208"}],"version-history":[{"count":3,"href":"http:\/\/www.portaldelolleria.es\/index.php?rest_route=\/wp\/v2\/posts\/21208\/revisions"}],"predecessor-version":[{"id":21212,"href":"http:\/\/www.portaldelolleria.es\/index.php?rest_route=\/wp\/v2\/posts\/21208\/revisions\/21212"}],"wp:attachment":[{"href":"http:\/\/www.portaldelolleria.es\/index.php?rest_route=%2Fwp%2Fv2%2Fmedia&parent=21208"}],"wp:term":[{"taxonomy":"category","embeddable":true,"href":"http:\/\/www.portaldelolleria.es\/index.php?rest_route=%2Fwp%2Fv2%2Fcategories&post=21208"},{"taxonomy":"post_tag","embeddable":true,"href":"http:\/\/www.portaldelolleria.es\/index.php?rest_route=%2Fwp%2Fv2%2Ftags&post=21208"}],"curies":[{"name":"wp","href":"https:\/\/api.w.org\/{rel}","templated":true}]}}