{"id":21350,"date":"2018-09-07T14:25:07","date_gmt":"2018-09-07T12:25:07","guid":{"rendered":"http:\/\/www.portaldelolleria.es\/?p=21350"},"modified":"2018-09-07T21:26:26","modified_gmt":"2018-09-07T19:26:26","slug":"la-asociacion-de-empresarios-celebrara-una-jornada-sobre-accidentes-in-itinere","status":"publish","type":"post","link":"http:\/\/www.portaldelolleria.es\/?p=21350","title":{"rendered":"La Asociaci\u00f3n de Empresarios celebrar\u00e1 una jornada sobre accidentes \u00abin itinere\u00bb."},"content":{"rendered":"<p><img loading=\"lazy\" class=\"aligncenter size-full wp-image-21351\" title=\"aemo2\" src=\"http:\/\/www.portaldelolleria.es\/wp-content\/uploads\/2018\/09\/aemo2.jpg\" alt=\"\" width=\"598\" height=\"396\" srcset=\"http:\/\/www.portaldelolleria.es\/wp-content\/uploads\/2018\/09\/aemo2.jpg 598w, http:\/\/www.portaldelolleria.es\/wp-content\/uploads\/2018\/09\/aemo2-300x198.jpg 300w\" sizes=\"(max-width: 598px) 100vw, 598px\" \/><\/p>\n<p>&nbsp;<\/p>\n<p style=\"text-align: justify;\"><em><span style=\"color: #333333;\">AEmO, 7 de septiembre de 2018<\/span><\/em><\/p>\n<p style=\"text-align: justify;\"><strong>La Asociaci\u00f3n de Empresarios de L&#8217;Olleria (AEMO) en colaboraci\u00f3n con\u00a0ASEPEYO y el Ayuntamiento de L&#8217;Olleria,\u00a0realizar\u00e1 una jornada de concienciaci\u00f3n de los riesgos de la conducci\u00f3n en circunstancias adversas.<\/strong><\/p>\n<p style=\"text-align: justify;\">Se llevar\u00e1 a cabo el taller &lt;&lt;Prevenir el accidente &#8216;In Itinere&#8217;&gt;&gt; que tendr\u00e1 lugar el pr\u00f3ximo martes 11 de septiembre, en horario de 10h a 20h en la Casa Santonja de L&#8217;Olleria. Los asistentes podr\u00e1n experimentar en un simulador de conducci\u00f3n los efectos del alcohol, lluvia, velocidad&#8230;<\/p>\n<p style=\"text-align: justify;\">La mayor\u00eda de los trabajadores ejercen su profesi\u00f3n fuera de casa, eso implica desplazarse a diario m\u00ednimo dos veces al dia. Debemos\u00a0<strong>tomar conciencia del peligro<\/strong>\u00a0que esto supone y\u00a0<strong>poner toda nuestra atenci\u00f3n al volante<\/strong>\u00a0para prevenir los accidentes, por la seguridad de la gente que nos rodea y la nuestra propia.<\/p>\n<p>________________________________<\/p>\n<p>&nbsp;<\/p>\n<div>\n<div>\n<div>\n<p style=\"text-align: justify;\"><span style=\"color: #800000;\">L\u2019Associaci\u00f3 d\u2019Empresaris de l\u2019Olleria (AEMO) en col\u00b7laboraci\u00f3 amb ASEPEYO i l\u2019Ajuntament de l\u2019Olleria faran una jornada de conscienciaci\u00f3 dels riscs de la conducci\u00f3 en circumst\u00e0ncies adverses.<\/span><\/p>\n<p style=\"text-align: justify;\"><span style=\"color: #800000;\">Es portar\u00e0 a terme el taller\u00a0<strong>\u201cPrevindre l\u2019accident\u00a0<em>In itinere<\/em>\u201c<\/strong>\u00a0que tindr\u00e0 lloc el pr\u00f2xim dimarts 11 de setembre, en horari de 10 a 20h a la Casa Santonja de l\u2019Olleria. Els assistents podran experimentar en un simulador de conducci\u00f3 els efectes de l\u2019alcohol, pluja, velocitat\u2026<\/span><\/p>\n<p style=\"text-align: justify;\"><span style=\"color: #800000;\">La majoria dels treballadors fan la seua professi\u00f3 fora de casa, aix\u00f2 implica despla\u00e7ar-se a diari al m\u00ednim dos vegades al dia. Hem de\u00a0<strong>prendre consci\u00e8ncia del perill<\/strong>\u00a0que aix\u00f2 suposa i posar tota la nostra atenci\u00f3 al volant per previndre accidents, per la seguretat de la gent que ens envolta i la nostra pr\u00f2pia gent.<\/span><\/p>\n<p>&nbsp;<\/p>\n<\/div>\n<\/div>\n<\/div>\n<p><iframe loading=\"lazy\" src=\"https:\/\/www.youtube.com\/embed\/UCnJQfnCC3M?rel=0\" frameborder=\"0\" width=\"598\" height=\"336\"><\/iframe><\/p>\n<p><iframe loading=\"lazy\" src=\"https:\/\/www.youtube.com\/embed\/npky-EgKafA?rel=0\" frameborder=\"0\" width=\"598\" height=\"336\"><\/iframe><\/p>\n","protected":false},"excerpt":{"rendered":"<p>&nbsp; AEmO, 7 de septiembre de 2018 La Asociaci\u00f3n de Empresarios de L&#8217;Olleria (AEMO) en colaboraci\u00f3n con\u00a0ASEPEYO y el Ayuntamiento de L&#8217;Olleria,\u00a0realizar\u00e1 una jornada de concienciaci\u00f3n de los riesgos de la conducci\u00f3n en circunstancias adversas. Se llevar\u00e1 a cabo el taller &lt;&lt;Prevenir el accidente &#8216;In Itinere&#8217;&gt;&gt; que tendr\u00e1 lugar el pr\u00f3ximo martes 11 de septiembre, [&hellip;]<\/p>\n","protected":false},"author":1,"featured_media":0,"comment_status":"closed","ping_status":"open","sticky":false,"template":"","format":"standard","meta":{"_monsterinsights_skip_tracking":false,"_monsterinsights_sitenote_active":false,"_monsterinsights_sitenote_note":"","_monsterinsights_sitenote_category":0},"categories":[171,12],"tags":[],"_links":{"self":[{"href":"http:\/\/www.portaldelolleria.es\/index.php?rest_route=\/wp\/v2\/posts\/21350"}],"collection":[{"href":"http:\/\/www.portaldelolleria.es\/index.php?rest_route=\/wp\/v2\/posts"}],"about":[{"href":"http:\/\/www.portaldelolleria.es\/index.php?rest_route=\/wp\/v2\/types\/post"}],"author":[{"embeddable":true,"href":"http:\/\/www.portaldelolleria.es\/index.php?rest_route=\/wp\/v2\/users\/1"}],"replies":[{"embeddable":true,"href":"http:\/\/www.portaldelolleria.es\/index.php?rest_route=%2Fwp%2Fv2%2Fcomments&post=21350"}],"version-history":[{"count":2,"href":"http:\/\/www.portaldelolleria.es\/index.php?rest_route=\/wp\/v2\/posts\/21350\/revisions"}],"predecessor-version":[{"id":21355,"href":"http:\/\/www.portaldelolleria.es\/index.php?rest_route=\/wp\/v2\/posts\/21350\/revisions\/21355"}],"wp:attachment":[{"href":"http:\/\/www.portaldelolleria.es\/index.php?rest_route=%2Fwp%2Fv2%2Fmedia&parent=21350"}],"wp:term":[{"taxonomy":"category","embeddable":true,"href":"http:\/\/www.portaldelolleria.es\/index.php?rest_route=%2Fwp%2Fv2%2Fcategories&post=21350"},{"taxonomy":"post_tag","embeddable":true,"href":"http:\/\/www.portaldelolleria.es\/index.php?rest_route=%2Fwp%2Fv2%2Ftags&post=21350"}],"curies":[{"name":"wp","href":"https:\/\/api.w.org\/{rel}","templated":true}]}}