{"id":21439,"date":"2018-09-19T20:13:32","date_gmt":"2018-09-19T18:13:32","guid":{"rendered":"http:\/\/www.portaldelolleria.es\/?p=21439"},"modified":"2018-09-30T18:49:21","modified_gmt":"2018-09-30T16:49:21","slug":"l%e2%80%99olleria-inicia-las-obras-de-recuperacion-ambiental-del-paraje-%e2%80%98el-salido%e2%80%99-con-el-apoyo-de-la-diputacion","status":"publish","type":"post","link":"http:\/\/www.portaldelolleria.es\/?p=21439","title":{"rendered":"L\u2019Olleria inicia las obras de recuperaci\u00f3n ambiental del paraje \u2018El Salido\u2019 con el apoyo de la Diputaci\u00f3n"},"content":{"rendered":"<p style=\"text-align: justify;\"><a href=\"http:\/\/www.portaldelolleria.es\/wp-content\/uploads\/2018\/09\/El-Salido-1.jpg\"><img loading=\"lazy\" class=\"aligncenter size-full wp-image-21442\" title=\"El Salido 1\" src=\"http:\/\/www.portaldelolleria.es\/wp-content\/uploads\/2018\/09\/El-Salido-1.jpg\" alt=\"\" width=\"598\" height=\"389\" srcset=\"http:\/\/www.portaldelolleria.es\/wp-content\/uploads\/2018\/09\/El-Salido-1.jpg 598w, http:\/\/www.portaldelolleria.es\/wp-content\/uploads\/2018\/09\/El-Salido-1-300x195.jpg 300w\" sizes=\"(max-width: 598px) 100vw, 598px\" \/><\/a><\/p>\n<p style=\"text-align: justify;\"><span style=\"color: #888888;\"><em>Diputaci\u00f3n de Valencia, 19 de septiembre de 2018<\/em><\/span><\/p>\n<p style=\"text-align: justify;\"><strong>L\u2019Olleria inicia las obras de recuperaci\u00f3n ambiental del paraje \u2018El Salido\u2019 con el apoyo de la Diputaci\u00f3n<\/strong><\/p>\n<p style=\"text-align: justify;\"><strong>\u00a0<\/strong><\/p>\n<ul style=\"text-align: justify;\">\n<li><strong>El proyecto de restauraci\u00f3n y adecuaci\u00f3n de este espacio situado al pie de la Sierra Gorda incluye tambi\u00e9n el acondicionamiento de una Aula Natura para desarrollar actividades de educaci\u00f3n ambiental<\/strong><strong><\/strong><\/li>\n<li><strong>Josep Bort, diputado de Medio Ambiente: \u201cEste proyecto es un trabajo multe-disciplinar en el que han participado especialistas de distintas disciplinas para tratar de recuperar los antiguos paisajes de la zona\u201d<\/strong><strong><\/strong><\/li>\n<\/ul>\n<p style=\"text-align: justify;\"><strong>\u00a0<\/strong><\/p>\n<p style=\"text-align: justify;\">\u00a0El proyecto de recuperaci\u00f3n y restauraci\u00f3n ambiental del paraje natural \u2018El Salido\u2019, ubicado en el t\u00e9rmino municipal de l&#8217;Olleria, ha iniciado las obras que permitir\u00e1n la regeneraci\u00f3n del espacio y la creaci\u00f3n de una Aula Natura. Esta iniciativa forma parte del Programa de Recuperaci\u00f3n de Espacios Degradados, que desarrolla el \u00e1rea de Medio Ambiente de la Diputaci\u00f3 de Val\u00e8ncia, y se realizar\u00e1 en colaboraci\u00f3n con el ayuntamiento del municipio de la Vall d&#8217;Albaida.<\/p>\n<p style=\"text-align: justify;\">El diputado de Medio Ambiente, Josep Bort, ha visitado la zona para conocer el proyecto de regeneraci\u00f3n y ha explicado que \u201ceste proyecto prima la regeneraci\u00f3n ambiental y nos genera muy buenas expectativas, porque el paraje tiene una potencialidad medioambiental muy importante, y adem\u00e1s nos va a servir de estudio para ver c\u00f3mo podemos trabajar con especies nuevas, recuperar otras antiguas y ver c\u00f3mo podemos avanzar en la regeneraci\u00f3n de espacios y poder exportar la experiencia a otras zonas degradadas\u201d.<\/p>\n<p style=\"text-align: justify;\">Josep Bort ha resaltado, adem\u00e1s, que \u201cse trata de un trabajo multi-disciplinar en el que han participado especialistas de distintas disciplinas para tratar de recuperar los antiguos paisajes a trav\u00e9s de documentaci\u00f3n gr\u00e1fica de las zonas forestales, as\u00ed como del tratamiento etnogr\u00e1fico en la utilizaci\u00f3n de piedra seca y la recuperaci\u00f3n de caminos\u201d.<\/p>\n<p style=\"text-align: justify;\">Por su parte, el alcalde de l&#8217;Olleria, Juli\u00e0 Engo, ha expresado su satisfacci\u00f3n con el proyecto y ha indicado tambi\u00e9n que \u201ccon esta obra recuperaremos forestalmente la finca, para darle valor a\u00f1adido a la parcela y al edificio, y tambi\u00e9n ofreceremos un lugar a los vecinos y vecinas para fomentar la educaci\u00f3n ambiental y la sensibilizaci\u00f3n sobre el valor del entorno\u201d.<\/p>\n<p style=\"text-align: justify;\">As\u00ed mismo, la regidora de Medio Ambiente del municipio, Ruth Mart\u00ednez, ha subrayado que \u201cdespu\u00e9s de tanto tiempo hemos conseguido una intervenci\u00f3n importante en este entorno que nos permitir\u00e1 darle usos que principalmente ser\u00e1n de formaci\u00f3n y educaci\u00f3n ambiental que permitir\u00e1n aumentar las posibilidades econ\u00f3micas para poder explotarlo y al mismo tiempo poner en valor el recurso natural que constituye el paraje\u201d.<\/p>\n<p style=\"text-align: justify;\">La restauraci\u00f3n ambiental del paraje \u2018El Salido\u2019 tiene el objetivo de recuperar un espacio de propiedad municipal que se encuentra abandonado. Se trata de una zona que sirvi\u00f3 en el pasado como refugio para reba\u00f1os de cabras y ovejas y en la que se produjo un incendio forestal en 2005. Esto ha favorecido la desaparici\u00f3n de las especies clim\u00e1cicas y su sustituci\u00f3n por otras de pir\u00f3filas, adem\u00e1s de agravar el hundimiento de los antiguos bancales de piedra caracter\u00edsticos de la zona.<\/p>\n<p style=\"text-align: justify;\">Con las obras de recuperaci\u00f3n se realizar\u00e1n distintas actuaciones para condicionar y restaurar los accesos del espacio, y la recuperaci\u00f3n de los muros de piedra y otras construcciones etnogr\u00e1ficas existentes. As\u00ed mismo, el proyecto incluir\u00e1 tratamientos silv\u00edcolas de la zona, la limpieza del espacio y la plantaci\u00f3n de \u00e1rboles y arbustos aut\u00f3ctonos mediterr\u00e1neos para recuperar la cubierta vegetal.<\/p>\n<p style=\"text-align: justify;\">Para favorecer el uso de este paraje como espacio de recreo y potenciar su valor social y natural, con la regeneraci\u00f3n de El Salido tambi\u00e9n se instalar\u00e1 mobiliario r\u00fastico de piedra y madera, y se restaurar\u00e1 uno de los edificios y se condicionar\u00e1 como Aula Natura donde se desarrollar\u00e1n actividades de educaci\u00f3n ambiental.<\/p>\n<p style=\"text-align: justify;\">El proyecto se llevar\u00e1 a cabo con una inversi\u00f3n total de 91.500 euros, de los que la Diputaci\u00f3, a trav\u00e9s del Programa de Recuperaci\u00f3n de Espacios Degradados, aportar\u00e1 73.200 euros, el 80 % del total. El consistorio de l&#8217;Olleria sufragar\u00e1 el 20% restante con un total de 18.300 euros.<\/p>\n<p style=\"text-align: justify;\"><a href=\"http:\/\/www.portaldelolleria.es\/wp-content\/uploads\/2018\/09\/Bort-paratge-lOlleria-2.jpg\"><img loading=\"lazy\" class=\"aligncenter size-full wp-image-21441\" title=\"Bort paratge l'Olleria (2)\" src=\"http:\/\/www.portaldelolleria.es\/wp-content\/uploads\/2018\/09\/Bort-paratge-lOlleria-2.jpg\" alt=\"\" width=\"598\" height=\"400\" srcset=\"http:\/\/www.portaldelolleria.es\/wp-content\/uploads\/2018\/09\/Bort-paratge-lOlleria-2.jpg 598w, http:\/\/www.portaldelolleria.es\/wp-content\/uploads\/2018\/09\/Bort-paratge-lOlleria-2-300x200.jpg 300w\" sizes=\"(max-width: 598px) 100vw, 598px\" \/><\/a><\/p>\n<p style=\"text-align: justify;\"><a href=\"http:\/\/www.portaldelolleria.es\/wp-content\/uploads\/2018\/09\/El-salido-2-2.jpg\"><img loading=\"lazy\" class=\"aligncenter size-full wp-image-21440\" title=\"El salido 2 (2)\" src=\"http:\/\/www.portaldelolleria.es\/wp-content\/uploads\/2018\/09\/El-salido-2-2.jpg\" alt=\"\" width=\"598\" height=\"406\" srcset=\"http:\/\/www.portaldelolleria.es\/wp-content\/uploads\/2018\/09\/El-salido-2-2.jpg 598w, http:\/\/www.portaldelolleria.es\/wp-content\/uploads\/2018\/09\/El-salido-2-2-300x203.jpg 300w\" sizes=\"(max-width: 598px) 100vw, 598px\" \/><\/a><\/p>\n","protected":false},"excerpt":{"rendered":"<p>Diputaci\u00f3n de Valencia, 19 de septiembre de 2018 L\u2019Olleria inicia las obras de recuperaci\u00f3n ambiental del paraje \u2018El Salido\u2019 con el apoyo de la Diputaci\u00f3n \u00a0 El proyecto de restauraci\u00f3n y adecuaci\u00f3n de este espacio situado al pie de la Sierra Gorda incluye tambi\u00e9n el acondicionamiento de una Aula Natura para desarrollar actividades de educaci\u00f3n [&hellip;]<\/p>\n","protected":false},"author":1,"featured_media":0,"comment_status":"closed","ping_status":"open","sticky":false,"template":"","format":"standard","meta":{"_monsterinsights_skip_tracking":false,"_monsterinsights_sitenote_active":false,"_monsterinsights_sitenote_note":"","_monsterinsights_sitenote_category":0},"categories":[171,12],"tags":[],"_links":{"self":[{"href":"http:\/\/www.portaldelolleria.es\/index.php?rest_route=\/wp\/v2\/posts\/21439"}],"collection":[{"href":"http:\/\/www.portaldelolleria.es\/index.php?rest_route=\/wp\/v2\/posts"}],"about":[{"href":"http:\/\/www.portaldelolleria.es\/index.php?rest_route=\/wp\/v2\/types\/post"}],"author":[{"embeddable":true,"href":"http:\/\/www.portaldelolleria.es\/index.php?rest_route=\/wp\/v2\/users\/1"}],"replies":[{"embeddable":true,"href":"http:\/\/www.portaldelolleria.es\/index.php?rest_route=%2Fwp%2Fv2%2Fcomments&post=21439"}],"version-history":[{"count":4,"href":"http:\/\/www.portaldelolleria.es\/index.php?rest_route=\/wp\/v2\/posts\/21439\/revisions"}],"predecessor-version":[{"id":21510,"href":"http:\/\/www.portaldelolleria.es\/index.php?rest_route=\/wp\/v2\/posts\/21439\/revisions\/21510"}],"wp:attachment":[{"href":"http:\/\/www.portaldelolleria.es\/index.php?rest_route=%2Fwp%2Fv2%2Fmedia&parent=21439"}],"wp:term":[{"taxonomy":"category","embeddable":true,"href":"http:\/\/www.portaldelolleria.es\/index.php?rest_route=%2Fwp%2Fv2%2Fcategories&post=21439"},{"taxonomy":"post_tag","embeddable":true,"href":"http:\/\/www.portaldelolleria.es\/index.php?rest_route=%2Fwp%2Fv2%2Ftags&post=21439"}],"curies":[{"name":"wp","href":"https:\/\/api.w.org\/{rel}","templated":true}]}}