{"id":21445,"date":"2018-09-20T19:59:50","date_gmt":"2018-09-20T17:59:50","guid":{"rendered":"http:\/\/www.portaldelolleria.es\/?p=21445"},"modified":"2018-09-20T20:01:38","modified_gmt":"2018-09-20T18:01:38","slug":"coro-de-la-aem-la-nova-en-concierto","status":"publish","type":"post","link":"http:\/\/www.portaldelolleria.es\/?p=21445","title":{"rendered":"Coro de la AEM La Nova en concierto"},"content":{"rendered":"<p><a href=\"http:\/\/www.portaldelolleria.es\/wp-content\/uploads\/2018\/09\/cor_aem_la_nova1.jpg\"><img loading=\"lazy\" class=\"aligncenter size-full wp-image-21449\" title=\"cor_aem_la_nova\" src=\"http:\/\/www.portaldelolleria.es\/wp-content\/uploads\/2018\/09\/cor_aem_la_nova1.jpg\" alt=\"\" width=\"598\" height=\"396\" srcset=\"http:\/\/www.portaldelolleria.es\/wp-content\/uploads\/2018\/09\/cor_aem_la_nova1.jpg 598w, http:\/\/www.portaldelolleria.es\/wp-content\/uploads\/2018\/09\/cor_aem_la_nova1-300x198.jpg 300w\" sizes=\"(max-width: 598px) 100vw, 598px\" \/><\/a><\/p>\n<p>&nbsp;<\/p>\n<p style=\"text-align: justify;\"><strong>Concierto de M\u00fasica Coral<\/strong><\/p>\n<p style=\"text-align: justify;\">El Coro de la AEM La Nova, ofrecer\u00e1 un concierto el pr\u00f3ximo domingo 23 de septiembre a partir de las 19:30h en el cine Cervantes.\u00a0 El repertorio ser\u00e1 variado, ya que se interpretaran musicales, havaneras, pop y canciones de siempre.<\/p>\n<p style=\"text-align: justify;\">____________________<\/p>\n<p style=\"text-align: justify;\"><span style=\"color: #800000;\">El Cor de l&#8217;AEM La Nova, oferir\u00e0 un concert el proper diumenge 23 de setembre a partir de les 19: 30h al cinema Cervantes. El repertori ser\u00e0 variat, ja que s&#8217;interpretaran musicals, havaneres, pop i can\u00e7ons de sempre.<\/span><\/p>\n<p><a href=\"http:\/\/www.portaldelolleria.es\/wp-content\/uploads\/2018\/09\/cor_aem_la_nova2.jpg\"><img loading=\"lazy\" class=\"aligncenter size-full wp-image-21447\" title=\"cor_aem_la_nova2\" src=\"http:\/\/www.portaldelolleria.es\/wp-content\/uploads\/2018\/09\/cor_aem_la_nova2.jpg\" alt=\"\" width=\"500\" height=\"708\" srcset=\"http:\/\/www.portaldelolleria.es\/wp-content\/uploads\/2018\/09\/cor_aem_la_nova2.jpg 500w, http:\/\/www.portaldelolleria.es\/wp-content\/uploads\/2018\/09\/cor_aem_la_nova2-211x300.jpg 211w\" sizes=\"(max-width: 500px) 100vw, 500px\" \/><\/a><\/p>\n","protected":false},"excerpt":{"rendered":"<p>&nbsp; Concierto de M\u00fasica Coral El Coro de la AEM La Nova, ofrecer\u00e1 un concierto el pr\u00f3ximo domingo 23 de septiembre a partir de las 19:30h en el cine Cervantes.\u00a0 El repertorio ser\u00e1 variado, ya que se interpretaran musicales, havaneras, pop y canciones de siempre. ____________________ El Cor de l&#8217;AEM La Nova, oferir\u00e0 un concert [&hellip;]<\/p>\n","protected":false},"author":1,"featured_media":0,"comment_status":"closed","ping_status":"open","sticky":false,"template":"","format":"standard","meta":{"_monsterinsights_skip_tracking":false,"_monsterinsights_sitenote_active":false,"_monsterinsights_sitenote_note":"","_monsterinsights_sitenote_category":0},"categories":[16,12],"tags":[],"_links":{"self":[{"href":"http:\/\/www.portaldelolleria.es\/index.php?rest_route=\/wp\/v2\/posts\/21445"}],"collection":[{"href":"http:\/\/www.portaldelolleria.es\/index.php?rest_route=\/wp\/v2\/posts"}],"about":[{"href":"http:\/\/www.portaldelolleria.es\/index.php?rest_route=\/wp\/v2\/types\/post"}],"author":[{"embeddable":true,"href":"http:\/\/www.portaldelolleria.es\/index.php?rest_route=\/wp\/v2\/users\/1"}],"replies":[{"embeddable":true,"href":"http:\/\/www.portaldelolleria.es\/index.php?rest_route=%2Fwp%2Fv2%2Fcomments&post=21445"}],"version-history":[{"count":3,"href":"http:\/\/www.portaldelolleria.es\/index.php?rest_route=\/wp\/v2\/posts\/21445\/revisions"}],"predecessor-version":[{"id":21452,"href":"http:\/\/www.portaldelolleria.es\/index.php?rest_route=\/wp\/v2\/posts\/21445\/revisions\/21452"}],"wp:attachment":[{"href":"http:\/\/www.portaldelolleria.es\/index.php?rest_route=%2Fwp%2Fv2%2Fmedia&parent=21445"}],"wp:term":[{"taxonomy":"category","embeddable":true,"href":"http:\/\/www.portaldelolleria.es\/index.php?rest_route=%2Fwp%2Fv2%2Fcategories&post=21445"},{"taxonomy":"post_tag","embeddable":true,"href":"http:\/\/www.portaldelolleria.es\/index.php?rest_route=%2Fwp%2Fv2%2Ftags&post=21445"}],"curies":[{"name":"wp","href":"https:\/\/api.w.org\/{rel}","templated":true}]}}