{"id":21527,"date":"2018-10-08T10:27:36","date_gmt":"2018-10-08T08:27:36","guid":{"rendered":"http:\/\/www.portaldelolleria.es\/?p=21527"},"modified":"2018-10-08T11:27:57","modified_gmt":"2018-10-08T09:27:57","slug":"lassociacio-adiem-presenta-no-a-lestigma-en-el-cine-goya","status":"publish","type":"post","link":"http:\/\/www.portaldelolleria.es\/?p=21527","title":{"rendered":"L&#8217;Associaci\u00f3 ADIEM presenta \u00abno a l&#8217;estigma\u00bb en el Cine Goya"},"content":{"rendered":"<p style=\"text-align: justify;\"><a href=\"http:\/\/www.portaldelolleria.es\/wp-content\/uploads\/2018\/10\/adiem2.jpg\"><img loading=\"lazy\" class=\"aligncenter size-full wp-image-21529\" title=\"adiem2\" src=\"http:\/\/www.portaldelolleria.es\/wp-content\/uploads\/2018\/10\/adiem2.jpg\" alt=\"\" width=\"598\" height=\"449\" srcset=\"http:\/\/www.portaldelolleria.es\/wp-content\/uploads\/2018\/10\/adiem2.jpg 598w, http:\/\/www.portaldelolleria.es\/wp-content\/uploads\/2018\/10\/adiem2-300x225.jpg 300w\" sizes=\"(max-width: 598px) 100vw, 598px\" \/><\/a><\/p>\n<p style=\"text-align: justify;\">El d\u00eda 11\u00a0 de octubre en l&#8217;Olleria se representar\u00e1 la obra \u201cNO AL ESTIGMA, realizada y protagonizada por usuarios\/as de ADIEM, obra que se lleva representando desde 2016 y que seguimos haci\u00e9ndola para trabajar contra el estigma social asociado a las enfermedades mentales, el precio es de 3\u20ac\u00a0 (1\u20ac xiquets), y se pueden comprar dos semanas antes en la Biblioteca municipal de l&#8217;Olleria, en el Centre de informaci\u00f3n juvenil o en taquilla. La entrada es un donativo para ADIEM.<\/p>\n<p style=\"text-align: justify;\">La Asociaci\u00f3n para la defensa e integraci\u00f3n del enfermo mental (ADIEM) inici\u00f3 su andadura en 1995.<\/p>\n<p style=\"text-align: justify;\">Como suele suceder en el movimiento asociativo, ADIEM nace de las inquietudes un grupo de familiares de personas con enfermedad mental cr\u00f3nica para dar respuesta a las necesidades de este colectivo m\u00e1s all\u00e1 del tratamiento farmacol\u00f3gico y eventualmente hospitalario, en aras de conseguir una mejor integraci\u00f3n en la comunidad, al tiempo que tambi\u00e9n los propios familiares pudieran recibir el apoyo necesario.<\/p>\n<p style=\"text-align: justify;\">_________________________________________<\/p>\n<p style=\"text-align: justify;\"><span style=\"color: #800000;\">El dia 11 d&#8217;octubre a l&#8217;Olleria es representar\u00e0 l&#8217;obra \u00abNO A L&#8217;ESTIGMA, realitzada i protagonitzada per usuaris \/ es de ADIEM, obra que es porta representant des 2016 i que seguim fent-la per treballar contra l&#8217;estigma social associat a les malalties mentals , el preu \u00e9s de 3 \u20ac (1 \u20ac xiquets), i es poden comprar dues setmanes abans a la Biblioteca municipal de l&#8217;Olleria, al Centre d&#8217;informaci\u00f3 juvenil o en taquilla. L&#8217;entrada \u00e9s un donatiu per ADIEM.<\/span><\/p>\n<p><span style=\"color: #800000;\">L&#8217;Associaci\u00f3 per a la defensa i integraci\u00f3 del malalt mental (ADIEM) va iniciar la seva marxa en 1995.<\/span><\/p>\n<p><span style=\"color: #800000;\">Com sol succeir en el moviment associatiu, ADIEM neix de les inquietuds un grup de familiars de persones amb malaltia mental cr\u00f2nica per donar resposta a les necessitats d&#8217;aquest col\u00b7lectiu m\u00e9s enll\u00e0 del tractament farmacol\u00f2gic i eventualment hospitalari, per tal d&#8217;aconseguir una millor integraci\u00f3 en la comunitat, alhora que tamb\u00e9 els propis familiars poguessin rebre el suport necessari.<\/span><\/p>\n<p>&nbsp;<\/p>\n<p><a href=\"http:\/\/www.portaldelolleria.es\/wp-content\/uploads\/2018\/10\/adiem.jpg\"><img loading=\"lazy\" class=\"aligncenter size-full wp-image-21528\" title=\"adiem\" src=\"http:\/\/www.portaldelolleria.es\/wp-content\/uploads\/2018\/10\/adiem.jpg\" alt=\"\" width=\"500\" height=\"708\" srcset=\"http:\/\/www.portaldelolleria.es\/wp-content\/uploads\/2018\/10\/adiem.jpg 500w, http:\/\/www.portaldelolleria.es\/wp-content\/uploads\/2018\/10\/adiem-211x300.jpg 211w\" sizes=\"(max-width: 500px) 100vw, 500px\" \/><\/a><br \/>\n<iframe loading=\"lazy\" src=\"https:\/\/www.youtube.com\/embed\/eRFYC0LEwHM?rel=0\" frameborder=\"0\" width=\"598\" height=\"336\"><\/iframe><\/p>\n","protected":false},"excerpt":{"rendered":"<p>El d\u00eda 11\u00a0 de octubre en l&#8217;Olleria se representar\u00e1 la obra \u201cNO AL ESTIGMA, realizada y protagonizada por usuarios\/as de ADIEM, obra que se lleva representando desde 2016 y que seguimos haci\u00e9ndola para trabajar contra el estigma social asociado a las enfermedades mentales, el precio es de 3\u20ac\u00a0 (1\u20ac xiquets), y se pueden comprar dos [&hellip;]<\/p>\n","protected":false},"author":1,"featured_media":0,"comment_status":"closed","ping_status":"open","sticky":false,"template":"","format":"standard","meta":{"_monsterinsights_skip_tracking":false,"_monsterinsights_sitenote_active":false,"_monsterinsights_sitenote_note":"","_monsterinsights_sitenote_category":0},"categories":[15,12],"tags":[],"_links":{"self":[{"href":"http:\/\/www.portaldelolleria.es\/index.php?rest_route=\/wp\/v2\/posts\/21527"}],"collection":[{"href":"http:\/\/www.portaldelolleria.es\/index.php?rest_route=\/wp\/v2\/posts"}],"about":[{"href":"http:\/\/www.portaldelolleria.es\/index.php?rest_route=\/wp\/v2\/types\/post"}],"author":[{"embeddable":true,"href":"http:\/\/www.portaldelolleria.es\/index.php?rest_route=\/wp\/v2\/users\/1"}],"replies":[{"embeddable":true,"href":"http:\/\/www.portaldelolleria.es\/index.php?rest_route=%2Fwp%2Fv2%2Fcomments&post=21527"}],"version-history":[{"count":2,"href":"http:\/\/www.portaldelolleria.es\/index.php?rest_route=\/wp\/v2\/posts\/21527\/revisions"}],"predecessor-version":[{"id":21549,"href":"http:\/\/www.portaldelolleria.es\/index.php?rest_route=\/wp\/v2\/posts\/21527\/revisions\/21549"}],"wp:attachment":[{"href":"http:\/\/www.portaldelolleria.es\/index.php?rest_route=%2Fwp%2Fv2%2Fmedia&parent=21527"}],"wp:term":[{"taxonomy":"category","embeddable":true,"href":"http:\/\/www.portaldelolleria.es\/index.php?rest_route=%2Fwp%2Fv2%2Fcategories&post=21527"},{"taxonomy":"post_tag","embeddable":true,"href":"http:\/\/www.portaldelolleria.es\/index.php?rest_route=%2Fwp%2Fv2%2Ftags&post=21527"}],"curies":[{"name":"wp","href":"https:\/\/api.w.org\/{rel}","templated":true}]}}