{"id":21545,"date":"2018-10-08T11:25:44","date_gmt":"2018-10-08T09:25:44","guid":{"rendered":"http:\/\/www.portaldelolleria.es\/?p=21545"},"modified":"2018-10-08T11:27:27","modified_gmt":"2018-10-08T09:27:27","slug":"teatre-goya-no-estem-be","status":"publish","type":"post","link":"http:\/\/www.portaldelolleria.es\/?p=21545","title":{"rendered":"Teatre Goya:  \u00abNo estem b\u00e8\u00bb"},"content":{"rendered":"<p style=\"text-align: justify;\"><a href=\"http:\/\/www.portaldelolleria.es\/wp-content\/uploads\/2018\/10\/be.jpg\"><img loading=\"lazy\" class=\"aligncenter size-full wp-image-21546\" title=\"be\" src=\"http:\/\/www.portaldelolleria.es\/wp-content\/uploads\/2018\/10\/be.jpg\" alt=\"\" width=\"598\" height=\"396\" srcset=\"http:\/\/www.portaldelolleria.es\/wp-content\/uploads\/2018\/10\/be.jpg 598w, http:\/\/www.portaldelolleria.es\/wp-content\/uploads\/2018\/10\/be-300x198.jpg 300w\" sizes=\"(max-width: 598px) 100vw, 598px\" \/><\/a><\/p>\n<p style=\"text-align: justify;\">No estem b\u00e8,\u00a0 Teatro Goya, s\u00e1bado 13 de octubre, 20 h<\/p>\n<p style=\"text-align: justify;\">El pr\u00f3ximo s\u00e1bado, 13 de octubre,\u00a0 el Teatro Goya recibe a <strong>Mar\u00eda Juan<\/strong> y <strong>Eug\u00e9ni Alemany<\/strong> que nos presentan\u00a0 \u00ab<strong>No estem b\u00e8<\/strong>\u00ab,\u00a0 una obra cargada de s\u00e1tira a la valenciana en alternar\u00e1n sus mon\u00f3logos y conversaciones mientras debaten sobre aspectos de actualidad y se rasgan las vestiduras. Humor transgresor en un espect\u00e1culo que tambi\u00e9n incluir\u00e1 improvisaci\u00f3n, rifas y otras sorpresas al m\u00e1s puro estilo cabaretero.<\/p>\n<p style=\"text-align: justify;\">Con \u00abNo estem b\u00e8\u00bb Mar\u00eda y Eug\u00e9ni consiguen revolucionar el panorama teatral valenciano al fusionarse, por primera vez, la comedia teatral y el g\u00e9nero del mon\u00f3logo de humor. Los dos referentes valencianos del entretenimiento y la improvisaci\u00f3n en directo juntos, por primera vez, en una funci\u00f3n llena de situaciones divertidas y algunas extremadamente delirantes.<\/p>\n<p style=\"text-align: justify;\">Entrada 3\u20ac.\u00a0 venta de entradas en el Centro de Informaci\u00f3n Juvenil (planta baja ayuntamiento) y Biblioteca Municipal. en taquilla una hora antes<\/p>\n<p style=\"text-align: justify;\">______________________________<\/p>\n<p style=\"text-align: justify;\"><span style=\"color: #800000;\">El proper dissabte\u00a0 13 d&#8217;octubre, el Teatre Goya rep a Maria Joan i Eugeni Alemany que ens presenten \u00abNo estem b\u00e8\u00bb, una obra carregada de s\u00e0tira a la valenciana en alternaran els seus mon\u00f2legs i converses mentre debaten sobre aspectes d&#8217;actualitat i s&#8217;esquincen les vestidures. Humor transgressor en un espectacle que tamb\u00e9 inclour\u00e0 improvisaci\u00f3, rifes i altres sorpreses al m\u00e9s pur estil cabareter.<\/span><\/p>\n<p style=\"text-align: justify;\"><span style=\"color: #800000;\">Amb \u00abNo estem b\u00e8\u00bb Maria i Eugeni aconsegueixen revolucionar el panorama teatral valenci\u00e0 al fusionar-se, per primera vegada, la com\u00e8dia teatral i el g\u00e8nere del mon\u00f2leg d&#8217;humor. Els dos referents valencians de l&#8217;entreteniment i la improvisaci\u00f3 en directe junts, per primera vegada, en una funci\u00f3 plena de situacions divertides i algunes extremadament delirants.<\/span><\/p>\n<p style=\"text-align: justify;\"><span style=\"color: #800000;\">Entrada 3 \u20ac. venda d&#8217;entrades al Centre d&#8217;Informaci\u00f3 Juvenil (planta baixa Ajuntament) i Biblioteca Municipal. a taquilla una hora abans<\/span><\/p>\n<p><iframe loading=\"lazy\" src=\"https:\/\/www.youtube.com\/embed\/pVnd95GRcUE?rel=0\" frameborder=\"0\" width=\"598\" height=\"336\"><\/iframe><\/p>\n","protected":false},"excerpt":{"rendered":"<p>No estem b\u00e8,\u00a0 Teatro Goya, s\u00e1bado 13 de octubre, 20 h El pr\u00f3ximo s\u00e1bado, 13 de octubre,\u00a0 el Teatro Goya recibe a Mar\u00eda Juan y Eug\u00e9ni Alemany que nos presentan\u00a0 \u00abNo estem b\u00e8\u00ab,\u00a0 una obra cargada de s\u00e1tira a la valenciana en alternar\u00e1n sus mon\u00f3logos y conversaciones mientras debaten sobre aspectos de actualidad y se [&hellip;]<\/p>\n","protected":false},"author":1,"featured_media":0,"comment_status":"closed","ping_status":"open","sticky":false,"template":"","format":"standard","meta":{"_monsterinsights_skip_tracking":false,"_monsterinsights_sitenote_active":false,"_monsterinsights_sitenote_note":"","_monsterinsights_sitenote_category":0},"categories":[15,12],"tags":[],"_links":{"self":[{"href":"http:\/\/www.portaldelolleria.es\/index.php?rest_route=\/wp\/v2\/posts\/21545"}],"collection":[{"href":"http:\/\/www.portaldelolleria.es\/index.php?rest_route=\/wp\/v2\/posts"}],"about":[{"href":"http:\/\/www.portaldelolleria.es\/index.php?rest_route=\/wp\/v2\/types\/post"}],"author":[{"embeddable":true,"href":"http:\/\/www.portaldelolleria.es\/index.php?rest_route=\/wp\/v2\/users\/1"}],"replies":[{"embeddable":true,"href":"http:\/\/www.portaldelolleria.es\/index.php?rest_route=%2Fwp%2Fv2%2Fcomments&post=21545"}],"version-history":[{"count":2,"href":"http:\/\/www.portaldelolleria.es\/index.php?rest_route=\/wp\/v2\/posts\/21545\/revisions"}],"predecessor-version":[{"id":21548,"href":"http:\/\/www.portaldelolleria.es\/index.php?rest_route=\/wp\/v2\/posts\/21545\/revisions\/21548"}],"wp:attachment":[{"href":"http:\/\/www.portaldelolleria.es\/index.php?rest_route=%2Fwp%2Fv2%2Fmedia&parent=21545"}],"wp:term":[{"taxonomy":"category","embeddable":true,"href":"http:\/\/www.portaldelolleria.es\/index.php?rest_route=%2Fwp%2Fv2%2Fcategories&post=21545"},{"taxonomy":"post_tag","embeddable":true,"href":"http:\/\/www.portaldelolleria.es\/index.php?rest_route=%2Fwp%2Fv2%2Ftags&post=21545"}],"curies":[{"name":"wp","href":"https:\/\/api.w.org\/{rel}","templated":true}]}}