{"id":21586,"date":"2018-10-16T17:17:29","date_gmt":"2018-10-16T15:17:29","guid":{"rendered":"http:\/\/www.portaldelolleria.es\/?p=21586"},"modified":"2018-10-16T17:17:29","modified_gmt":"2018-10-16T15:17:29","slug":"semana-del-mayor-2018","status":"publish","type":"post","link":"http:\/\/www.portaldelolleria.es\/?p=21586","title":{"rendered":"Semana del Mayor 2018"},"content":{"rendered":"<p><a href=\"http:\/\/www.portaldelolleria.es\/wp-content\/uploads\/2018\/10\/mayores21.jpg\"><img loading=\"lazy\" class=\"aligncenter size-full wp-image-21588\" title=\"mayores2\" src=\"http:\/\/www.portaldelolleria.es\/wp-content\/uploads\/2018\/10\/mayores21.jpg\" alt=\"\" width=\"598\" height=\"398\" srcset=\"http:\/\/www.portaldelolleria.es\/wp-content\/uploads\/2018\/10\/mayores21.jpg 598w, http:\/\/www.portaldelolleria.es\/wp-content\/uploads\/2018\/10\/mayores21-300x199.jpg 300w\" sizes=\"(max-width: 598px) 100vw, 598px\" \/><\/a><\/p>\n<p>&nbsp;<\/p>\n<p>Del 15 al 21 de octubre, l&#8217;Olleria celebra la \u00abSetmana del Major\u00bb que dedica una semana de actividades enfocadas a los m\u00e1s mayores. Como m\u00e1s destacadas : almuerzo diario (baix bra\u00e7),\u00a0 el martes 16 a la 19h chocolatada y baile, miercoles proyecci\u00f3n de un documental, el jueves actuaci\u00f3n de la Rondalla \u00abLoreto Honoratina\u00bb, el viernes \u00absopar\u00bb, s\u00e1bado baile de 18 a 19:30h y el domingo comida de gala tras la misa de las 12h.<\/p>\n<p>________________________<\/p>\n<p><span style=\"color: #800000;\">Del 15 al 21 d&#8217;octubre, l&#8217;Olleria celebra la \u00abSetmana del Major\u00bb que dedica una setmana d&#8217;activitats enfocades als m\u00e9s grans. Com m\u00e9s destacades: dinar diari (Baix bra\u00e7), el dimarts 16 a la 19h xocolatada i ball, dimecres projecci\u00f3 d&#8217;un documental, el dijous actuaci\u00f3 de la Rondalla \u00abLoreto Honoratina\u00bb, el divendres \u00absopar\u00bb, dissabte ball de 18 a 19 : 30h i el diumenge dinar de gala despr\u00e9s de la missa de les 12h.<\/span><\/p>\n","protected":false},"excerpt":{"rendered":"<p>&nbsp; Del 15 al 21 de octubre, l&#8217;Olleria celebra la \u00abSetmana del Major\u00bb que dedica una semana de actividades enfocadas a los m\u00e1s mayores. Como m\u00e1s destacadas : almuerzo diario (baix bra\u00e7),\u00a0 el martes 16 a la 19h chocolatada y baile, miercoles proyecci\u00f3n de un documental, el jueves actuaci\u00f3n de la Rondalla \u00abLoreto Honoratina\u00bb, el [&hellip;]<\/p>\n","protected":false},"author":1,"featured_media":0,"comment_status":"closed","ping_status":"open","sticky":false,"template":"","format":"standard","meta":{"_monsterinsights_skip_tracking":false,"_monsterinsights_sitenote_active":false,"_monsterinsights_sitenote_note":"","_monsterinsights_sitenote_category":0},"categories":[3,12],"tags":[],"_links":{"self":[{"href":"http:\/\/www.portaldelolleria.es\/index.php?rest_route=\/wp\/v2\/posts\/21586"}],"collection":[{"href":"http:\/\/www.portaldelolleria.es\/index.php?rest_route=\/wp\/v2\/posts"}],"about":[{"href":"http:\/\/www.portaldelolleria.es\/index.php?rest_route=\/wp\/v2\/types\/post"}],"author":[{"embeddable":true,"href":"http:\/\/www.portaldelolleria.es\/index.php?rest_route=\/wp\/v2\/users\/1"}],"replies":[{"embeddable":true,"href":"http:\/\/www.portaldelolleria.es\/index.php?rest_route=%2Fwp%2Fv2%2Fcomments&post=21586"}],"version-history":[{"count":2,"href":"http:\/\/www.portaldelolleria.es\/index.php?rest_route=\/wp\/v2\/posts\/21586\/revisions"}],"predecessor-version":[{"id":21597,"href":"http:\/\/www.portaldelolleria.es\/index.php?rest_route=\/wp\/v2\/posts\/21586\/revisions\/21597"}],"wp:attachment":[{"href":"http:\/\/www.portaldelolleria.es\/index.php?rest_route=%2Fwp%2Fv2%2Fmedia&parent=21586"}],"wp:term":[{"taxonomy":"category","embeddable":true,"href":"http:\/\/www.portaldelolleria.es\/index.php?rest_route=%2Fwp%2Fv2%2Fcategories&post=21586"},{"taxonomy":"post_tag","embeddable":true,"href":"http:\/\/www.portaldelolleria.es\/index.php?rest_route=%2Fwp%2Fv2%2Ftags&post=21586"}],"curies":[{"name":"wp","href":"https:\/\/api.w.org\/{rel}","templated":true}]}}